{"id":88749,"date":"2025-06-04T18:51:17","date_gmt":"2025-06-04T21:51:17","guid":{"rendered":"https:\/\/noticiasbahia360.com.br\/?p=88749"},"modified":"2025-06-04T18:51:17","modified_gmt":"2025-06-04T21:51:17","slug":"o-radio-cumprido-seu-papel-pai-reclama-da-falta-de-professor-e-secretario-informa-resolucao","status":"publish","type":"post","link":"https:\/\/noticiasbahia360.com.br\/?p=88749","title":{"rendered":"O r\u00e1dio cumprido seu papel: pai reclama da falta de professor e secret\u00e1rio informa resolu\u00e7\u00e3o"},"content":{"rendered":"<div>\n<div>\n<figure><img decoding=\"async\" src=\"http:\/\/noticiasbahia360.com.br\/wp-content\/uploads\/2025\/06\/pai-reclama-de-falta-de-professor-de-matematica-.jpg\" alt=\"pai reclama de falta de professor de mat\u00e9matica\"><figcaption>Foto: Beatriz Rosado\/Acorda Cidade<\/figcaption><\/figure>\n<\/div>\n<p>Ant\u00f4nio C\u00e9sar da Silva Ferreira foi at\u00e9 o programa Acorda Cidade na manh\u00e3 desta quarta-feira (4) fazer um apelo. Ele \u00e9 pai de um aluno do 8\u00ba ano, que estuda no col\u00e9gio Jos\u00e9 Tavares Carneiro, no <a href=\"https:\/\/www.acordacidade.com.br\/tag\/distrito-de-maria-quiteria\/\">distrito de Maria Quit\u00e9ria<\/a>, em <a href=\"https:\/\/www.acordacidade.com.br\/feira-de-santana\/\">Feira de Santana<\/a>. Segundo o pai, desde o in\u00edcio do ano o filho n\u00e3o tem professor de matem\u00e1tica. Preocupado, ele pediu ajuda ao Acorda Cidade.<\/p>\n<p>\u201cVerificando com meu filho as atividades, ele disse que n\u00e3o teria prova de matem\u00e1tica por falta de professores. Desde o in\u00edcio do ano que n\u00e3o tem professor. Olhei o caderno dele e s\u00f3 tem uma p\u00e1gina de assunto porque o professor n\u00e3o chegou at\u00e9 hoje. Gostaria de saber do prefeito e do secret\u00e1rio de educa\u00e7\u00e3o se existe uma unidade escolar sem a disciplina matem\u00e1tica. Como a crian\u00e7a vai passar de ano sem ter matem\u00e1tica? Meu filho \u00e9 bem desenvolvido, ele gosta de matem\u00e1tica e est\u00e1 sendo prejudicado\u201d, desabafou.<\/p>\n<p>Ant\u00f4nio C\u00e9sar destacou que foi at\u00e9 o programa Acorda Cidade por acreditar que s\u00f3 assim o problema seria resolvido. \u201cAqui tem uma audi\u00eancia muito boa e acredito que a partir de agora eles v\u00e3o tomar uma provid\u00eancia\u201d, disse.<\/p>\n<p>E a resposta veio de imediato. Enquanto Ant\u00f4nio C\u00e9sar estava fazendo a reclama\u00e7\u00e3o, o secret\u00e1rio municipal de Educa\u00e7\u00e3o e vice-prefeito, <a href=\"https:\/\/www.acordacidade.com.br\/tag\/pablo-roberto\/\">Pablo Roberto<\/a>, entrou em contato para informar que na pr\u00f3xima sexta-feira (6) um professor de matem\u00e1tica ser\u00e1 encaminhado para a escola Jos\u00e9 Tavares Carneiro.<\/p>\n<p>O pai do aluno agradeceu e disse que seguir\u00e1 vigilante em prol do direito \u00e0 educa\u00e7\u00e3o do filho. \u201cSe segunda n\u00e3o tiver professor, eu retorno para cobrar\u2019\u2019.<\/p>\n<p>E mais uma vez o r\u00e1dio cumpre seu papel comunit\u00e1rio de ouvir as demandas da popula\u00e7\u00e3o e buscar respostas junto \u00e0s autoridades.<\/p>\n<p><em>Siga o Acorda Cidade no<\/em><a href=\"https:\/\/news.google.com\/search?q=acorda%20cidade&amp;hl=pt-BR&amp;gl=BR&amp;ceid=BR%3Apt-419\"><strong><em>\u00a0Google Not\u00edcias<\/em><\/strong><\/a><em>\u00a0e receba os principais destaques do dia. Participe tamb\u00e9m dos nossos canais no\u00a0<\/em><a href=\"https:\/\/www.whatsapp.com\/channel\/0029Va6Rb4v3WHTNnsh8WI3N\"><strong><em>WhatsApp<\/em><\/strong><\/a><em>\u00a0e\u00a0<\/em><a href=\"https:\/\/www.youtube.com\/@acordacidadenoticias\/videos\"><strong>Youtube<\/strong><\/a><em>\u00a0e grupo de\u00a0<\/em><a href=\"https:\/\/t.me\/+sSz0khrgARA0ZmRh\"><strong><em>Telegram<\/em><\/strong><\/a><em>.<\/em><\/p>\n<\/div>\n","protected":false},"excerpt":{"rendered":"<div>\n<div>\n<figure><img decoding=\"async\" src=\"https:\/\/uploads.acordacidade.com.br\/2025\/06\/pai-reclama-de-falta-de-professor-de-matematica-.jpg\" alt=\"pai reclama de falta de professor de mat\u00e9matica\"><figcaption>Foto: Beatriz Rosado\/Acorda Cidade<\/figcaption><\/figure>\n<\/div>\n<p>Ant\u00f4nio C\u00e9sar destacou que foi at\u00e9 o programa Acorda Cidade por acreditar que s\u00f3 assim o problema seria resolvido.<\/p><\/div>\n","protected":false},"author":1,"featured_media":88750,"comment_status":"closed","ping_status":"closed","sticky":false,"template":"","format":"gallery","meta":{"footnotes":""},"categories":[8,9,6,57,56,10],"tags":[],"class_list":["post-88749","post","type-post","status-publish","format-gallery","has-post-thumbnail","hentry","category-bahia","category-brasil","category-feira-de-santana","category-mundo","category-policia","category-politica","post_format-post-format-gallery"],"featured_image_urls":{"full":["https:\/\/noticiasbahia360.com.br\/wp-content\/uploads\/2025\/06\/pai-reclama-de-falta-de-professor-de-matematica-.jpg",1200,789,false],"thumbnail":["https:\/\/noticiasbahia360.com.br\/wp-content\/uploads\/2025\/06\/pai-reclama-de-falta-de-professor-de-matematica--150x150.jpg",150,150,true],"medium":["https:\/\/noticiasbahia360.com.br\/wp-content\/uploads\/2025\/06\/pai-reclama-de-falta-de-professor-de-matematica--300x197.jpg",300,197,true],"medium_large":["https:\/\/noticiasbahia360.com.br\/wp-content\/uploads\/2025\/06\/pai-reclama-de-falta-de-professor-de-matematica--768x505.jpg",640,421,true],"large":["https:\/\/noticiasbahia360.com.br\/wp-content\/uploads\/2025\/06\/pai-reclama-de-falta-de-professor-de-matematica--1024x673.jpg",640,421,true],"1536x1536":["https:\/\/noticiasbahia360.com.br\/wp-content\/uploads\/2025\/06\/pai-reclama-de-falta-de-professor-de-matematica-.jpg",1200,789,false],"2048x2048":["https:\/\/noticiasbahia360.com.br\/wp-content\/uploads\/2025\/06\/pai-reclama-de-falta-de-professor-de-matematica-.jpg",1200,789,false],"chromenews-featured":["https:\/\/noticiasbahia360.com.br\/wp-content\/uploads\/2025\/06\/pai-reclama-de-falta-de-professor-de-matematica--1024x673.jpg",1024,673,true],"chromenews-large":["https:\/\/noticiasbahia360.com.br\/wp-content\/uploads\/2025\/06\/pai-reclama-de-falta-de-professor-de-matematica--825x575.jpg",825,575,true],"chromenews-medium":["https:\/\/noticiasbahia360.com.br\/wp-content\/uploads\/2025\/06\/pai-reclama-de-falta-de-professor-de-matematica--590x410.jpg",590,410,true]},"author_info":{"display_name":"noticiasbahia360.com.br","author_link":"https:\/\/noticiasbahia360.com.br\/?author=1"},"category_info":"<a href=\"https:\/\/noticiasbahia360.com.br\/?cat=8\" rel=\"category\">Bahia<\/a> <a href=\"https:\/\/noticiasbahia360.com.br\/?cat=9\" rel=\"category\">Brasil<\/a> <a href=\"https:\/\/noticiasbahia360.com.br\/?cat=6\" rel=\"category\">Feira de Santana<\/a> <a href=\"https:\/\/noticiasbahia360.com.br\/?cat=57\" rel=\"category\">Mundo<\/a> <a href=\"https:\/\/noticiasbahia360.com.br\/?cat=56\" rel=\"category\">Pol\u00edcia<\/a> <a href=\"https:\/\/noticiasbahia360.com.br\/?cat=10\" rel=\"category\">Pol\u00edtica<\/a>","tag_info":"Pol\u00edtica","comment_count":"0","_links":{"self":[{"href":"https:\/\/noticiasbahia360.com.br\/index.php?rest_route=\/wp\/v2\/posts\/88749","targetHints":{"allow":["GET"]}}],"collection":[{"href":"https:\/\/noticiasbahia360.com.br\/index.php?rest_route=\/wp\/v2\/posts"}],"about":[{"href":"https:\/\/noticiasbahia360.com.br\/index.php?rest_route=\/wp\/v2\/types\/post"}],"author":[{"embeddable":true,"href":"https:\/\/noticiasbahia360.com.br\/index.php?rest_route=\/wp\/v2\/users\/1"}],"replies":[{"embeddable":true,"href":"https:\/\/noticiasbahia360.com.br\/index.php?rest_route=%2Fwp%2Fv2%2Fcomments&post=88749"}],"version-history":[{"count":0,"href":"https:\/\/noticiasbahia360.com.br\/index.php?rest_route=\/wp\/v2\/posts\/88749\/revisions"}],"wp:featuredmedia":[{"embeddable":true,"href":"https:\/\/noticiasbahia360.com.br\/index.php?rest_route=\/wp\/v2\/media\/88750"}],"wp:attachment":[{"href":"https:\/\/noticiasbahia360.com.br\/index.php?rest_route=%2Fwp%2Fv2%2Fmedia&parent=88749"}],"wp:term":[{"taxonomy":"category","embeddable":true,"href":"https:\/\/noticiasbahia360.com.br\/index.php?rest_route=%2Fwp%2Fv2%2Fcategories&post=88749"},{"taxonomy":"post_tag","embeddable":true,"href":"https:\/\/noticiasbahia360.com.br\/index.php?rest_route=%2Fwp%2Fv2%2Ftags&post=88749"}],"curies":[{"name":"wp","href":"https:\/\/api.w.org\/{rel}","templated":true}]}}