{"id":88751,"date":"2025-06-04T18:57:18","date_gmt":"2025-06-04T21:57:18","guid":{"rendered":"https:\/\/noticiasbahia360.com.br\/?p=88751"},"modified":"2025-06-04T18:57:18","modified_gmt":"2025-06-04T21:57:18","slug":"criancas-da-escola-asas-de-papel-visitam-o-paco-municipal-maria-quiteria","status":"publish","type":"post","link":"https:\/\/noticiasbahia360.com.br\/?p=88751","title":{"rendered":"Crian\u00e7as da Escola Asas de Papel visitam o Pa\u00e7o Municipal Maria Quit\u00e9ria"},"content":{"rendered":"<div>\n<div>\n<figure><img decoding=\"async\" src=\"http:\/\/noticiasbahia360.com.br\/wp-content\/uploads\/2025\/06\/OEtgGtLi-Criancas-visitam-o-Paco-Municipal-1.webp\" alt=\"Crian\u00e7as visitam o Pa\u00e7o Municipal\"><figcaption>Foto: Rafael Campos<\/figcaption><\/figure>\n<\/div>\n<p>Inaugurado h\u00e1 quase um s\u00e9culo, o hist\u00f3rico pr\u00e9dio do <a href=\"https:\/\/www.acordacidade.com.br\/tag\/prefeitura-de-feira\/\">Pa\u00e7o Municipal Maria Quit\u00e9ria<\/a>, localizado no encontro das avenidas Senhor dos Passos e Get\u00falio Vargas, despertou, na tarde de ter\u00e7a-feira (3), o interesse de cerca de 50 crian\u00e7as, estudantes da Escola Asas de Papel, que visitaram o local para conhecer sua hist\u00f3ria e estrutura.<\/p>\n<figure class=\"wp-block-image size-large\"><img fetchpriority=\"high\" data-dominant-color=\"5f524e\" data-has-transparency=\"false\" style=\"--dominant-color: #5f524e;\" fetchpriority=\"high\" decoding=\"async\" width=\"1041\" height=\"768\" sizes=\"(max-width: 1041px) 100vw, 1041px\" src=\"http:\/\/noticiasbahia360.com.br\/wp-content\/uploads\/2025\/06\/Ao4Ckv0w-Criancas-visitam-o-Paco-Municipal-1041x768-1.webp\" alt=\"Crian\u00e7as visitam o Pa\u00e7o Municipal\" class=\"wp-image-562184 not-transparent\" srcset=\"https:\/\/uploads.acordacidade.com.br\/2025\/06\/Ao4Ckv0w-Criancas-visitam-o-Paco-Municipal--495x365.webp 495w, http:\/\/noticiasbahia360.com.br\/wp-content\/uploads\/2025\/06\/Ao4Ckv0w-Criancas-visitam-o-Paco-Municipal-1041x768-1.webp 1041w, https:\/\/uploads.acordacidade.com.br\/2025\/06\/Ao4Ckv0w-Criancas-visitam-o-Paco-Municipal--750x553.webp 750w, https:\/\/uploads.acordacidade.com.br\/2025\/06\/Ao4Ckv0w-Criancas-visitam-o-Paco-Municipal--150x111.webp 150w, https:\/\/uploads.acordacidade.com.br\/2025\/06\/Ao4Ckv0w-Criancas-visitam-o-Paco-Municipal-.webp 1200w\"><figcaption class=\"wp-element-caption\">Foto: Rafael Campos<\/figcaption><\/figure>\n<p>Al\u00e9m de explorar as instala\u00e7\u00f5es do pr\u00e9dio, constru\u00eddo entre 1921 e 1926 \u2014 per\u00edodo que compreende as gest\u00f5es dos intendentes Bernardino da Silva Bahia e Arnold Ferreira da Silva \u2014, os alunos tamb\u00e9m tiveram a oportunidade de conversar com o prefeito Jos\u00e9 Ronaldo durante uma visita ao seu gabinete.<\/p>\n<figure class=\"wp-block-image size-large\"><img data-dominant-color=\"5c6071\" data-has-transparency=\"false\" style=\"--dominant-color: #5c6071;\" decoding=\"async\" width=\"1153\" height=\"768\" sizes=\"(max-width: 1153px) 100vw, 1153px\" src=\"http:\/\/noticiasbahia360.com.br\/wp-content\/uploads\/2025\/06\/a1e6FsRT-Criancas-visitam-o-Paco-Municipal-1153x768-1.webp\" alt=\"Crian\u00e7as visitam o Pa\u00e7o Municipal\" class=\"wp-image-562185 not-transparent\" srcset=\"https:\/\/uploads.acordacidade.com.br\/2025\/06\/a1e6FsRT-Criancas-visitam-o-Paco-Municipal-548x365.webp 548w, http:\/\/noticiasbahia360.com.br\/wp-content\/uploads\/2025\/06\/a1e6FsRT-Criancas-visitam-o-Paco-Municipal-1153x768-1.webp 1153w, https:\/\/uploads.acordacidade.com.br\/2025\/06\/a1e6FsRT-Criancas-visitam-o-Paco-Municipal-831x553.webp 831w, https:\/\/uploads.acordacidade.com.br\/2025\/06\/a1e6FsRT-Criancas-visitam-o-Paco-Municipal-150x100.webp 150w, https:\/\/uploads.acordacidade.com.br\/2025\/06\/a1e6FsRT-Criancas-visitam-o-Paco-Municipal.webp 1200w\"><figcaption class=\"wp-element-caption\">Foto: Rafael Campos<\/figcaption><\/figure>\n<p>A supervisora pedag\u00f3gica Rosane Lopes destacou que a atividade integra o projeto escolar Sert\u00e3o Feira, voltado para o fortalecimento do sentimento de pertencimento das crian\u00e7as \u00e0 cidade de Feira de Santana. \u201cEles estudam a economia, a cultura e os aspectos sociais do munic\u00edpio. Essa visita \u00e9 uma forma de aproxim\u00e1-los da hist\u00f3ria viva da cidade\u201d, afirmou.<\/p>\n<p>Com informa\u00e7\u00f5es da Secretaria Municipal de Comunica\u00e7\u00e3o Social (Secom)<\/p>\n<p><em>Siga o Acorda Cidade no<\/em><a href=\"https:\/\/news.google.com\/search?q=acorda%20cidade&amp;hl=pt-BR&amp;gl=BR&amp;ceid=BR%3Apt-419\"><strong><em>\u00a0Google Not\u00edcias<\/em><\/strong><\/a><em>\u00a0e receba os principais destaques do dia. Participe tamb\u00e9m dos nossos canais no\u00a0<\/em><a href=\"https:\/\/whatsapp.com\/channel\/0029Va6Rb4v3WHTNnsh8WI3N\"><strong><em>WhatsApp<\/em><\/strong><\/a><em>\u00a0e\u00a0<\/em><a href=\"https:\/\/www.youtube.com\/@acordacidadenoticias\/videos\"><strong>Youtube<\/strong><\/a><em>\u00a0e grupo de\u00a0<\/em><a href=\"https:\/\/t.me\/+sSz0khrgARA0ZmRh\"><strong><em>Telegram<\/em><\/strong><\/a><em>.<\/em><\/p>\n<\/div>\n","protected":false},"excerpt":{"rendered":"<div>\n<div>\n<figure><img decoding=\"async\" src=\"https:\/\/uploads.acordacidade.com.br\/2025\/06\/OEtgGtLi-Criancas-visitam-o-Paco-Municipal-1.webp\" alt=\"Crian\u00e7as visitam o Pa\u00e7o Municipal\"><figcaption>Foto: Rafael Campos<\/figcaption><\/figure>\n<\/div>\n<p>Atividade integra o projeto escolar Sert\u00e3o Feira, voltado para o fortalecimento do sentimento de pertencimento.<\/p><\/div>\n","protected":false},"author":1,"featured_media":88752,"comment_status":"closed","ping_status":"closed","sticky":false,"template":"","format":"gallery","meta":{"footnotes":""},"categories":[8,9,6,57,56,10],"tags":[],"class_list":["post-88751","post","type-post","status-publish","format-gallery","has-post-thumbnail","hentry","category-bahia","category-brasil","category-feira-de-santana","category-mundo","category-policia","category-politica","post_format-post-format-gallery"],"featured_image_urls":{"full":["https:\/\/noticiasbahia360.com.br\/wp-content\/uploads\/2025\/06\/OEtgGtLi-Criancas-visitam-o-Paco-Municipal-1.webp",1200,780,false],"thumbnail":["https:\/\/noticiasbahia360.com.br\/wp-content\/uploads\/2025\/06\/OEtgGtLi-Criancas-visitam-o-Paco-Municipal-1-150x150.webp",150,150,true],"medium":["https:\/\/noticiasbahia360.com.br\/wp-content\/uploads\/2025\/06\/OEtgGtLi-Criancas-visitam-o-Paco-Municipal-1-300x195.webp",300,195,true],"medium_large":["https:\/\/noticiasbahia360.com.br\/wp-content\/uploads\/2025\/06\/OEtgGtLi-Criancas-visitam-o-Paco-Municipal-1-768x499.webp",640,416,true],"large":["https:\/\/noticiasbahia360.com.br\/wp-content\/uploads\/2025\/06\/OEtgGtLi-Criancas-visitam-o-Paco-Municipal-1-1024x666.webp",640,416,true],"1536x1536":["https:\/\/noticiasbahia360.com.br\/wp-content\/uploads\/2025\/06\/OEtgGtLi-Criancas-visitam-o-Paco-Municipal-1.webp",1200,780,false],"2048x2048":["https:\/\/noticiasbahia360.com.br\/wp-content\/uploads\/2025\/06\/OEtgGtLi-Criancas-visitam-o-Paco-Municipal-1.webp",1200,780,false],"chromenews-featured":["https:\/\/noticiasbahia360.com.br\/wp-content\/uploads\/2025\/06\/OEtgGtLi-Criancas-visitam-o-Paco-Municipal-1-1024x666.webp",1024,666,true],"chromenews-large":["https:\/\/noticiasbahia360.com.br\/wp-content\/uploads\/2025\/06\/OEtgGtLi-Criancas-visitam-o-Paco-Municipal-1-825x575.webp",825,575,true],"chromenews-medium":["https:\/\/noticiasbahia360.com.br\/wp-content\/uploads\/2025\/06\/OEtgGtLi-Criancas-visitam-o-Paco-Municipal-1-590x410.webp",590,410,true]},"author_info":{"display_name":"noticiasbahia360.com.br","author_link":"https:\/\/noticiasbahia360.com.br\/?author=1"},"category_info":"<a href=\"https:\/\/noticiasbahia360.com.br\/?cat=8\" rel=\"category\">Bahia<\/a> <a href=\"https:\/\/noticiasbahia360.com.br\/?cat=9\" rel=\"category\">Brasil<\/a> <a href=\"https:\/\/noticiasbahia360.com.br\/?cat=6\" rel=\"category\">Feira de Santana<\/a> <a href=\"https:\/\/noticiasbahia360.com.br\/?cat=57\" rel=\"category\">Mundo<\/a> <a href=\"https:\/\/noticiasbahia360.com.br\/?cat=56\" rel=\"category\">Pol\u00edcia<\/a> <a href=\"https:\/\/noticiasbahia360.com.br\/?cat=10\" rel=\"category\">Pol\u00edtica<\/a>","tag_info":"Pol\u00edtica","comment_count":"0","_links":{"self":[{"href":"https:\/\/noticiasbahia360.com.br\/index.php?rest_route=\/wp\/v2\/posts\/88751","targetHints":{"allow":["GET"]}}],"collection":[{"href":"https:\/\/noticiasbahia360.com.br\/index.php?rest_route=\/wp\/v2\/posts"}],"about":[{"href":"https:\/\/noticiasbahia360.com.br\/index.php?rest_route=\/wp\/v2\/types\/post"}],"author":[{"embeddable":true,"href":"https:\/\/noticiasbahia360.com.br\/index.php?rest_route=\/wp\/v2\/users\/1"}],"replies":[{"embeddable":true,"href":"https:\/\/noticiasbahia360.com.br\/index.php?rest_route=%2Fwp%2Fv2%2Fcomments&post=88751"}],"version-history":[{"count":0,"href":"https:\/\/noticiasbahia360.com.br\/index.php?rest_route=\/wp\/v2\/posts\/88751\/revisions"}],"wp:featuredmedia":[{"embeddable":true,"href":"https:\/\/noticiasbahia360.com.br\/index.php?rest_route=\/wp\/v2\/media\/88752"}],"wp:attachment":[{"href":"https:\/\/noticiasbahia360.com.br\/index.php?rest_route=%2Fwp%2Fv2%2Fmedia&parent=88751"}],"wp:term":[{"taxonomy":"category","embeddable":true,"href":"https:\/\/noticiasbahia360.com.br\/index.php?rest_route=%2Fwp%2Fv2%2Fcategories&post=88751"},{"taxonomy":"post_tag","embeddable":true,"href":"https:\/\/noticiasbahia360.com.br\/index.php?rest_route=%2Fwp%2Fv2%2Ftags&post=88751"}],"curies":[{"name":"wp","href":"https:\/\/api.w.org\/{rel}","templated":true}]}}