{"id":88755,"date":"2025-06-04T19:05:14","date_gmt":"2025-06-04T22:05:14","guid":{"rendered":"https:\/\/noticiasbahia360.com.br\/?p=88755"},"modified":"2025-06-04T19:05:14","modified_gmt":"2025-06-04T22:05:14","slug":"nomeacao-de-ex-detento-para-cargo-em-presidio-da-bahia-gera-acao-judicial-e-criticas-na-alba","status":"publish","type":"post","link":"https:\/\/noticiasbahia360.com.br\/?p=88755","title":{"rendered":"Nomea\u00e7\u00e3o de ex-detento para cargo em pres\u00eddio da Bahia gera a\u00e7\u00e3o judicial e cr\u00edticas na Alba"},"content":{"rendered":"<div>\n<div>\n<figure><img decoding=\"async\" src=\"http:\/\/noticiasbahia360.com.br\/wp-content\/uploads\/2025\/06\/Bl9HrkRr-Alba.webp\" alt=\"deputado Leandro de Jesus\"><figcaption>Foto: Divulga\u00e7\u00e3o<\/figcaption><\/figure>\n<\/div>\n<p>A nomea\u00e7\u00e3o de\u00a0<strong>S\u00e1tiro Cerqueira J\u00fanior para o cargo de diretor-adjunto<\/strong>\u00a0do Conjunto Penal de Salvador I gerou pol\u00eamica e provocou uma rea\u00e7\u00e3o imediata na Assembleia Legislativa da Bahia. O deputado estadual Leandro de Jesus (PL) protocolou uma a\u00e7\u00e3o popular na Justi\u00e7a visando barrar a nomea\u00e7\u00e3o, alegando incompatibilidade do nomeado com os crit\u00e9rios legais e morais exigidos para o exerc\u00edcio da fun\u00e7\u00e3o.<\/p>\n<p>S\u00e1tiro foi nomeado no \u00faltimo dia 28 de maio pelo governador Jer\u00f4nimo Rodrigues (PT). Servidor da Secretaria de Administra\u00e7\u00e3o Penitenci\u00e1ria desde 2015, ele j\u00e1 atuava na mesma unidade prisional em que foi detido, em agosto de 2019, ap\u00f3s ser preso em flagrante por tentativa de homic\u00eddio. A den\u00fancia formal contra ele, que ainda tramita na Justi\u00e7a, inclui acusa\u00e7\u00f5es de homic\u00eddio por motivo f\u00fatil, homic\u00eddio \u00e0 trai\u00e7\u00e3o e crime tentado.<\/p>\n<p>Segundo o parlamentar, a nomea\u00e7\u00e3o fere diretamente o princ\u00edpio da idoneidade moral, previsto na Lei de Execu\u00e7\u00e3o Penal (Lei n\u00ba 7.210\/1984) como requisito b\u00e1sico para o exerc\u00edcio de cargos de dire\u00e7\u00e3o em estabelecimentos prisionais. \u201c\u00c9 inadmiss\u00edvel que o governador nomeie para um posto que requer reputa\u00e7\u00e3o ilibada algu\u00e9m que responde por uma tentativa de homic\u00eddio. Este \u00e9 o cen\u00e1rio da Bahia do PT, reflexo dos anos de inseguran\u00e7a que vivemos\u201d, afirmou Leandro.<\/p>\n<p>O crime pelo qual S\u00e1tiro responde teria ocorrido ap\u00f3s uma discuss\u00e3o com um vizinho sobre o volume de som, no bairro de Fazenda Grande do Retiro, em Salvador. A pris\u00e3o em flagrante foi convertida em pris\u00e3o preventiva no dia seguinte, durante audi\u00eancia de cust\u00f3dia.<\/p>\n<p>Na fun\u00e7\u00e3o de diretor-adjunto, S\u00e1tiro teria a responsabilidade de auxiliar na gest\u00e3o do Conjunto Penal de Salvador, colaborando na organiza\u00e7\u00e3o, manuten\u00e7\u00e3o da ordem e seguran\u00e7a da unidade. A indica\u00e7\u00e3o tem gerado controv\u00e9rsia por envolver um servidor com hist\u00f3rico judicial em aberto, atuando justamente no sistema penitenci\u00e1rio.<\/p>\n<p><em>Fonte: <a href=\"https:\/\/www.bahianoticias.com.br\/noticia\/305348-nomeacao-de-ex-detento-para-cargo-em-presidio-da-bahia-gera-acao-judicial-e-criticas-na-assembleia-legislativa\" target=\"_blank\" rel=\"noreferrer noopener\">Bahia Not\u00edcias<\/a><\/em><\/p>\n<p><em>Siga o Acorda Cidade no<\/em><a href=\"https:\/\/news.google.com\/search?q=acorda%20cidade&amp;hl=pt-BR&amp;gl=BR&amp;ceid=BR%3Apt-419\"><strong><em>\u00a0Google Not\u00edcias<\/em><\/strong><\/a><em>\u00a0e receba os principais destaques do dia. Participe tamb\u00e9m dos nossos canais no\u00a0<\/em><a href=\"https:\/\/whatsapp.com\/channel\/0029Va6Rb4v3WHTNnsh8WI3N\"><strong><em>WhatsApp<\/em><\/strong><\/a><em>\u00a0e\u00a0<\/em><a href=\"https:\/\/www.youtube.com\/@acordacidadenoticias\/videos\"><strong>Youtube<\/strong><\/a><em>\u00a0e grupo de\u00a0<\/em><a href=\"https:\/\/t.me\/+sSz0khrgARA0ZmRh\"><strong><em>Telegram<\/em><\/strong><\/a><em>.<\/em><\/p>\n<\/div>\n","protected":false},"excerpt":{"rendered":"<div>\n<div>\n<figure><img decoding=\"async\" src=\"https:\/\/uploads.acordacidade.com.br\/2025\/06\/Bl9HrkRr-Alba.webp\" alt=\"deputado Leandro de Jesus\"><figcaption>Foto: Divulga\u00e7\u00e3o<\/figcaption><\/figure>\n<\/div>\n<p>Na fun\u00e7\u00e3o de diretor-adjunto, S\u00e1tiro teria a responsabilidade de auxiliar na gest\u00e3o do Conjunto Penal de Salvador.<\/p><\/div>\n","protected":false},"author":1,"featured_media":88756,"comment_status":"closed","ping_status":"closed","sticky":false,"template":"","format":"gallery","meta":{"footnotes":""},"categories":[8,9,6,57,56,10],"tags":[],"class_list":["post-88755","post","type-post","status-publish","format-gallery","has-post-thumbnail","hentry","category-bahia","category-brasil","category-feira-de-santana","category-mundo","category-policia","category-politica","post_format-post-format-gallery"],"featured_image_urls":{"full":["https:\/\/noticiasbahia360.com.br\/wp-content\/uploads\/2025\/06\/Bl9HrkRr-Alba.webp",1200,630,false],"thumbnail":["https:\/\/noticiasbahia360.com.br\/wp-content\/uploads\/2025\/06\/Bl9HrkRr-Alba-150x150.webp",150,150,true],"medium":["https:\/\/noticiasbahia360.com.br\/wp-content\/uploads\/2025\/06\/Bl9HrkRr-Alba-300x158.webp",300,158,true],"medium_large":["https:\/\/noticiasbahia360.com.br\/wp-content\/uploads\/2025\/06\/Bl9HrkRr-Alba-768x403.webp",640,336,true],"large":["https:\/\/noticiasbahia360.com.br\/wp-content\/uploads\/2025\/06\/Bl9HrkRr-Alba-1024x538.webp",640,336,true],"1536x1536":["https:\/\/noticiasbahia360.com.br\/wp-content\/uploads\/2025\/06\/Bl9HrkRr-Alba.webp",1200,630,false],"2048x2048":["https:\/\/noticiasbahia360.com.br\/wp-content\/uploads\/2025\/06\/Bl9HrkRr-Alba.webp",1200,630,false],"chromenews-featured":["https:\/\/noticiasbahia360.com.br\/wp-content\/uploads\/2025\/06\/Bl9HrkRr-Alba-1024x538.webp",1024,538,true],"chromenews-large":["https:\/\/noticiasbahia360.com.br\/wp-content\/uploads\/2025\/06\/Bl9HrkRr-Alba-825x575.webp",825,575,true],"chromenews-medium":["https:\/\/noticiasbahia360.com.br\/wp-content\/uploads\/2025\/06\/Bl9HrkRr-Alba-590x410.webp",590,410,true]},"author_info":{"display_name":"noticiasbahia360.com.br","author_link":"https:\/\/noticiasbahia360.com.br\/?author=1"},"category_info":"<a href=\"https:\/\/noticiasbahia360.com.br\/?cat=8\" rel=\"category\">Bahia<\/a> <a href=\"https:\/\/noticiasbahia360.com.br\/?cat=9\" rel=\"category\">Brasil<\/a> <a href=\"https:\/\/noticiasbahia360.com.br\/?cat=6\" rel=\"category\">Feira de Santana<\/a> <a href=\"https:\/\/noticiasbahia360.com.br\/?cat=57\" rel=\"category\">Mundo<\/a> <a href=\"https:\/\/noticiasbahia360.com.br\/?cat=56\" rel=\"category\">Pol\u00edcia<\/a> <a href=\"https:\/\/noticiasbahia360.com.br\/?cat=10\" rel=\"category\">Pol\u00edtica<\/a>","tag_info":"Pol\u00edtica","comment_count":"0","_links":{"self":[{"href":"https:\/\/noticiasbahia360.com.br\/index.php?rest_route=\/wp\/v2\/posts\/88755","targetHints":{"allow":["GET"]}}],"collection":[{"href":"https:\/\/noticiasbahia360.com.br\/index.php?rest_route=\/wp\/v2\/posts"}],"about":[{"href":"https:\/\/noticiasbahia360.com.br\/index.php?rest_route=\/wp\/v2\/types\/post"}],"author":[{"embeddable":true,"href":"https:\/\/noticiasbahia360.com.br\/index.php?rest_route=\/wp\/v2\/users\/1"}],"replies":[{"embeddable":true,"href":"https:\/\/noticiasbahia360.com.br\/index.php?rest_route=%2Fwp%2Fv2%2Fcomments&post=88755"}],"version-history":[{"count":0,"href":"https:\/\/noticiasbahia360.com.br\/index.php?rest_route=\/wp\/v2\/posts\/88755\/revisions"}],"wp:featuredmedia":[{"embeddable":true,"href":"https:\/\/noticiasbahia360.com.br\/index.php?rest_route=\/wp\/v2\/media\/88756"}],"wp:attachment":[{"href":"https:\/\/noticiasbahia360.com.br\/index.php?rest_route=%2Fwp%2Fv2%2Fmedia&parent=88755"}],"wp:term":[{"taxonomy":"category","embeddable":true,"href":"https:\/\/noticiasbahia360.com.br\/index.php?rest_route=%2Fwp%2Fv2%2Fcategories&post=88755"},{"taxonomy":"post_tag","embeddable":true,"href":"https:\/\/noticiasbahia360.com.br\/index.php?rest_route=%2Fwp%2Fv2%2Ftags&post=88755"}],"curies":[{"name":"wp","href":"https:\/\/api.w.org\/{rel}","templated":true}]}}