{"id":88757,"date":"2025-06-04T19:16:27","date_gmt":"2025-06-04T22:16:27","guid":{"rendered":"https:\/\/noticiasbahia360.com.br\/?p=88757"},"modified":"2025-06-04T19:16:27","modified_gmt":"2025-06-04T22:16:27","slug":"feira-de-santana-tera-nucleo-especializado-de-atendimento-ao-idoso","status":"publish","type":"post","link":"https:\/\/noticiasbahia360.com.br\/?p=88757","title":{"rendered":"Feira de Santana ter\u00e1 N\u00facleo Especializado de Atendimento ao Idoso"},"content":{"rendered":"<div>\n<div>\n<figure><img decoding=\"async\" src=\"http:\/\/noticiasbahia360.com.br\/wp-content\/uploads\/2025\/06\/saszkeFK-Silvio-Dias-Marcelo-Werner-e-delegado.webp\" alt=\"Silvio Dias - Feira de Santana ter\u00e1 N\u00facleo Especializado de Atendimento ao Idoso\"><figcaption>Foto: Divulga\u00e7\u00e3o<\/figcaption><\/figure>\n<\/div>\n<p>Atendendo ao pedido do vereador Silvio Dias (PT), Feira de Santana ser\u00e1 contemplada com um N\u00facleo Especializado de Atendimento ao Idoso. O an\u00fancio foi feito pelo secret\u00e1rio da Seguran\u00e7a P\u00fablica do Estado, Marcelo Werner, na ter\u00e7a-feira (3). O equipamento ir\u00e1 fortalecer a rede de defesa e prote\u00e7\u00e3o da pessoa idosa, contribuindo para o combate \u00e0 viol\u00eancia e para a garantia de direitos aos indiv\u00edduos mais vulner\u00e1veis.<\/p>\n<p>A solicita\u00e7\u00e3o de implanta\u00e7\u00e3o do equipamento foi apresentada pelo vereador durante reuni\u00e3o com o governador da Bahia, Jer\u00f4nimo Rodrigues (PT), o secret\u00e1rio da Seguran\u00e7a P\u00fablica, Marcelo Werner, e o diretor-geral da Pol\u00edcia Civil, delegado Andr\u00e9 Viana.<\/p>\n<figure class=\"wp-block-image size-full\"><img fetchpriority=\"high\" data-dominant-color=\"969791\" data-has-transparency=\"false\" style=\"--dominant-color: #969791;\" decoding=\"async\" width=\"1200\" height=\"760\" sizes=\"(max-width: 1200px) 100vw, 1200px\" src=\"http:\/\/noticiasbahia360.com.br\/wp-content\/uploads\/2025\/06\/unRO0Ecv-Silvio-Dias.webp\" alt=\"Silvio Dias - Vereador - Feira de Santana ter\u00e1 N\u00facleo Especializado de Atendimento ao Idoso\" class=\"wp-image-562192 not-transparent\" srcset=\"https:\/\/uploads.acordacidade.com.br\/2025\/06\/unRO0Ecv-Silvio-Dias-576x365.webp 576w, https:\/\/uploads.acordacidade.com.br\/2025\/06\/unRO0Ecv-Silvio-Dias-873x553.webp 873w, https:\/\/uploads.acordacidade.com.br\/2025\/06\/unRO0Ecv-Silvio-Dias-150x95.webp 150w, http:\/\/noticiasbahia360.com.br\/wp-content\/uploads\/2025\/06\/unRO0Ecv-Silvio-Dias.webp 1200w\"><figcaption class=\"wp-element-caption\">Foto: Divulga\u00e7\u00e3o\/CMFS<\/figcaption><\/figure>\n<p>\u201cQuase 13% da popula\u00e7\u00e3o total de Feira de Santana \u00e9 composta por pessoas acima de 60 anos, o que representa um aumento consider\u00e1vel do envelhecimento da popula\u00e7\u00e3o local. A instala\u00e7\u00e3o de uma unidade policial especializada na cidade ir\u00e1 garantir um espa\u00e7o distinto e diferenciado para o acolhimento, orienta\u00e7\u00e3o, registro de queixas e den\u00fancias para os idosos\u201d, justificou o vereador, que preside a Comiss\u00e3o de Repara\u00e7\u00e3o, Direitos Humanos, Defesa do Consumidor e Prote\u00e7\u00e3o \u00e0 Mulheres da C\u00e2mara Municipal de Feira de Santana.<\/p>\n<p>O secret\u00e1rio Marcelo Werner parabenizou a atua\u00e7\u00e3o do vereador, em especial junto \u00e0s quest\u00f5es relacionadas \u00e0 seguran\u00e7a p\u00fablica. Segundo Werner, ser\u00e1 iniciado o estudo para an\u00e1lise da viabiliza\u00e7\u00e3o de implanta\u00e7\u00e3o do N\u00facleo Especializado, e posteriormente a cria\u00e7\u00e3o de uma lei para efetiva implanta\u00e7\u00e3o da Delegacia do Idoso em Feira de Santana.<\/p>\n<p><em>Siga o Acorda Cidade no<\/em><a href=\"https:\/\/news.google.com\/search?q=acorda%20cidade&amp;hl=pt-BR&amp;gl=BR&amp;ceid=BR%3Apt-419\"><strong><em>\u00a0Google Not\u00edcias<\/em><\/strong><\/a><em>\u00a0e receba os principais destaques do dia. Participe tamb\u00e9m dos nossos canais no\u00a0<\/em><a href=\"https:\/\/whatsapp.com\/channel\/0029Va6Rb4v3WHTNnsh8WI3N\"><strong><em>WhatsApp<\/em><\/strong><\/a><em>\u00a0e\u00a0<\/em><a href=\"https:\/\/www.youtube.com\/@acordacidadenoticias\/videos\"><strong>Youtube<\/strong><\/a><em>\u00a0e grupo de\u00a0<\/em><a href=\"https:\/\/t.me\/+sSz0khrgARA0ZmRh\"><strong><em>Telegram<\/em><\/strong><\/a><em>.<\/em><\/p>\n<\/div>\n","protected":false},"excerpt":{"rendered":"<div>\n<div>\n<figure><img decoding=\"async\" src=\"https:\/\/uploads.acordacidade.com.br\/2025\/06\/saszkeFK-Silvio-Dias-Marcelo-Werner-e-delegado.webp\" alt=\"Silvio Dias - Feira de Santana ter\u00e1 N\u00facleo Especializado de Atendimento ao Idoso\"><figcaption>Foto: Divulga\u00e7\u00e3o<\/figcaption><\/figure>\n<\/div>\n<p>O equipamento ir\u00e1 fortalecer a rede de defesa e prote\u00e7\u00e3o da pessoa idosa, contribuindo para o combate \u00e0 viol\u00eancia.<\/p><\/div>\n","protected":false},"author":1,"featured_media":88758,"comment_status":"closed","ping_status":"closed","sticky":false,"template":"","format":"gallery","meta":{"footnotes":""},"categories":[8,9,6,57,56,10],"tags":[],"class_list":["post-88757","post","type-post","status-publish","format-gallery","has-post-thumbnail","hentry","category-bahia","category-brasil","category-feira-de-santana","category-mundo","category-policia","category-politica","post_format-post-format-gallery"],"featured_image_urls":{"full":["https:\/\/noticiasbahia360.com.br\/wp-content\/uploads\/2025\/06\/saszkeFK-Silvio-Dias-Marcelo-Werner-e-delegado.webp",1200,914,false],"thumbnail":["https:\/\/noticiasbahia360.com.br\/wp-content\/uploads\/2025\/06\/saszkeFK-Silvio-Dias-Marcelo-Werner-e-delegado-150x150.webp",150,150,true],"medium":["https:\/\/noticiasbahia360.com.br\/wp-content\/uploads\/2025\/06\/saszkeFK-Silvio-Dias-Marcelo-Werner-e-delegado-300x229.webp",300,229,true],"medium_large":["https:\/\/noticiasbahia360.com.br\/wp-content\/uploads\/2025\/06\/saszkeFK-Silvio-Dias-Marcelo-Werner-e-delegado-768x585.webp",640,488,true],"large":["https:\/\/noticiasbahia360.com.br\/wp-content\/uploads\/2025\/06\/saszkeFK-Silvio-Dias-Marcelo-Werner-e-delegado-1024x780.webp",640,488,true],"1536x1536":["https:\/\/noticiasbahia360.com.br\/wp-content\/uploads\/2025\/06\/saszkeFK-Silvio-Dias-Marcelo-Werner-e-delegado.webp",1200,914,false],"2048x2048":["https:\/\/noticiasbahia360.com.br\/wp-content\/uploads\/2025\/06\/saszkeFK-Silvio-Dias-Marcelo-Werner-e-delegado.webp",1200,914,false],"chromenews-featured":["https:\/\/noticiasbahia360.com.br\/wp-content\/uploads\/2025\/06\/saszkeFK-Silvio-Dias-Marcelo-Werner-e-delegado-1024x780.webp",1024,780,true],"chromenews-large":["https:\/\/noticiasbahia360.com.br\/wp-content\/uploads\/2025\/06\/saszkeFK-Silvio-Dias-Marcelo-Werner-e-delegado-825x575.webp",825,575,true],"chromenews-medium":["https:\/\/noticiasbahia360.com.br\/wp-content\/uploads\/2025\/06\/saszkeFK-Silvio-Dias-Marcelo-Werner-e-delegado-590x410.webp",590,410,true]},"author_info":{"display_name":"noticiasbahia360.com.br","author_link":"https:\/\/noticiasbahia360.com.br\/?author=1"},"category_info":"<a href=\"https:\/\/noticiasbahia360.com.br\/?cat=8\" rel=\"category\">Bahia<\/a> <a href=\"https:\/\/noticiasbahia360.com.br\/?cat=9\" rel=\"category\">Brasil<\/a> <a href=\"https:\/\/noticiasbahia360.com.br\/?cat=6\" rel=\"category\">Feira de Santana<\/a> <a href=\"https:\/\/noticiasbahia360.com.br\/?cat=57\" rel=\"category\">Mundo<\/a> <a href=\"https:\/\/noticiasbahia360.com.br\/?cat=56\" rel=\"category\">Pol\u00edcia<\/a> <a href=\"https:\/\/noticiasbahia360.com.br\/?cat=10\" rel=\"category\">Pol\u00edtica<\/a>","tag_info":"Pol\u00edtica","comment_count":"0","_links":{"self":[{"href":"https:\/\/noticiasbahia360.com.br\/index.php?rest_route=\/wp\/v2\/posts\/88757","targetHints":{"allow":["GET"]}}],"collection":[{"href":"https:\/\/noticiasbahia360.com.br\/index.php?rest_route=\/wp\/v2\/posts"}],"about":[{"href":"https:\/\/noticiasbahia360.com.br\/index.php?rest_route=\/wp\/v2\/types\/post"}],"author":[{"embeddable":true,"href":"https:\/\/noticiasbahia360.com.br\/index.php?rest_route=\/wp\/v2\/users\/1"}],"replies":[{"embeddable":true,"href":"https:\/\/noticiasbahia360.com.br\/index.php?rest_route=%2Fwp%2Fv2%2Fcomments&post=88757"}],"version-history":[{"count":0,"href":"https:\/\/noticiasbahia360.com.br\/index.php?rest_route=\/wp\/v2\/posts\/88757\/revisions"}],"wp:featuredmedia":[{"embeddable":true,"href":"https:\/\/noticiasbahia360.com.br\/index.php?rest_route=\/wp\/v2\/media\/88758"}],"wp:attachment":[{"href":"https:\/\/noticiasbahia360.com.br\/index.php?rest_route=%2Fwp%2Fv2%2Fmedia&parent=88757"}],"wp:term":[{"taxonomy":"category","embeddable":true,"href":"https:\/\/noticiasbahia360.com.br\/index.php?rest_route=%2Fwp%2Fv2%2Fcategories&post=88757"},{"taxonomy":"post_tag","embeddable":true,"href":"https:\/\/noticiasbahia360.com.br\/index.php?rest_route=%2Fwp%2Fv2%2Ftags&post=88757"}],"curies":[{"name":"wp","href":"https:\/\/api.w.org\/{rel}","templated":true}]}}