{"id":88760,"date":"2025-06-04T19:16:37","date_gmt":"2025-06-04T22:16:37","guid":{"rendered":"https:\/\/noticiasbahia360.com.br\/?p=88760"},"modified":"2025-06-04T19:16:37","modified_gmt":"2025-06-04T22:16:37","slug":"feirantes-da-marechal-aprovam-nova-barraca-mas-cobram-fechamento-para-garantir-seguranca-e-higiene","status":"publish","type":"post","link":"https:\/\/noticiasbahia360.com.br\/?p=88760","title":{"rendered":"Feirantes da Marechal aprovam nova barraca, mas cobram fechamento para garantir seguran\u00e7a e higiene"},"content":{"rendered":"<div>\n<div>\n<figure><img decoding=\"async\" src=\"http:\/\/noticiasbahia360.com.br\/wp-content\/uploads\/2025\/06\/IqjKqQ5b-barracas-feirantes-da-Marechal-ft-ney-silva-acorda-cidade.webp\" alt=\"barracas - feirantes da Marechal\"><figcaption>Foto: Ney Silva\/Acorda Cidade<\/figcaption><\/figure>\n<\/div>\n<p>A Feira da Marechal Deodoro, no centro de Feira de Santana, est\u00e1 prestes a ganhar uma nova cara. A <a href=\"https:\/\/www.acordacidade.com.br\/feira-de-santana\/prefeitura-de-feira-de-santana-apresenta-novo-modelo-de-barracas-para-feirantes-da-marechal\/\" target=\"_blank\" rel=\"noreferrer noopener\">Prefeitura apresentou o modelo das novas barracas<\/a> que ser\u00e3o distribu\u00eddas aos comerciantes do local na \u00faltima segunda-feira (2). A estrutura, tr\u00eas vezes maior que a anterior, promete mais conforto e organiza\u00e7\u00e3o. Mas nem tudo s\u00e3o flores: a mudan\u00e7a trouxe uma preocupa\u00e7\u00e3o entre os feirantes que ainda buscam uma barraca mais completa para trabalhar.<\/p>\n<p>\u201c\u00c9 uma estrutura muito boa, a cobertura \u00e9 boa, o material \u00e9 bom, o tamanho est\u00e1 \u00f3timo. \u00c9 uma barraca ampla, d\u00e1 para a gente vender nossas mercadorias tranquilamente. O problema desse modelo de barraca \u00e9 que \u00e9 aberta. A gente n\u00e3o tem onde guardar nossas mercadorias\u201d, disse Edineide Ribeiro, presidente da Associa\u00e7\u00e3o de Feirantes da Marechal.<\/p>\n<figure class=\"wp-block-image size-large\"><img fetchpriority=\"high\" data-dominant-color=\"945347\" data-has-transparency=\"false\" style=\"--dominant-color: #945347;\" decoding=\"async\" width=\"1051\" height=\"768\" sizes=\"(max-width: 1051px) 100vw, 1051px\" src=\"http:\/\/noticiasbahia360.com.br\/wp-content\/uploads\/2025\/06\/LKmjIywJ-barracas-feirantes-da-Marechal-ft-ney-silva-acorda-cidade1-1051x768-1.webp\" alt=\"barracas - feirantes da Marechal -\" class=\"wp-image-562134 not-transparent\" srcset=\"https:\/\/uploads.acordacidade.com.br\/2025\/06\/LKmjIywJ-barracas-feirantes-da-Marechal-ft-ney-silva-acorda-cidade1-499x365.webp 499w, http:\/\/noticiasbahia360.com.br\/wp-content\/uploads\/2025\/06\/LKmjIywJ-barracas-feirantes-da-Marechal-ft-ney-silva-acorda-cidade1-1051x768-1.webp 1051w, https:\/\/uploads.acordacidade.com.br\/2025\/06\/LKmjIywJ-barracas-feirantes-da-Marechal-ft-ney-silva-acorda-cidade1-757x553.webp 757w, https:\/\/uploads.acordacidade.com.br\/2025\/06\/LKmjIywJ-barracas-feirantes-da-Marechal-ft-ney-silva-acorda-cidade1-150x110.webp 150w, https:\/\/uploads.acordacidade.com.br\/2025\/06\/LKmjIywJ-barracas-feirantes-da-Marechal-ft-ney-silva-acorda-cidade1.webp 1200w\"><figcaption class=\"wp-element-caption\">Foto: Ney Silva\/Acorda Cidade<\/figcaption><\/figure>\n<p>Segundo os feirantes, a falta de fechamento na parte inferior da barraca gera inseguran\u00e7a tanto pela possibilidade de furtos quanto pelos riscos sanit\u00e1rios. \u201cPor causa de ratos. Voc\u00ea sabe que o que a gente vende aqui \u00e9 frutas, verduras, atrai muitos roedores. E a gente precisa que se feche essa barraca\u201d, completou Edineide.<\/p>\n<h2 class=\"wp-block-heading\" id=\"h-o-que-muda-com-as-novas-barracas\">O que muda com as novas barracas?<\/h2>\n<p>O projeto, desenvolvido pela Secretaria Municipal de Agricultura em parceria com o departamento de Engenharia, prev\u00ea a entrega de 250 barracas nos pr\u00f3ximos 30 dias, gratuitamente.<\/p>\n<p><strong>As principais mudan\u00e7as incluem:<\/strong><\/p>\n<p><strong>Amplia\u00e7\u00e3o do tamanho de 0,96 m\u00b2 para 3 m\u00b2<br \/>Estrutura em a\u00e7o carbono galvanizado<br \/>Cobertura de lona com bordado extra de 3 cm<br \/>Expositor dividido em tr\u00eas partes para organiza\u00e7\u00e3o dos produtos<\/strong><\/p>\n<p>A proposta atende a um pedido antigo dos feirentes, que atrav\u00e9s da luta para permanecer no espa\u00e7o, tamb\u00e9m cobravam por melhorias como padronizar o espa\u00e7o, melhorar a circula\u00e7\u00e3o e garantir mais dignidade tanto para quem vende quanto para quem compra.<\/p>\n<figure class=\"wp-block-image size-large\"><img data-dominant-color=\"806d62\" data-has-transparency=\"false\" style=\"--dominant-color: #806d62;\" decoding=\"async\" width=\"1101\" height=\"768\" sizes=\"(max-width: 1101px) 100vw, 1101px\" src=\"http:\/\/noticiasbahia360.com.br\/wp-content\/uploads\/2025\/06\/JWQE7aLd-barracas-feirantes-da-Marechal-ft-ney-silva-acorda-cidade3-1101x768-1.webp\" alt=\"barracas - feirantes da Marechal\" class=\"wp-image-562132 not-transparent\" srcset=\"https:\/\/uploads.acordacidade.com.br\/2025\/06\/JWQE7aLd-barracas-feirantes-da-Marechal-ft-ney-silva-acorda-cidade3-523x365.webp 523w, http:\/\/noticiasbahia360.com.br\/wp-content\/uploads\/2025\/06\/JWQE7aLd-barracas-feirantes-da-Marechal-ft-ney-silva-acorda-cidade3-1101x768-1.webp 1101w, https:\/\/uploads.acordacidade.com.br\/2025\/06\/JWQE7aLd-barracas-feirantes-da-Marechal-ft-ney-silva-acorda-cidade3-793x553.webp 793w, https:\/\/uploads.acordacidade.com.br\/2025\/06\/JWQE7aLd-barracas-feirantes-da-Marechal-ft-ney-silva-acorda-cidade3-150x105.webp 150w, https:\/\/uploads.acordacidade.com.br\/2025\/06\/JWQE7aLd-barracas-feirantes-da-Marechal-ft-ney-silva-acorda-cidade3.webp 1200w\"><figcaption class=\"wp-element-caption\">Foto: Ney Silva\/Acorda Cidade<\/figcaption><\/figure>\n<p>Mas o modelo, embora mais moderno, tem uma exig\u00eancia: n\u00e3o ser\u00e3o permitidas estruturas adicionais, como lonas laterais, tendas improvisadas ou anexos no fundo das barracas \u2014 pr\u00e1tica comum atualmente para proteger as mercadorias.<\/p>\n<p>\u201c\u00c9 por essa quest\u00e3o mesmo que a gente precisa fechar essas barracas. Para n\u00e3o ter improviso, n\u00e3o precisar colocar talbas do lado para fechar, por exemplo, para evitar roedores ou at\u00e9 que algu\u00e9m furte nossas mercadorias. A observa\u00e7\u00e3o que a gente da associa\u00e7\u00e3o tem a fazer \u00e9 essa\u201d, refor\u00e7ou Edineide.<\/p>\n<p>De acordo com a Associa\u00e7\u00e3o, a Prefeitura informou que n\u00e3o h\u00e1 recursos para entregar as barracas j\u00e1 fechadas. A alternativa, segundo Edineide, foi buscar apoio junto ao mandato do deputado Z\u00e9 Neto e ao governo do Estado. No \u00faltimo fim de semana, o parlamentar recebeu representantes do movimento em seu gabinete para discutir a situa\u00e7\u00e3o.<\/p>\n<p>\u201cMe solidarizo com essa causa e me coloco ao lado dos feirantes na busca pela adequa\u00e7\u00e3o das barracas, junto \u00e0 Prefeitura de Feira de Santana, de forma que atenda \u00e0s demandas espec\u00edficas de cada tipo de produto\u201d, escreveu Z\u00e9 Neto nas redes sociais.<\/p>\n<figure class=\"wp-block-image size-large\"><img data-dominant-color=\"6d6d6e\" data-has-transparency=\"false\" style=\"--dominant-color: #6d6d6e;\" decoding=\"async\" width=\"1101\" height=\"768\" sizes=\"(max-width: 1101px) 100vw, 1101px\" src=\"http:\/\/noticiasbahia360.com.br\/wp-content\/uploads\/2025\/06\/7Vp2RASw-barracas-feirantes-da-Marechal-ft-ney-silva-acorda-cidade2-1101x768-1.webp\" alt=\"barracas - feirantes da Marechal\" class=\"wp-image-562133 not-transparent\" srcset=\"https:\/\/uploads.acordacidade.com.br\/2025\/06\/7Vp2RASw-barracas-feirantes-da-Marechal-ft-ney-silva-acorda-cidade2-523x365.webp 523w, http:\/\/noticiasbahia360.com.br\/wp-content\/uploads\/2025\/06\/7Vp2RASw-barracas-feirantes-da-Marechal-ft-ney-silva-acorda-cidade2-1101x768-1.webp 1101w, https:\/\/uploads.acordacidade.com.br\/2025\/06\/7Vp2RASw-barracas-feirantes-da-Marechal-ft-ney-silva-acorda-cidade2-793x553.webp 793w, https:\/\/uploads.acordacidade.com.br\/2025\/06\/7Vp2RASw-barracas-feirantes-da-Marechal-ft-ney-silva-acorda-cidade2-150x105.webp 150w, https:\/\/uploads.acordacidade.com.br\/2025\/06\/7Vp2RASw-barracas-feirantes-da-Marechal-ft-ney-silva-acorda-cidade2.webp 1200w\"><figcaption class=\"wp-element-caption\">Foto: Ney Silva\/Acorda Cidade<\/figcaption><\/figure>\n<h2 class=\"wp-block-heading\" id=\"h-qual-o-espaco-de-cada-feirante\">Qual o espa\u00e7o de cada feirante?<\/h2>\n<p>Ainda n\u00e3o h\u00e1 data definida para a entrega das barracas, mas, segundo a presidente dos feirantes, a promessa do prefeito e do secret\u00e1rio Silvaney Ara\u00fajo \u00e9 de que ningu\u00e9m ser\u00e1 deslocado. Cada feirante manter\u00e1 o seu espa\u00e7o habitual.<\/p>\n<p>O levantamento mais recente da Associa\u00e7\u00e3o aponta cerca de 270 feirantes na Marechal, mas esse n\u00famero vem sendo atualizado, j\u00e1 que o fluxo de ambulantes na regi\u00e3o aumentou.<\/p>\n<p><em>Com informa\u00e7\u00f5es do rep\u00f3rter Ney Silva do Acorda Cidade<\/em><\/p>\n<p><strong>Leia tamb\u00e9m: <a href=\"https:\/\/www.acordacidade.com.br\/feira-de-santana\/prefeitura-de-feira-de-santana-apresenta-novo-modelo-de-barracas-para-feirantes-da-marechal\/\" target=\"_blank\" rel=\"noreferrer noopener\">Prefeitura de Feira de Santana apresenta novo modelo de barracas para feirantes da Marechal<\/a><\/strong><\/p>\n<p><em>Siga o Acorda Cidade no<\/em><a href=\"https:\/\/news.google.com\/search?q=acorda%20cidade&amp;hl=pt-BR&amp;gl=BR&amp;ceid=BR%3Apt-419\"><strong><em>\u00a0Google Not\u00edcias<\/em><\/strong><\/a><em>\u00a0e receba os principais destaques do dia. Participe tamb\u00e9m dos nossos canais no\u00a0<\/em><a href=\"https:\/\/whatsapp.com\/channel\/0029Va6Rb4v3WHTNnsh8WI3N\"><strong><em>WhatsApp<\/em><\/strong><\/a><em>\u00a0e\u00a0<\/em><a href=\"https:\/\/www.youtube.com\/@acordacidadenoticias\/videos\"><strong>Youtube<\/strong><\/a><em>\u00a0e grupo de\u00a0<\/em><a href=\"https:\/\/t.me\/+sSz0khrgARA0ZmRh\"><strong><em>Telegram<\/em><\/strong><\/a><em>.<\/em><\/p>\n<\/div>\n","protected":false},"excerpt":{"rendered":"<div>\n<div>\n<figure><img decoding=\"async\" src=\"https:\/\/uploads.acordacidade.com.br\/2025\/06\/IqjKqQ5b-barracas-feirantes-da-Marechal-ft-ney-silva-acorda-cidade.webp\" alt=\"barracas - feirantes da Marechal\"><figcaption>Foto: Ney Silva\/Acorda Cidade<\/figcaption><\/figure>\n<\/div>\n<p>Segundo os feirantes, a falta de fechamento na parte inferior da barraca gera inseguran\u00e7a tanto pela possibilidade de furtos quanto pelos riscos sanit\u00e1rios.<\/p><\/div>\n","protected":false},"author":1,"featured_media":88761,"comment_status":"closed","ping_status":"closed","sticky":false,"template":"","format":"gallery","meta":{"footnotes":""},"categories":[8,9,6,57,56,10],"tags":[],"class_list":["post-88760","post","type-post","status-publish","format-gallery","has-post-thumbnail","hentry","category-bahia","category-brasil","category-feira-de-santana","category-mundo","category-policia","category-politica","post_format-post-format-gallery"],"featured_image_urls":{"full":["https:\/\/noticiasbahia360.com.br\/wp-content\/uploads\/2025\/06\/IqjKqQ5b-barracas-feirantes-da-Marechal-ft-ney-silva-acorda-cidade.webp",1200,908,false],"thumbnail":["https:\/\/noticiasbahia360.com.br\/wp-content\/uploads\/2025\/06\/IqjKqQ5b-barracas-feirantes-da-Marechal-ft-ney-silva-acorda-cidade-150x150.webp",150,150,true],"medium":["https:\/\/noticiasbahia360.com.br\/wp-content\/uploads\/2025\/06\/IqjKqQ5b-barracas-feirantes-da-Marechal-ft-ney-silva-acorda-cidade-300x227.webp",300,227,true],"medium_large":["https:\/\/noticiasbahia360.com.br\/wp-content\/uploads\/2025\/06\/IqjKqQ5b-barracas-feirantes-da-Marechal-ft-ney-silva-acorda-cidade-768x581.webp",640,484,true],"large":["https:\/\/noticiasbahia360.com.br\/wp-content\/uploads\/2025\/06\/IqjKqQ5b-barracas-feirantes-da-Marechal-ft-ney-silva-acorda-cidade-1024x775.webp",640,484,true],"1536x1536":["https:\/\/noticiasbahia360.com.br\/wp-content\/uploads\/2025\/06\/IqjKqQ5b-barracas-feirantes-da-Marechal-ft-ney-silva-acorda-cidade.webp",1200,908,false],"2048x2048":["https:\/\/noticiasbahia360.com.br\/wp-content\/uploads\/2025\/06\/IqjKqQ5b-barracas-feirantes-da-Marechal-ft-ney-silva-acorda-cidade.webp",1200,908,false],"chromenews-featured":["https:\/\/noticiasbahia360.com.br\/wp-content\/uploads\/2025\/06\/IqjKqQ5b-barracas-feirantes-da-Marechal-ft-ney-silva-acorda-cidade-1024x775.webp",1024,775,true],"chromenews-large":["https:\/\/noticiasbahia360.com.br\/wp-content\/uploads\/2025\/06\/IqjKqQ5b-barracas-feirantes-da-Marechal-ft-ney-silva-acorda-cidade-825x575.webp",825,575,true],"chromenews-medium":["https:\/\/noticiasbahia360.com.br\/wp-content\/uploads\/2025\/06\/IqjKqQ5b-barracas-feirantes-da-Marechal-ft-ney-silva-acorda-cidade-590x410.webp",590,410,true]},"author_info":{"display_name":"noticiasbahia360.com.br","author_link":"https:\/\/noticiasbahia360.com.br\/?author=1"},"category_info":"<a href=\"https:\/\/noticiasbahia360.com.br\/?cat=8\" rel=\"category\">Bahia<\/a> <a href=\"https:\/\/noticiasbahia360.com.br\/?cat=9\" rel=\"category\">Brasil<\/a> <a href=\"https:\/\/noticiasbahia360.com.br\/?cat=6\" rel=\"category\">Feira de Santana<\/a> <a href=\"https:\/\/noticiasbahia360.com.br\/?cat=57\" rel=\"category\">Mundo<\/a> <a href=\"https:\/\/noticiasbahia360.com.br\/?cat=56\" rel=\"category\">Pol\u00edcia<\/a> <a href=\"https:\/\/noticiasbahia360.com.br\/?cat=10\" rel=\"category\">Pol\u00edtica<\/a>","tag_info":"Pol\u00edtica","comment_count":"0","_links":{"self":[{"href":"https:\/\/noticiasbahia360.com.br\/index.php?rest_route=\/wp\/v2\/posts\/88760","targetHints":{"allow":["GET"]}}],"collection":[{"href":"https:\/\/noticiasbahia360.com.br\/index.php?rest_route=\/wp\/v2\/posts"}],"about":[{"href":"https:\/\/noticiasbahia360.com.br\/index.php?rest_route=\/wp\/v2\/types\/post"}],"author":[{"embeddable":true,"href":"https:\/\/noticiasbahia360.com.br\/index.php?rest_route=\/wp\/v2\/users\/1"}],"replies":[{"embeddable":true,"href":"https:\/\/noticiasbahia360.com.br\/index.php?rest_route=%2Fwp%2Fv2%2Fcomments&post=88760"}],"version-history":[{"count":0,"href":"https:\/\/noticiasbahia360.com.br\/index.php?rest_route=\/wp\/v2\/posts\/88760\/revisions"}],"wp:featuredmedia":[{"embeddable":true,"href":"https:\/\/noticiasbahia360.com.br\/index.php?rest_route=\/wp\/v2\/media\/88761"}],"wp:attachment":[{"href":"https:\/\/noticiasbahia360.com.br\/index.php?rest_route=%2Fwp%2Fv2%2Fmedia&parent=88760"}],"wp:term":[{"taxonomy":"category","embeddable":true,"href":"https:\/\/noticiasbahia360.com.br\/index.php?rest_route=%2Fwp%2Fv2%2Fcategories&post=88760"},{"taxonomy":"post_tag","embeddable":true,"href":"https:\/\/noticiasbahia360.com.br\/index.php?rest_route=%2Fwp%2Fv2%2Ftags&post=88760"}],"curies":[{"name":"wp","href":"https:\/\/api.w.org\/{rel}","templated":true}]}}