{"id":88765,"date":"2025-06-04T19:16:59","date_gmt":"2025-06-04T22:16:59","guid":{"rendered":"https:\/\/noticiasbahia360.com.br\/?p=88765"},"modified":"2025-06-04T19:16:59","modified_gmt":"2025-06-04T22:16:59","slug":"conferencia-municipal-de-saude-discute-investimentos-para-feira-de-santana-ate-2029","status":"publish","type":"post","link":"https:\/\/noticiasbahia360.com.br\/?p=88765","title":{"rendered":"Confer\u00eancia Municipal de Sa\u00fade discute investimentos para Feira de Santana at\u00e9 2029"},"content":{"rendered":"<div>\n<div>\n<figure><img decoding=\"async\" src=\"http:\/\/noticiasbahia360.com.br\/wp-content\/uploads\/2025\/06\/conferenciamunicipalsaude_foto_neysilva_acordacidade_.jpg\" alt=\"13\u00aa Confer\u00eancia Municipal de Sa\u00fade\"><figcaption>Foto: Ney Silva\/Acorda Cidade<\/figcaption><\/figure>\n<\/div>\n<p>Aconteceu entre os dias 3 e 4 de junho a 13\u00aa edi\u00e7\u00e3o da Confer\u00eancia Municipal de Sa\u00fade em <a href=\"https:\/\/www.acordacidade.com.br\/tag\/feira-de-santana\/\">Feira de Santana<\/a>. O evento, que deve acontecer no in\u00edcio de cada gest\u00e3o municipal, neste ano foi realizado de 8h \u00e0s 2h no audit\u00f3rio da Faculdade Anhanguera, localizada na avenida Jos\u00e9 Falc\u00e3o da Silva.<\/p>\n<p>O tema central foi: Sa\u00fade \u00danica e de Qualidade para sua Efetiva\u00e7\u00e3o. O objetivo\u00a0do evento\u00a0 foi reafirmar, impulsionar e efetivar os princ\u00edpios e diretrizes do Sistema \u00danico de Sa\u00fade (SUS), promovendo o di\u00e1logo entre poder p\u00fablico e sociedade civil.\u00a0<\/p>\n<figure class=\"wp-block-image size-large\"><img fetchpriority=\"high\" data-dominant-color=\"67656e\" data-has-transparency=\"false\" style=\"--dominant-color: #67656e;\" fetchpriority=\"high\" decoding=\"async\" width=\"1024\" height=\"768\" sizes=\"(max-width: 1024px) 100vw, 1024px\" src=\"http:\/\/noticiasbahia360.com.br\/wp-content\/uploads\/2025\/06\/hCVrzoqc-conferenciamunicipalsaude_foto_neysilva_acordacidade-1024x768-1.webp\" alt=\"13\u00aa Confer\u00eancia Municipal de Sa\u00fade\" class=\"wp-image-562107 not-transparent\" srcset=\"https:\/\/uploads.acordacidade.com.br\/2025\/06\/hCVrzoqc-conferenciamunicipalsaude_foto_neysilva_acordacidade-487x365.webp 487w, http:\/\/noticiasbahia360.com.br\/wp-content\/uploads\/2025\/06\/hCVrzoqc-conferenciamunicipalsaude_foto_neysilva_acordacidade-1024x768-1.webp 1024w, https:\/\/uploads.acordacidade.com.br\/2025\/06\/hCVrzoqc-conferenciamunicipalsaude_foto_neysilva_acordacidade-737x553.webp 737w, https:\/\/uploads.acordacidade.com.br\/2025\/06\/hCVrzoqc-conferenciamunicipalsaude_foto_neysilva_acordacidade-150x113.webp 150w, https:\/\/uploads.acordacidade.com.br\/2025\/06\/hCVrzoqc-conferenciamunicipalsaude_foto_neysilva_acordacidade.webp 1200w\"><figcaption class=\"wp-element-caption\">Foto: Ney Silva\/Acorda Cidade<\/figcaption><\/figure>\n<p>A reportagem do Acorda Cidade esteve no local e conversou com o Secret\u00e1rio Municipal de Sa\u00fade, Rodrigo Matos, sobre a finalidade do encontro. \u201cA confer\u00eancia \u00e9 a express\u00e3o m\u00e1xima de um princ\u00edpio organizativo do SUS, que \u00e9 muito importante, que \u00e9 a participa\u00e7\u00e3o popular e, do ponto de vista objetivo, ela serve para subsidiar o Plano Municipal de Sa\u00fade.\u201d<\/p>\n<p>O secret\u00e1rio explicou que este evento \u00e9 a base para a constru\u00e7\u00e3o do plano municipal de sa\u00fade, que consiste em todo o planejamento que a Secretaria de Sa\u00fade tem que fazer para os pr\u00f3ximos quatro anos, at\u00e9 2029. O secret\u00e1rio pontuou que nada que venha a ser feito durante a gest\u00e3o municipal atual pode estar dissociado do plano municipal de sa\u00fade, que ser\u00e1 aprovado no Conselho Municipal de Sa\u00fade.\u00a0<\/p>\n<p>Por esse motivo, na confer\u00eancia a participa\u00e7\u00e3o da comunidade \u00e9 essencial, o secret\u00e1rio informou inclusive que a aprova\u00e7\u00e3o das propostas depende tamb\u00e9m dos votos das pessoas da comunidade que s\u00e3o delegadas a participar da vota\u00e7\u00e3o. <\/p>\n<p>\u201cA gest\u00e3o do SUS, ela \u00e9 participativa, ela conta com os usu\u00e1rios, conta com os gestores, conta com os prestadores. Pessoas da comunidade, os delegados que s\u00e3o as pessoas que votam para as propostas serem aprovadas ou n\u00e3o, representam 50%. Ou seja, a sociedade civil tem 50% de participa\u00e7\u00e3o nos conselhos e aqui na confer\u00eancia tamb\u00e9m. Ent\u00e3o, para voc\u00ea ver a import\u00e2ncia que tem os usu\u00e1rios, porque s\u00e3o as pessoas que sentem na pele o dia a dia dessa presta\u00e7\u00e3o de servi\u00e7o.\u201d<\/p>\n<figure class=\"wp-block-image size-large\"><img data-dominant-color=\"807f8a\" data-has-transparency=\"false\" style=\"--dominant-color: #807f8a;\" decoding=\"async\" width=\"1031\" height=\"768\" sizes=\"(max-width: 1031px) 100vw, 1031px\" src=\"http:\/\/noticiasbahia360.com.br\/wp-content\/uploads\/2025\/06\/0sa9isLW-rodrigomatos_secretariadesaude_foto_neysilva_acordacidade-1031x768-1.webp\" alt=\"Rodrigo Matos, Secret\u00e1rio Municipal de Sa\u00fade de Feira de Santana\" class=\"wp-image-562110 not-transparent\" srcset=\"https:\/\/uploads.acordacidade.com.br\/2025\/06\/0sa9isLW-rodrigomatos_secretariadesaude_foto_neysilva_acordacidade-490x365.webp 490w, http:\/\/noticiasbahia360.com.br\/wp-content\/uploads\/2025\/06\/0sa9isLW-rodrigomatos_secretariadesaude_foto_neysilva_acordacidade-1031x768-1.webp 1031w, https:\/\/uploads.acordacidade.com.br\/2025\/06\/0sa9isLW-rodrigomatos_secretariadesaude_foto_neysilva_acordacidade-742x553.webp 742w, https:\/\/uploads.acordacidade.com.br\/2025\/06\/0sa9isLW-rodrigomatos_secretariadesaude_foto_neysilva_acordacidade-150x112.webp 150w, https:\/\/uploads.acordacidade.com.br\/2025\/06\/0sa9isLW-rodrigomatos_secretariadesaude_foto_neysilva_acordacidade.webp 1200w\"><figcaption class=\"wp-element-caption\">Rodrigo Matos, Secret\u00e1rio Municipal de Sa\u00fade de Feira de Santana \u2013 Foto: Ney Silva\/Acorda Cidade<\/figcaption><\/figure>\n<p>Questionado sobre pontos de melhorias na sa\u00fade p\u00fablica de Feira de Santana, Rodrigo Matos declarou que durante o encontro foram destacados principalmente um financiamento que consiga abranger os atendimentos e modo geral.<\/p>\n<p>\u201cO que eu poderia ressaltar \u00e9 a quest\u00e3o relacionada ao financiamento. \u00c9 p\u00fablico e not\u00f3rio que o financiamento n\u00e3o d\u00e1 conta de todas as demandas do SUS em nosso territ\u00f3rio e quest\u00f5es de infraestrutura, e tamb\u00e9m quest\u00f5es assistenciais, protocolos mais bem colocados. Mas isso tudo passa tamb\u00e9m pelo financiamento.\u201d<\/p>\n<p>O evento \u00e9 organizado pelo Conselho Municipal de Sa\u00fade, contando portanto com a presen\u00e7a de Ana Cristina Franqueira, Secret\u00e1ria Executiva do Conselho que avaliou positivamente os resultados dos 2 dias de encontro. \u201cN\u00f3s avaliamos esses dois dias como satisfat\u00f3rios, porque as propostas que foram aqui elencadas e aprovadas por todos os tr\u00eas segmentos presentes, usu\u00e1rios, gestores e prestadores, elas foram bastante optativas.\u201d<\/p>\n<figure class=\"wp-block-image size-large\"><img data-dominant-color=\"a3819a\" data-has-transparency=\"false\" style=\"--dominant-color: #a3819a;\" decoding=\"async\" width=\"940\" height=\"768\" sizes=\"(max-width: 940px) 100vw, 940px\" src=\"http:\/\/noticiasbahia360.com.br\/wp-content\/uploads\/2025\/06\/8QX1bpdG-anacristina_conselhodesaude_foto_neysilva_acordacidade-940x768-1.webp\" alt=\"Ana Cristina Franqueira, Secret\u00e1ria Executiva do Conselho Municipal de Sa\u00fade\" class=\"wp-image-562104 not-transparent\" srcset=\"https:\/\/uploads.acordacidade.com.br\/2025\/06\/8QX1bpdG-anacristina_conselhodesaude_foto_neysilva_acordacidade-447x365.webp 447w, http:\/\/noticiasbahia360.com.br\/wp-content\/uploads\/2025\/06\/8QX1bpdG-anacristina_conselhodesaude_foto_neysilva_acordacidade-940x768-1.webp 940w, https:\/\/uploads.acordacidade.com.br\/2025\/06\/8QX1bpdG-anacristina_conselhodesaude_foto_neysilva_acordacidade-677x553.webp 677w, https:\/\/uploads.acordacidade.com.br\/2025\/06\/8QX1bpdG-anacristina_conselhodesaude_foto_neysilva_acordacidade-150x123.webp 150w, https:\/\/uploads.acordacidade.com.br\/2025\/06\/8QX1bpdG-anacristina_conselhodesaude_foto_neysilva_acordacidade.webp 1200w\"><figcaption class=\"wp-element-caption\">Ana Cristina Franqueira, Secret\u00e1ria Executiva do Conselho Municipal de Sa\u00fade \u2013 Foto: Ney Silva\/Acorda Cidade<\/figcaption><\/figure>\n<p>Ana Cristina explicou que n\u00e3o h\u00e1 como precisar o tempo exato para a execu\u00e7\u00e3o de todas as propostas, mas que a realiza\u00e7\u00e3o \u00e9 garantida. <\/p>\n<p>\u201cA propostas elas ser\u00e3o avaliadas e elas devem ser implementadas e realizadas no munic\u00edpio, n\u00f3s n\u00e3o podemos dizer que elas ser\u00e3o realizadas em um dia, em dois dias, em um ano, mas elas ser\u00e3o sim realizadas. Por exemplo, n\u00f3s tivemos uma confer\u00eancia de sa\u00fade, se n\u00e3o me falha a mem\u00f3ria, a 10\u00aa Confer\u00eancia Municipal de Sa\u00fade, onde foi proposto a constru\u00e7\u00e3o do Hospital Municipal de Feira de Santana. E n\u00f3s estamos agora no ano de 2025 com a sua efetiva\u00e7\u00e3o.\u201d<\/p>\n<h2 class=\"wp-block-heading\" id=\"h-terapias-integrativas-entraram-na-discussao\">Terapias Integrativas entraram na discuss\u00e3o<\/h2>\n<p>Em entrevista ao Acorda Cidade, a Assistente Social Ana Pompeia pontuou que a inser\u00e7\u00e3o de terapias integrativas no atendimento p\u00fablico municipal foram discutidas em um dos eixos da confer\u00eancia. Terapia integrativa \u00e9 aquela que utiliza recursos terap\u00eauticos com m\u00e9todos naturais para melhorar a sa\u00fade e bem-estar f\u00edsico.<\/p>\n<figure class=\"wp-block-image size-large\"><img data-dominant-color=\"ab7d52\" data-has-transparency=\"false\" style=\"--dominant-color: #ab7d52;\" decoding=\"async\" width=\"997\" height=\"768\" sizes=\"(max-width: 997px) 100vw, 997px\" src=\"http:\/\/noticiasbahia360.com.br\/wp-content\/uploads\/2025\/06\/ymyAsRYC-anapompeia_assistentesocial_foto_neysilva_acordacidade-997x768-1.webp\" alt=\"Ana Pompeia, assistente social\" class=\"wp-image-562108 not-transparent\" srcset=\"https:\/\/uploads.acordacidade.com.br\/2025\/06\/ymyAsRYC-anapompeia_assistentesocial_foto_neysilva_acordacidade-474x365.webp 474w, http:\/\/noticiasbahia360.com.br\/wp-content\/uploads\/2025\/06\/ymyAsRYC-anapompeia_assistentesocial_foto_neysilva_acordacidade-997x768-1.webp 997w, https:\/\/uploads.acordacidade.com.br\/2025\/06\/ymyAsRYC-anapompeia_assistentesocial_foto_neysilva_acordacidade-718x553.webp 718w, https:\/\/uploads.acordacidade.com.br\/2025\/06\/ymyAsRYC-anapompeia_assistentesocial_foto_neysilva_acordacidade-150x116.webp 150w, https:\/\/uploads.acordacidade.com.br\/2025\/06\/ymyAsRYC-anapompeia_assistentesocial_foto_neysilva_acordacidade.webp 1200w\"><figcaption class=\"wp-element-caption\">Ana Pompeia, assistente social \u2013 Foto: Ney Silva\/Acorda Cidade<\/figcaption><\/figure>\n<p>\u201cEsse assunto foi muito debatido no eixo ao qual participei, que foi o eixo 2, que tratou da aten\u00e7\u00e3o prim\u00e1ria e vigil\u00e2ncias. Ent\u00e3o, n\u00f3s solicitamos muito nesse eixo que as Pr\u00e1ticas Integrativas Complementares de Sa\u00fade (PICs), fossem de fato efetivadas nas unidades de sa\u00fade como um fator positivo para prevenir doen\u00e7as.\u201d<\/p>\n<p>A assistente enxerga a terapia integrativa como forma de evitar que alguns quadros cl\u00ednicos piorem ao ponto de precisar de outros recursos.<\/p>\n<p>\u201cAs pessoas procuram tantas unidades de sa\u00fade e n\u00e3o conseguem determinados atendimentos, se tivessem acesso \u00e0s pr\u00e1ticas complementares, talvez n\u00e3o chegassem a tomar tantas medica\u00e7\u00f5es. \u00c9 l\u00f3gico que essa \u00e9 uma pr\u00e1tica complementar, mas como tem ventosas, ventosoterapia, aromoterapia, cromoterapia, tamb\u00e9m nos ajudam a ter uma qualidade de vida melhor.\u201d<\/p>\n<p>O terapeuta integrativo Carlos Ant\u00f4nio Magalh\u00e3es, participou da confer\u00eancia. Ele acredita que as terapias integrativas s\u00e3o uma especialidade que podem ser implementadas na rede p\u00fablica municipal de Feira de Santana.\u00a0<\/p>\n<p>\u201cFeira de Santana sai na frente com rela\u00e7\u00e3o \u00e0 organiza\u00e7\u00e3o, os conselhos locais de sa\u00fade, tem dado um passo muito grande com rela\u00e7\u00e3o \u00e0s pr\u00e1ticas integrativas tamb\u00e9m. N\u00f3s entendemos que precisa haver financiamento. Porque acontecendo esse financiamento, as pr\u00e1ticas acontecer\u00e3o dentro das unidades de sa\u00fade.\u201d<\/p>\n<figure class=\"wp-block-image size-large\"><img loading=\"lazy\" data-dominant-color=\"9e9592\" data-has-transparency=\"false\" style=\"--dominant-color: #9e9592;\" decoding=\"async\" width=\"951\" height=\"768\" sizes=\"(max-width: 951px) 100vw, 951px\" src=\"http:\/\/noticiasbahia360.com.br\/wp-content\/uploads\/2025\/06\/yNjR1t8y-carlosantoniomagalhaes_terapeutaintegrativo_foto_neysilva_acordacidade-951x768-1.webp\" alt=\"Ant\u00f4nio Carlos Magalh\u00e3es, terapeuta integrativo\" class=\"wp-image-562109 not-transparent\" srcset=\"https:\/\/uploads.acordacidade.com.br\/2025\/06\/yNjR1t8y-carlosantoniomagalhaes_terapeutaintegrativo_foto_neysilva_acordacidade-452x365.webp 452w, http:\/\/noticiasbahia360.com.br\/wp-content\/uploads\/2025\/06\/yNjR1t8y-carlosantoniomagalhaes_terapeutaintegrativo_foto_neysilva_acordacidade-951x768-1.webp 951w, https:\/\/uploads.acordacidade.com.br\/2025\/06\/yNjR1t8y-carlosantoniomagalhaes_terapeutaintegrativo_foto_neysilva_acordacidade-685x553.webp 685w, https:\/\/uploads.acordacidade.com.br\/2025\/06\/yNjR1t8y-carlosantoniomagalhaes_terapeutaintegrativo_foto_neysilva_acordacidade-150x121.webp 150w, https:\/\/uploads.acordacidade.com.br\/2025\/06\/yNjR1t8y-carlosantoniomagalhaes_terapeutaintegrativo_foto_neysilva_acordacidade.webp 1200w\"><figcaption class=\"wp-element-caption\">Ant\u00f4nio Carlos Magalh\u00e3es, terapeuta integrativo \u2013 Foto: Ney Silva\/Acorda Cidade<\/figcaption><\/figure>\n<p>O terapeuta acrescentou que pensar em uma cl\u00ednica especializada \u00e9 importante para conseguir atender melhor. \u201cPrecisa-se de um centro de refer\u00eancia espec\u00edfico para as pr\u00e1ticas integrativas. Porque as pr\u00e1ticas est\u00e3o na baixa, m\u00e9dia e alta complexidade. Como h\u00e1 uma sobrecarga nessas demandas de sa\u00fade nos munic\u00edpios, e em espec\u00edfico tamb\u00e9m em Feira, um centro de refer\u00eancia espec\u00edfico para as pr\u00e1ticas integrativas seria o ideal para atender a demanda da popula\u00e7\u00e3o.\u201d ressaltou.<\/p>\n<p><em>Com informa\u00e7\u00f5es do rep\u00f3rter Ney Silva do Acorda Cidade<\/em><\/p>\n<p><em>Siga o Acorda Cidade no<\/em><a href=\"https:\/\/news.google.com\/search?q=acorda%20cidade&amp;hl=pt-BR&amp;gl=BR&amp;ceid=BR%3Apt-419\"><strong><em> Google Not\u00edcias<\/em><\/strong><\/a><em> e receba os principais destaques do dia. Participe tamb\u00e9m dos nossos canais no <\/em><a href=\"https:\/\/whatsapp.com\/channel\/0029Va6Rb4v3WHTNnsh8WI3N\"><strong><em>WhatsApp<\/em><\/strong><\/a><em> e <\/em><a href=\"https:\/\/www.youtube.com\/@acordacidadenoticias\/videos\"><strong>Youtube<\/strong><\/a><em> e grupo de <\/em><a href=\"https:\/\/t.me\/+sSz0khrgARA0ZmRh\"><strong><em>Telegram<\/em><\/strong><\/a><em>.<\/em><\/p>\n<\/div>\n","protected":false},"excerpt":{"rendered":"<div>\n<div>\n<figure><img decoding=\"async\" src=\"https:\/\/uploads.acordacidade.com.br\/2025\/06\/conferenciamunicipalsaude_foto_neysilva_acordacidade_.jpg\" alt=\"13\u00aa Confer\u00eancia Municipal de Sa\u00fade\"><figcaption>Foto: Ney Silva\/Acorda Cidade<\/figcaption><\/figure>\n<\/div>\n<p>A 13\u00aa edi\u00e7\u00e3o da Confer\u00eancia reuniu profissionais de sa\u00fade, integrantes do conselho municipal e pessoas que  representaram sociedade civil.<\/p><\/div>\n","protected":false},"author":1,"featured_media":88766,"comment_status":"closed","ping_status":"closed","sticky":false,"template":"","format":"gallery","meta":{"footnotes":""},"categories":[8,9,6,57,56,10],"tags":[],"class_list":["post-88765","post","type-post","status-publish","format-gallery","has-post-thumbnail","hentry","category-bahia","category-brasil","category-feira-de-santana","category-mundo","category-policia","category-politica","post_format-post-format-gallery"],"featured_image_urls":{"full":["https:\/\/noticiasbahia360.com.br\/wp-content\/uploads\/2025\/06\/conferenciamunicipalsaude_foto_neysilva_acordacidade_.jpg",1200,900,false],"thumbnail":["https:\/\/noticiasbahia360.com.br\/wp-content\/uploads\/2025\/06\/conferenciamunicipalsaude_foto_neysilva_acordacidade_-150x150.jpg",150,150,true],"medium":["https:\/\/noticiasbahia360.com.br\/wp-content\/uploads\/2025\/06\/conferenciamunicipalsaude_foto_neysilva_acordacidade_-300x225.jpg",300,225,true],"medium_large":["https:\/\/noticiasbahia360.com.br\/wp-content\/uploads\/2025\/06\/conferenciamunicipalsaude_foto_neysilva_acordacidade_-768x576.jpg",640,480,true],"large":["https:\/\/noticiasbahia360.com.br\/wp-content\/uploads\/2025\/06\/conferenciamunicipalsaude_foto_neysilva_acordacidade_-1024x768.jpg",640,480,true],"1536x1536":["https:\/\/noticiasbahia360.com.br\/wp-content\/uploads\/2025\/06\/conferenciamunicipalsaude_foto_neysilva_acordacidade_.jpg",1200,900,false],"2048x2048":["https:\/\/noticiasbahia360.com.br\/wp-content\/uploads\/2025\/06\/conferenciamunicipalsaude_foto_neysilva_acordacidade_.jpg",1200,900,false],"chromenews-featured":["https:\/\/noticiasbahia360.com.br\/wp-content\/uploads\/2025\/06\/conferenciamunicipalsaude_foto_neysilva_acordacidade_-1024x768.jpg",1024,768,true],"chromenews-large":["https:\/\/noticiasbahia360.com.br\/wp-content\/uploads\/2025\/06\/conferenciamunicipalsaude_foto_neysilva_acordacidade_-825x575.jpg",825,575,true],"chromenews-medium":["https:\/\/noticiasbahia360.com.br\/wp-content\/uploads\/2025\/06\/conferenciamunicipalsaude_foto_neysilva_acordacidade_-590x410.jpg",590,410,true]},"author_info":{"display_name":"noticiasbahia360.com.br","author_link":"https:\/\/noticiasbahia360.com.br\/?author=1"},"category_info":"<a href=\"https:\/\/noticiasbahia360.com.br\/?cat=8\" rel=\"category\">Bahia<\/a> <a href=\"https:\/\/noticiasbahia360.com.br\/?cat=9\" rel=\"category\">Brasil<\/a> <a href=\"https:\/\/noticiasbahia360.com.br\/?cat=6\" rel=\"category\">Feira de Santana<\/a> <a href=\"https:\/\/noticiasbahia360.com.br\/?cat=57\" rel=\"category\">Mundo<\/a> <a href=\"https:\/\/noticiasbahia360.com.br\/?cat=56\" rel=\"category\">Pol\u00edcia<\/a> <a href=\"https:\/\/noticiasbahia360.com.br\/?cat=10\" rel=\"category\">Pol\u00edtica<\/a>","tag_info":"Pol\u00edtica","comment_count":"0","_links":{"self":[{"href":"https:\/\/noticiasbahia360.com.br\/index.php?rest_route=\/wp\/v2\/posts\/88765","targetHints":{"allow":["GET"]}}],"collection":[{"href":"https:\/\/noticiasbahia360.com.br\/index.php?rest_route=\/wp\/v2\/posts"}],"about":[{"href":"https:\/\/noticiasbahia360.com.br\/index.php?rest_route=\/wp\/v2\/types\/post"}],"author":[{"embeddable":true,"href":"https:\/\/noticiasbahia360.com.br\/index.php?rest_route=\/wp\/v2\/users\/1"}],"replies":[{"embeddable":true,"href":"https:\/\/noticiasbahia360.com.br\/index.php?rest_route=%2Fwp%2Fv2%2Fcomments&post=88765"}],"version-history":[{"count":0,"href":"https:\/\/noticiasbahia360.com.br\/index.php?rest_route=\/wp\/v2\/posts\/88765\/revisions"}],"wp:featuredmedia":[{"embeddable":true,"href":"https:\/\/noticiasbahia360.com.br\/index.php?rest_route=\/wp\/v2\/media\/88766"}],"wp:attachment":[{"href":"https:\/\/noticiasbahia360.com.br\/index.php?rest_route=%2Fwp%2Fv2%2Fmedia&parent=88765"}],"wp:term":[{"taxonomy":"category","embeddable":true,"href":"https:\/\/noticiasbahia360.com.br\/index.php?rest_route=%2Fwp%2Fv2%2Fcategories&post=88765"},{"taxonomy":"post_tag","embeddable":true,"href":"https:\/\/noticiasbahia360.com.br\/index.php?rest_route=%2Fwp%2Fv2%2Ftags&post=88765"}],"curies":[{"name":"wp","href":"https:\/\/api.w.org\/{rel}","templated":true}]}}