{"id":88772,"date":"2025-06-04T20:45:26","date_gmt":"2025-06-04T23:45:26","guid":{"rendered":"https:\/\/noticiasbahia360.com.br\/?p=88772"},"modified":"2025-06-04T20:45:26","modified_gmt":"2025-06-04T23:45:26","slug":"professor-e-vitima-de-fake-news-apos-prisao-de-outro-homem-por-pornografia-infantil-em-feira-de-santana","status":"publish","type":"post","link":"https:\/\/noticiasbahia360.com.br\/?p=88772","title":{"rendered":"Professor \u00e9 v\u00edtima de fake news ap\u00f3s pris\u00e3o de outro homem por pornografia infantil em Feira de Santana"},"content":{"rendered":"<div>\n<div>\n<figure><img decoding=\"async\" src=\"http:\/\/noticiasbahia360.com.br\/wp-content\/uploads\/2025\/06\/cuidado-com-fake-news.jpeg\" alt=\"Fake news - Imagem do professor foi vinculada a uma not\u00edcia de pris\u00e3o por pornografia infantil\"><figcaption>Imagem do professor foi vinculada a uma not\u00edcia de pris\u00e3o por pornografia infantil<\/figcaption><\/figure>\n<\/div>\n<p>\u00c9 fake news a acusa\u00e7\u00e3o de que um professor de l\u00edngua estrangeira e propriet\u00e1rio de uma confeitaria de Feira de Santana, cuja imagem est\u00e1 circulando nas redes sociais, seja o mesmo professor que foi preso por armazenamento e produ\u00e7\u00e3o de pornografia infantil.<\/p>\n<p>O criador da fake news usou o link da reportagem do portal Acorda Cidade sobre a pris\u00e3o de um professor, ocorrida em maio, e compartilhou em grupos de WhatsApp junto com a foto, nome e informa\u00e7\u00f5es sobre Philipe Cerqueira, que nada tem a ver com as informa\u00e7\u00f5es da reportagem publicada.<\/p>\n<p>Philipe, que dava aulas particulares de ingl\u00eas e est\u00e1 fora do estado h\u00e1 alguns meses, foi surpreendido pela divulga\u00e7\u00e3o de seu nome e imagem em grupos de WhatsApp.<\/p>\n<p>Ao Acorda Cidade, a delegada Daniele Matias, que estava \u00e0 frente da Delegacia Para o Adolescente Infrator (DAI) quando o verdadeiro acusado foi preso, afirmou que, em nenhum momento, a pol\u00edcia divulgou nome ou imagem. A imprensa, especialmente o Acorda Cidade, tamb\u00e9m n\u00e3o divulgou quem era o acusado e refor\u00e7a que n\u00e3o se trata de Philipe.<\/p>\n<p>\u201cTodos n\u00f3s aqui fomos surpreendidos com essa fake news nas redes sociais. Est\u00e3o vinculando a imagem de um professor da cidade \u00e0 mesma de uma mat\u00e9ria referente a uma pris\u00e3o que ocorreu no m\u00eas passado, no dia 14 de maio, contra outro professor. Esse professor que foi preso \u00e9 acusado de armazenamento de pornografia infanto-juvenil, durante uma opera\u00e7\u00e3o nacional, e a gente aqui em Feira a gente efetou essa pris\u00e3o com o Nerca, N\u00facleo de Salvador que apura crimes sexuais. Esse professor que est\u00e1 tendo sua imagem nas redes sociais vinculando a mat\u00e9ria n\u00e3o foi o professor alvo da opera\u00e7\u00e3o. Ele n\u00e3o foi pres\u201d, afirmou.<\/p>\n<p>A delegada alertou sobre os perigos de compartilhar informa\u00e7\u00f5es falsas e como isso pode prejudicar pessoas inocentes.<\/p>\n<p>\u201cFicamos horrorizados sobre como algo surge na internet sem nenhum tipo de embasamento. A Pol\u00edcia Civil em nenhum momento divulgou nome porque \u00e9 uma praxe, principalmente nesse tipo de crime, e a gente n\u00e3o divulga foto. Ent\u00e3o, pessoas de forma irrespons\u00e1vel est\u00e3o pegando reportagem sobre o fato, que n\u00e3o tem nome e nem imagem do preso, e colocando logo depois uma foto deste professor que nada tem a ver. \u00c9 algo muito perigoso. A gente n\u00e3o sabe de onde isso surgiu, mas foi fake news, \u00e9 algo que se espalha em quest\u00e3o de minutos nas redes sociais. As pessoas acabam lendo aquela reportagem e tomando como verdade, que a foto que estava sendo compartilhada junto ao link se refere \u00e0 mesma pessoa. Mas n\u00e3o \u00e9. A gente est\u00e1 aqui justamente para esclarecer que a imagem desse professor de hoje nada tem a ver com a pris\u00e3o que ocorreu em maio.\u201d<\/p>\n<p>Quanto ao professor chileno preso pelo armazenamento do material proibido, foi instaurado outro inqu\u00e9rito na delegacia para apurar se ele cometeu algum estupro de vulner\u00e1vel ou se produziu algum daqueles v\u00eddeos que estavam armazenados no computador e no celular dele.<\/p>\n<h2 class=\"wp-block-heading\" id=\"h-famialiares-divulgam-nota-publica\">Famialiares divulgam nota p\u00fablica<\/h2>\n<p>A fam\u00edlia de Phillipe est\u00e1 muito abalada com a fake news e publicou uma nota. Veja a seguir: <\/p>\n<p><strong><em>Nota P\u00fablica \u2013 Em nome da verdade e da dignidade de minha fam\u00edlia;<\/em><\/strong><\/p>\n<p><em>Nos \u00faltimos dias, minha fam\u00edlia tem sido alvo de uma infame e cruel campanha de desinforma\u00e7\u00e3o, que precisa ser urgentemente esclarecida.<\/em><\/p>\n<p><em>Circula desde ontem (03\/06) a reedi\u00e7\u00e3o de uma not\u00edcia originalmente publicada no dia 14\/05, a qual trata da pris\u00e3o de um criminoso por armazenamento e produ\u00e7\u00e3o de material de abuso sexual infantil na cidade de Feira de Santana. No entanto, de maneira leviana, irrespons\u00e1vel e profundamente mal-intencionada, algumas pessoas passaram a propagar que o indiv\u00edduo mencionado seria meu filho, Philipe Cerqueira de Melo, professor de ingl\u00eas nesta mesma cidade.<\/em><\/p>\n<p><em>Essa alega\u00e7\u00e3o \u00e9 absolutamente falsa. O verdadeiro autor do crime, segundo informado pelas autoridades competentes, \u00e9 de nacionalidade chilena, e n\u00e3o possui qualquer rela\u00e7\u00e3o com minha fam\u00edlia. O nome de meu filho sequer \u00e9 citado na reportagem original, e mesmo assim ele passou a ser injustamente associado a um crime hediondo, o que configura um ato de pura maldade e tentativa de destrui\u00e7\u00e3o moral.<\/em><\/p>\n<p><em>Para agravar ainda mais esse cen\u00e1rio, meu filho Philipe encontra-se afastado de suas atividades e sob cuidados m\u00e9dicos em outra cidade, tratando um quadro grave de depress\u00e3o profunda, com acompanhamento psiqui\u00e1trico cont\u00ednuo, ao lado de sua m\u00e3e. Em momento algum teve sequer a chance de se defender dessa cal\u00fania, o que torna essa situa\u00e7\u00e3o ainda mais dolorosa e revoltante.<\/em><\/p>\n<p><em>A dignidade de um ser humano, especialmente algu\u00e9m que luta contra a pr\u00f3pria sa\u00fade mental, jamais deveria ser usada como alvo de mentiras, ataques ou chacotas. O sofrimento que isso causa \u00e9 imensur\u00e1vel e atinge n\u00e3o apenas Philipe, mas todos n\u00f3s, seus familiares, amigos, colegas e alunos que o conhecem e sabem da sua integridade.<\/em><\/p>\n<p><em>Diante desse cen\u00e1rio, manifesto aqui minha mais profunda indigna\u00e7\u00e3o e rep\u00fadio \u00e0queles que, por desinforma\u00e7\u00e3o ou m\u00e1-f\u00e9, contribu\u00edram para a propaga\u00e7\u00e3o dessa cal\u00fania monstruosa. S\u00e3o atitudes como essas que destroem reputa\u00e7\u00f5es, arru\u00ednam vidas e alimentam um ciclo perverso de \u00f3dio gratuito.<\/em><\/p>\n<p><em>Por fim, agrade\u00e7o \u00e0s autoridades respons\u00e1veis pela apura\u00e7\u00e3o do caso e ao ve\u00edculo de imprensa que nos oferece este espa\u00e7o para esclarecer a verdade. \u00c9 gra\u00e7as \u00e0 presteza, responsabilidade e compromisso com a informa\u00e7\u00e3o correta que hoje podemos dar um passo essencial para limpar o nome de meu filho e resgatar a serenidade de nossa fam\u00edlia.<\/em><\/p>\n<p><em>Atenciosamente,<br \/>Jo\u00e3o Melo<\/em><\/p>\n<p><em>Siga o Acorda Cidade no<\/em><a href=\"https:\/\/news.google.com\/search?q=acorda%20cidade&amp;hl=pt-BR&amp;gl=BR&amp;ceid=BR%3Apt-419\"><strong><em> Google Not\u00edcias<\/em><\/strong><\/a><em> e receba os principais destaques do dia. Participe tamb\u00e9m dos nossos canais no <\/em><a href=\"https:\/\/www.whatsapp.com\/channel\/0029Va6Rb4v3WHTNnsh8WI3N\"><strong><em>WhatsApp<\/em><\/strong><\/a><em> e <\/em><a href=\"https:\/\/www.youtube.com\/@acordacidadenoticias\/videos\"><strong>YouTube<\/strong><\/a><em> e grupo de <\/em><a href=\"https:\/\/t.me\/+sSz0khrgARA0ZmRh\"><strong><em>Telegram<\/em><\/strong><\/a><em>.<\/em><\/p>\n<\/div>\n","protected":false},"excerpt":{"rendered":"<div>\n<div>\n<figure><img decoding=\"async\" src=\"https:\/\/uploads.acordacidade.com.br\/2025\/06\/cuidado-com-fake-news.jpeg\" alt=\"Fake news - Imagem do professor foi vinculada a uma not\u00edcia de pris\u00e3o por pornografia infantil\"><figcaption>Imagem do professor foi vinculada a uma not\u00edcia de pris\u00e3o por pornografia infantil<\/figcaption><\/figure>\n<\/div>\n<p>\u00c9 fake news a acusa\u00e7\u00e3o de que um professor de l\u00edngua estrangeira e propriet\u00e1rio de uma confeitaria de Feira de Santana, cuja imagem est\u00e1 circulando nas redes sociais, seja o mesmo professor que foi preso por armazenamento e produ\u00e7\u00e3o de pornografia infantil. O criador da fake news usou o link da reportagem do portal Acorda [\u2026]<\/p><\/div>\n","protected":false},"author":1,"featured_media":88773,"comment_status":"closed","ping_status":"closed","sticky":false,"template":"","format":"gallery","meta":{"footnotes":""},"categories":[8,9,6,57,56,10],"tags":[],"class_list":["post-88772","post","type-post","status-publish","format-gallery","has-post-thumbnail","hentry","category-bahia","category-brasil","category-feira-de-santana","category-mundo","category-policia","category-politica","post_format-post-format-gallery"],"featured_image_urls":{"full":["https:\/\/noticiasbahia360.com.br\/wp-content\/uploads\/2025\/06\/cuidado-com-fake-news.jpeg",733,500,false],"thumbnail":["https:\/\/noticiasbahia360.com.br\/wp-content\/uploads\/2025\/06\/cuidado-com-fake-news-150x150.jpeg",150,150,true],"medium":["https:\/\/noticiasbahia360.com.br\/wp-content\/uploads\/2025\/06\/cuidado-com-fake-news-300x205.jpeg",300,205,true],"medium_large":["https:\/\/noticiasbahia360.com.br\/wp-content\/uploads\/2025\/06\/cuidado-com-fake-news.jpeg",640,437,false],"large":["https:\/\/noticiasbahia360.com.br\/wp-content\/uploads\/2025\/06\/cuidado-com-fake-news.jpeg",640,437,false],"1536x1536":["https:\/\/noticiasbahia360.com.br\/wp-content\/uploads\/2025\/06\/cuidado-com-fake-news.jpeg",733,500,false],"2048x2048":["https:\/\/noticiasbahia360.com.br\/wp-content\/uploads\/2025\/06\/cuidado-com-fake-news.jpeg",733,500,false],"chromenews-featured":["https:\/\/noticiasbahia360.com.br\/wp-content\/uploads\/2025\/06\/cuidado-com-fake-news.jpeg",733,500,false],"chromenews-large":["https:\/\/noticiasbahia360.com.br\/wp-content\/uploads\/2025\/06\/cuidado-com-fake-news.jpeg",733,500,false],"chromenews-medium":["https:\/\/noticiasbahia360.com.br\/wp-content\/uploads\/2025\/06\/cuidado-com-fake-news-590x410.jpeg",590,410,true]},"author_info":{"display_name":"noticiasbahia360.com.br","author_link":"https:\/\/noticiasbahia360.com.br\/?author=1"},"category_info":"<a href=\"https:\/\/noticiasbahia360.com.br\/?cat=8\" rel=\"category\">Bahia<\/a> <a href=\"https:\/\/noticiasbahia360.com.br\/?cat=9\" rel=\"category\">Brasil<\/a> <a href=\"https:\/\/noticiasbahia360.com.br\/?cat=6\" rel=\"category\">Feira de Santana<\/a> <a href=\"https:\/\/noticiasbahia360.com.br\/?cat=57\" rel=\"category\">Mundo<\/a> <a href=\"https:\/\/noticiasbahia360.com.br\/?cat=56\" rel=\"category\">Pol\u00edcia<\/a> <a href=\"https:\/\/noticiasbahia360.com.br\/?cat=10\" rel=\"category\">Pol\u00edtica<\/a>","tag_info":"Pol\u00edtica","comment_count":"0","_links":{"self":[{"href":"https:\/\/noticiasbahia360.com.br\/index.php?rest_route=\/wp\/v2\/posts\/88772","targetHints":{"allow":["GET"]}}],"collection":[{"href":"https:\/\/noticiasbahia360.com.br\/index.php?rest_route=\/wp\/v2\/posts"}],"about":[{"href":"https:\/\/noticiasbahia360.com.br\/index.php?rest_route=\/wp\/v2\/types\/post"}],"author":[{"embeddable":true,"href":"https:\/\/noticiasbahia360.com.br\/index.php?rest_route=\/wp\/v2\/users\/1"}],"replies":[{"embeddable":true,"href":"https:\/\/noticiasbahia360.com.br\/index.php?rest_route=%2Fwp%2Fv2%2Fcomments&post=88772"}],"version-history":[{"count":0,"href":"https:\/\/noticiasbahia360.com.br\/index.php?rest_route=\/wp\/v2\/posts\/88772\/revisions"}],"wp:featuredmedia":[{"embeddable":true,"href":"https:\/\/noticiasbahia360.com.br\/index.php?rest_route=\/wp\/v2\/media\/88773"}],"wp:attachment":[{"href":"https:\/\/noticiasbahia360.com.br\/index.php?rest_route=%2Fwp%2Fv2%2Fmedia&parent=88772"}],"wp:term":[{"taxonomy":"category","embeddable":true,"href":"https:\/\/noticiasbahia360.com.br\/index.php?rest_route=%2Fwp%2Fv2%2Fcategories&post=88772"},{"taxonomy":"post_tag","embeddable":true,"href":"https:\/\/noticiasbahia360.com.br\/index.php?rest_route=%2Fwp%2Fv2%2Ftags&post=88772"}],"curies":[{"name":"wp","href":"https:\/\/api.w.org\/{rel}","templated":true}]}} 