{"id":88779,"date":"2025-06-04T22:51:06","date_gmt":"2025-06-05T01:51:06","guid":{"rendered":"https:\/\/noticiasbahia360.com.br\/?p=88779"},"modified":"2025-06-04T22:51:06","modified_gmt":"2025-06-05T01:51:06","slug":"inscricoes-para-estagio-na-caixa-terminam-nesta-quinta","status":"publish","type":"post","link":"https:\/\/noticiasbahia360.com.br\/?p=88779","title":{"rendered":"Inscri\u00e7\u00f5es para est\u00e1gio na Caixa terminam nesta quinta"},"content":{"rendered":"<div>\n<div>\n<figure><img decoding=\"async\" src=\"http:\/\/noticiasbahia360.com.br\/wp-content\/uploads\/2025\/06\/RtXcGoMn-pessoas-na-frente-agencia-caixa-economica-federal-banco-de-feira-de-santana-foto-paulo-jose-acorda-cidade-01.jpg\" alt=\"Ag\u00eancia da Caixa Econ\u00f4mica Federal em Feira de Santana\"><figcaption>Ag\u00eancia da Caixa Econ\u00f4mica Federal em Feira de Santana | Foto: Paulo Jos\u00e9 \/ Acorda Cidade <\/figcaption><\/figure>\n<\/div>\n<p>Estudantes do ensino m\u00e9dio, t\u00e9cnico e superior t\u00eam at\u00e9 esta quinta-feira, dia 5, para se inscrever<a href=\"https:\/\/www.superestagios.com.br\/index\/processoSeletivo\/processo.php?v=MjIy\" target=\"_blank\" rel=\"noreferrer noopener\"> no processo seletivo da Caixa Econ\u00f4mica Federal (CEF 01\/25), <\/a>que visa \u00e0 forma\u00e7\u00e3o de cadastro reserva para vagas de est\u00e1gio em todas as regi\u00f5es do Brasil. As inscri\u00e7\u00f5es devem ser realizadas pelo<a href=\"https:\/\/www.superestagios.com.br\/index\/processoSeletivo\/processo.php?v=MjIy\" target=\"_blank\" rel=\"noreferrer noopener\"> site da Super Est\u00e1gios<\/a>, onde o candidato tamb\u00e9m escolher\u00e1 a localidade em que deseja concorrer. A contrata\u00e7\u00e3o ser\u00e1 feita por meio do Agente de Integra\u00e7\u00e3o Super Est\u00e1gios. H\u00e1 vagas para Feira de Santana e outras cidades  do Brasil. <\/p>\n<p>Para participar do processo seletivo, o estudante deve estar regularmente matriculado em institui\u00e7\u00f5es de ensino p\u00fablicas ou privadas, com frequ\u00eancia efetiva em curso reconhecido pelo MEC, nos n\u00edveis m\u00e9dio, t\u00e9cnico ou n\u00edvel superior. Al\u00e9m disso, \u00e9 necess\u00e1rio ter no m\u00ednimo 16 anos. Ser\u00e3o asseguradas 10% das vagas para Pessoas com Defici\u00eancia (PcDs), 30% para candidatos que se autodeclararem pretos ou pardos e 3% para candidatos ind\u00edgenas.<\/p>\n<p><strong>As vagas de n\u00edvel superior s\u00e3o voltadas para estudantes dos cursos de Direito, Arquitetura, Engenharia, Economia, TI e Projetos Sociais (Pedagogia, Psicologia, Servi\u00e7o Social, Ci\u00eancias Sociais ou Ci\u00eancia Pol\u00edtica).<\/strong><\/p>\n<p>Ap\u00f3s a inscri\u00e7\u00e3o, os candidatos realizar\u00e3o uma prova online. Para as vagas de n\u00edvel superior, haver\u00e1 tamb\u00e9m uma etapa de entrevista. A bolsa aux\u00edlio varia de at\u00e9 R$ 1.100 para estagi\u00e1rios de n\u00edvel superior e de R$ 500 para os n\u00edveis m\u00e9dio e t\u00e9cnico. Al\u00e9m disso, os estudantes receber\u00e3o um aux\u00edlio transporte de R$ 130 por m\u00eas.<\/p>\n<figure class=\"wp-block-image size-large\"><img fetchpriority=\"high\" data-dominant-color=\"c3cccf\" data-has-transparency=\"false\" style=\"--dominant-color: #c3cccf;\" fetchpriority=\"high\" decoding=\"async\" width=\"1135\" height=\"768\" sizes=\"(max-width: 1135px) 100vw, 1135px\" src=\"http:\/\/noticiasbahia360.com.br\/wp-content\/uploads\/2025\/06\/6BrUW4Up-estagio-na-caixa-inscricao-1135x768-1.webp\" alt=\"est\u00e1gio na caixa inscri\u00e7\u00e3o\" class=\"wp-image-562266 not-transparent\" srcset=\"https:\/\/uploads.acordacidade.com.br\/2025\/06\/6BrUW4Up-estagio-na-caixa-inscricao-539x365.webp 539w, http:\/\/noticiasbahia360.com.br\/wp-content\/uploads\/2025\/06\/6BrUW4Up-estagio-na-caixa-inscricao-1135x768-1.webp 1135w, https:\/\/uploads.acordacidade.com.br\/2025\/06\/6BrUW4Up-estagio-na-caixa-inscricao-817x553.webp 817w, https:\/\/uploads.acordacidade.com.br\/2025\/06\/6BrUW4Up-estagio-na-caixa-inscricao-150x102.webp 150w, https:\/\/uploads.acordacidade.com.br\/2025\/06\/6BrUW4Up-estagio-na-caixa-inscricao.webp 1200w\"><figcaption class=\"wp-element-caption\">Fonte: CEF 01\/25<\/figcaption><\/figure>\n<h2 class=\"wp-block-heading\" id=\"h-estagio-na-caixa\">Est\u00e1gio na Caixa<\/h2>\n<p>As vagas para estagi\u00e1rios de ensino m\u00e9dio e superior s\u00e3o renovadas conforme expiram os contratos vigentes, com prazo de seis meses at\u00e9 dois anos.<\/p>\n<p>O Programa de Est\u00e1gio Caixa contribui para a forma\u00e7\u00e3o profissional de jovens alunos, por meio da concess\u00e3o de est\u00e1gios supervisionados em um ambiente de trabalho. Esse programa promove a pr\u00e1tica da cidadania e valores \u00e9ticos e profissionais dentro da Caixa. Em contrapartida, esses jovens enriquecem a empresa com ideias criativas e inovadoras do meio acad\u00eamico e escolar, contribuindo para a obten\u00e7\u00e3o de resultados sustent\u00e1veis.<\/p>\n<\/div>\n","protected":false},"excerpt":{"rendered":"<div>\n<div>\n<figure><img decoding=\"async\" src=\"https:\/\/uploads.acordacidade.com.br\/2024\/09\/RtXcGoMn-pessoas-na-frente-agencia-caixa-economica-federal-banco-de-feira-de-santana-foto-paulo-jose-acorda-cidade-01.jpg\" alt=\"Ag\u00eancia da Caixa Econ\u00f4mica Federal em Feira de Santana\"><figcaption>Ag\u00eancia da Caixa Econ\u00f4mica Federal em Feira de Santana | Foto: Paulo Jos\u00e9 \/ Acorda Cidade <\/figcaption><\/figure>\n<\/div>\n<p>Processo seletivo para estagi\u00e1rios de n\u00edvel m\u00e9dio, t\u00e9cnico e superior \u00e9 realizado pelo site da empresa Super Est\u00e1gios\u200b.<\/p><\/div>\n","protected":false},"author":1,"featured_media":88780,"comment_status":"closed","ping_status":"closed","sticky":false,"template":"","format":"gallery","meta":{"footnotes":""},"categories":[8,9,6,57,56,10],"tags":[],"class_list":["post-88779","post","type-post","status-publish","format-gallery","has-post-thumbnail","hentry","category-bahia","category-brasil","category-feira-de-santana","category-mundo","category-policia","category-politica","post_format-post-format-gallery"],"featured_image_urls":{"full":["https:\/\/noticiasbahia360.com.br\/wp-content\/uploads\/2025\/06\/RtXcGoMn-pessoas-na-frente-agencia-caixa-economica-federal-banco-de-feira-de-santana-foto-paulo-jose-acorda-cidade-01.jpg",640,361,false],"thumbnail":["https:\/\/noticiasbahia360.com.br\/wp-content\/uploads\/2025\/06\/RtXcGoMn-pessoas-na-frente-agencia-caixa-economica-federal-banco-de-feira-de-santana-foto-paulo-jose-acorda-cidade-01-150x150.jpg",150,150,true],"medium":["https:\/\/noticiasbahia360.com.br\/wp-content\/uploads\/2025\/06\/RtXcGoMn-pessoas-na-frente-agencia-caixa-economica-federal-banco-de-feira-de-santana-foto-paulo-jose-acorda-cidade-01-300x169.jpg",300,169,true],"medium_large":["https:\/\/noticiasbahia360.com.br\/wp-content\/uploads\/2025\/06\/RtXcGoMn-pessoas-na-frente-agencia-caixa-economica-federal-banco-de-feira-de-santana-foto-paulo-jose-acorda-cidade-01.jpg",640,361,false],"large":["https:\/\/noticiasbahia360.com.br\/wp-content\/uploads\/2025\/06\/RtXcGoMn-pessoas-na-frente-agencia-caixa-economica-federal-banco-de-feira-de-santana-foto-paulo-jose-acorda-cidade-01.jpg",640,361,false],"1536x1536":["https:\/\/noticiasbahia360.com.br\/wp-content\/uploads\/2025\/06\/RtXcGoMn-pessoas-na-frente-agencia-caixa-economica-federal-banco-de-feira-de-santana-foto-paulo-jose-acorda-cidade-01.jpg",640,361,false],"2048x2048":["https:\/\/noticiasbahia360.com.br\/wp-content\/uploads\/2025\/06\/RtXcGoMn-pessoas-na-frente-agencia-caixa-economica-federal-banco-de-feira-de-santana-foto-paulo-jose-acorda-cidade-01.jpg",640,361,false],"chromenews-featured":["https:\/\/noticiasbahia360.com.br\/wp-content\/uploads\/2025\/06\/RtXcGoMn-pessoas-na-frente-agencia-caixa-economica-federal-banco-de-feira-de-santana-foto-paulo-jose-acorda-cidade-01.jpg",640,361,false],"chromenews-large":["https:\/\/noticiasbahia360.com.br\/wp-content\/uploads\/2025\/06\/RtXcGoMn-pessoas-na-frente-agencia-caixa-economica-federal-banco-de-feira-de-santana-foto-paulo-jose-acorda-cidade-01.jpg",640,361,false],"chromenews-medium":["https:\/\/noticiasbahia360.com.br\/wp-content\/uploads\/2025\/06\/RtXcGoMn-pessoas-na-frente-agencia-caixa-economica-federal-banco-de-feira-de-santana-foto-paulo-jose-acorda-cidade-01-590x361.jpg",590,361,true]},"author_info":{"display_name":"noticiasbahia360.com.br","author_link":"https:\/\/noticiasbahia360.com.br\/?author=1"},"category_info":"<a href=\"https:\/\/noticiasbahia360.com.br\/?cat=8\" rel=\"category\">Bahia<\/a> <a href=\"https:\/\/noticiasbahia360.com.br\/?cat=9\" rel=\"category\">Brasil<\/a> <a href=\"https:\/\/noticiasbahia360.com.br\/?cat=6\" rel=\"category\">Feira de Santana<\/a> <a href=\"https:\/\/noticiasbahia360.com.br\/?cat=57\" rel=\"category\">Mundo<\/a> <a href=\"https:\/\/noticiasbahia360.com.br\/?cat=56\" rel=\"category\">Pol\u00edcia<\/a> <a href=\"https:\/\/noticiasbahia360.com.br\/?cat=10\" rel=\"category\">Pol\u00edtica<\/a>","tag_info":"Pol\u00edtica","comment_count":"0","_links":{"self":[{"href":"https:\/\/noticiasbahia360.com.br\/index.php?rest_route=\/wp\/v2\/posts\/88779","targetHints":{"allow":["GET"]}}],"collection":[{"href":"https:\/\/noticiasbahia360.com.br\/index.php?rest_route=\/wp\/v2\/posts"}],"about":[{"href":"https:\/\/noticiasbahia360.com.br\/index.php?rest_route=\/wp\/v2\/types\/post"}],"author":[{"embeddable":true,"href":"https:\/\/noticiasbahia360.com.br\/index.php?rest_route=\/wp\/v2\/users\/1"}],"replies":[{"embeddable":true,"href":"https:\/\/noticiasbahia360.com.br\/index.php?rest_route=%2Fwp%2Fv2%2Fcomments&post=88779"}],"version-history":[{"count":0,"href":"https:\/\/noticiasbahia360.com.br\/index.php?rest_route=\/wp\/v2\/posts\/88779\/revisions"}],"wp:featuredmedia":[{"embeddable":true,"href":"https:\/\/noticiasbahia360.com.br\/index.php?rest_route=\/wp\/v2\/media\/88780"}],"wp:attachment":[{"href":"https:\/\/noticiasbahia360.com.br\/index.php?rest_route=%2Fwp%2Fv2%2Fmedia&parent=88779"}],"wp:term":[{"taxonomy":"category","embeddable":true,"href":"https:\/\/noticiasbahia360.com.br\/index.php?rest_route=%2Fwp%2Fv2%2Fcategories&post=88779"},{"taxonomy":"post_tag","embeddable":true,"href":"https:\/\/noticiasbahia360.com.br\/index.php?rest_route=%2Fwp%2Fv2%2Ftags&post=88779"}],"curies":[{"name":"wp","href":"https:\/\/api.w.org\/{rel}","templated":true}]}}