{"id":88782,"date":"2025-06-04T23:15:45","date_gmt":"2025-06-05T02:15:45","guid":{"rendered":"https:\/\/noticiasbahia360.com.br\/?p=88782"},"modified":"2025-06-04T23:15:45","modified_gmt":"2025-06-05T02:15:45","slug":"preso-suspeito-de-matar-homem-apos-discussao-causada-por-barulho-de-caminhao-em-feira-de-santana","status":"publish","type":"post","link":"https:\/\/noticiasbahia360.com.br\/?p=88782","title":{"rendered":"Preso suspeito de matar homem ap\u00f3s discuss\u00e3o causada por barulho de caminh\u00e3o em Feira de Santana"},"content":{"rendered":"<div>\n<div>\n<figure><img decoding=\"async\" src=\"http:\/\/noticiasbahia360.com.br\/wp-content\/uploads\/2025\/06\/Complexo-policial-investigador-bandeira-foto-kelly-hosana.jpeg\" alt=\"Complexo policial investigador bandeira\"><figcaption>Foto: Kelly Hosana \/ GOV-BA<\/figcaption><\/figure>\n<\/div>\n<p>Na tarde desta quarta-feira, 04 de junho de 2025, a Pol\u00edcia Civil da Bahia, por meio da Delegacia de <a href=\"https:\/\/www.acordacidade.com.br\/tag\/delegacia-de-homicidios\/\">Homic\u00eddios de Feira de Santana (DH)<\/a>, cumpriu mandado de pris\u00e3o tempor\u00e1ria contra um homem de 43 anos, investigado pelo homic\u00eddio de George Oliveira de Jesus, ocorrido em 17 de abril deste ano, no bairro Asa Branca.<\/p>\n<p>Segundo as investiga\u00e7\u00f5es, a v\u00edtima foi surpreendida por disparos de arma de fogo ap\u00f3s uma discuss\u00e3o banal envolvendo o barulho do motor de um caminh\u00e3o guincho. Segundo a Delegacia de Homic\u00eddios, George havia acabado de ligar o ve\u00edculo, estacionado em frente a uma igreja, quando foi abordado de forma agressiva pelo autor, que sacou uma arma e atirou.<\/p>\n<p>Mesmo ferido no bra\u00e7o, George tentou fugir, sendo perseguido e novamente atingido por disparos, vindo a falecer dentro de uma resid\u00eancia pr\u00f3xima, na Rua Lazer, onde buscou abrigo.<\/p>\n<p>O autor, morador da regi\u00e3o, confessou a pr\u00e1tica do crime durante interrogat\u00f3rio, alegando que agiu em leg\u00edtima defesa. Contudo, a investiga\u00e7\u00e3o revelou fortes ind\u00edcios de execu\u00e7\u00e3o com motiva\u00e7\u00e3o f\u00fatil, com disparos \u00e0 queima-roupa e persegui\u00e7\u00e3o cont\u00ednua \u00e0 v\u00edtima j\u00e1 em fuga.<\/p>\n<p>A pris\u00e3o foi autorizada pelo Ju\u00edzo da Vara do J\u00fari de Feira de Santana, com base nos fortes ind\u00edcios de autoria e na necessidade de garantir a tranquilidade de testemunhas temerosas, que poder\u00e3o contribuir de forma mais segura com as investiga\u00e7\u00f5es agora que o suspeito est\u00e1 custodiado.<\/p>\n<p>O cerco que culminou na pris\u00e3o foi realizado por equipes da DH, que localizaram o investigado e efetuaram a captura sem resist\u00eancia.<\/p>\n<p>A Delegacia de Homic\u00eddios destacou que segue trabalhando para elucidar todos os crimes letais intencionais ocorridos na cidade, reafirmando seu compromisso com a redu\u00e7\u00e3o da viol\u00eancia e a responsabiliza\u00e7\u00e3o de autores de homic\u00eddios.<\/p>\n<p><em>Siga o Acorda Cidade no<\/em><a href=\"https:\/\/news.google.com\/search?q=acorda%20cidade&amp;hl=pt-BR&amp;gl=BR&amp;ceid=BR%3Apt-419\"><strong><em> Google Not\u00edcias<\/em><\/strong><\/a><em> e receba os principais destaques do dia. Participe tamb\u00e9m dos nossos canais no <\/em><a href=\"https:\/\/www.whatsapp.com\/channel\/0029Va6Rb4v3WHTNnsh8WI3N\"><strong><em>WhatsApp<\/em><\/strong><\/a><em> e <\/em><a href=\"https:\/\/www.youtube.com\/@acordacidadenoticias\/videos\"><strong>YouTube<\/strong><\/a><em> e grupo de <\/em><a href=\"https:\/\/t.me\/+sSz0khrgARA0ZmRh\"><strong><em>Telegram<\/em><\/strong><\/a><em>.<\/em><\/p>\n<\/div>\n","protected":false},"excerpt":{"rendered":"<div>\n<div>\n<figure><img decoding=\"async\" src=\"https:\/\/uploads.acordacidade.com.br\/wp-content\/uploads\/2023\/01\/11201309\/Complexo-policial-investigador-bandeira-foto-kelly-hosana.jpeg\" alt=\"Complexo policial investigador bandeira\"><figcaption>Foto: Kelly Hosana \/ GOV-BA<\/figcaption><\/figure>\n<\/div>\n<p>O autor confessou o crime durante interrogat\u00f3rio, alegando que agiu em leg\u00edtima defesa. Contudo, a investiga\u00e7\u00e3o revelou fortes ind\u00edcios de execu\u00e7\u00e3o.<\/p><\/div>\n","protected":false},"author":1,"featured_media":88783,"comment_status":"closed","ping_status":"closed","sticky":false,"template":"","format":"gallery","meta":{"footnotes":""},"categories":[8,9,6,57,56,10],"tags":[],"class_list":["post-88782","post","type-post","status-publish","format-gallery","has-post-thumbnail","hentry","category-bahia","category-brasil","category-feira-de-santana","category-mundo","category-policia","category-politica","post_format-post-format-gallery"],"featured_image_urls":{"full":["https:\/\/noticiasbahia360.com.br\/wp-content\/uploads\/2025\/06\/Complexo-policial-investigador-bandeira-foto-kelly-hosana.jpeg",640,480,false],"thumbnail":["https:\/\/noticiasbahia360.com.br\/wp-content\/uploads\/2025\/06\/Complexo-policial-investigador-bandeira-foto-kelly-hosana-150x150.jpeg",150,150,true],"medium":["https:\/\/noticiasbahia360.com.br\/wp-content\/uploads\/2025\/06\/Complexo-policial-investigador-bandeira-foto-kelly-hosana-300x225.jpeg",300,225,true],"medium_large":["https:\/\/noticiasbahia360.com.br\/wp-content\/uploads\/2025\/06\/Complexo-policial-investigador-bandeira-foto-kelly-hosana.jpeg",640,480,false],"large":["https:\/\/noticiasbahia360.com.br\/wp-content\/uploads\/2025\/06\/Complexo-policial-investigador-bandeira-foto-kelly-hosana.jpeg",640,480,false],"1536x1536":["https:\/\/noticiasbahia360.com.br\/wp-content\/uploads\/2025\/06\/Complexo-policial-investigador-bandeira-foto-kelly-hosana.jpeg",640,480,false],"2048x2048":["https:\/\/noticiasbahia360.com.br\/wp-content\/uploads\/2025\/06\/Complexo-policial-investigador-bandeira-foto-kelly-hosana.jpeg",640,480,false],"chromenews-featured":["https:\/\/noticiasbahia360.com.br\/wp-content\/uploads\/2025\/06\/Complexo-policial-investigador-bandeira-foto-kelly-hosana.jpeg",640,480,false],"chromenews-large":["https:\/\/noticiasbahia360.com.br\/wp-content\/uploads\/2025\/06\/Complexo-policial-investigador-bandeira-foto-kelly-hosana.jpeg",640,480,false],"chromenews-medium":["https:\/\/noticiasbahia360.com.br\/wp-content\/uploads\/2025\/06\/Complexo-policial-investigador-bandeira-foto-kelly-hosana-590x410.jpeg",590,410,true]},"author_info":{"display_name":"noticiasbahia360.com.br","author_link":"https:\/\/noticiasbahia360.com.br\/?author=1"},"category_info":"<a href=\"https:\/\/noticiasbahia360.com.br\/?cat=8\" rel=\"category\">Bahia<\/a> <a href=\"https:\/\/noticiasbahia360.com.br\/?cat=9\" rel=\"category\">Brasil<\/a> <a href=\"https:\/\/noticiasbahia360.com.br\/?cat=6\" rel=\"category\">Feira de Santana<\/a> <a href=\"https:\/\/noticiasbahia360.com.br\/?cat=57\" rel=\"category\">Mundo<\/a> <a href=\"https:\/\/noticiasbahia360.com.br\/?cat=56\" rel=\"category\">Pol\u00edcia<\/a> <a href=\"https:\/\/noticiasbahia360.com.br\/?cat=10\" rel=\"category\">Pol\u00edtica<\/a>","tag_info":"Pol\u00edtica","comment_count":"0","_links":{"self":[{"href":"https:\/\/noticiasbahia360.com.br\/index.php?rest_route=\/wp\/v2\/posts\/88782","targetHints":{"allow":["GET"]}}],"collection":[{"href":"https:\/\/noticiasbahia360.com.br\/index.php?rest_route=\/wp\/v2\/posts"}],"about":[{"href":"https:\/\/noticiasbahia360.com.br\/index.php?rest_route=\/wp\/v2\/types\/post"}],"author":[{"embeddable":true,"href":"https:\/\/noticiasbahia360.com.br\/index.php?rest_route=\/wp\/v2\/users\/1"}],"replies":[{"embeddable":true,"href":"https:\/\/noticiasbahia360.com.br\/index.php?rest_route=%2Fwp%2Fv2%2Fcomments&post=88782"}],"version-history":[{"count":0,"href":"https:\/\/noticiasbahia360.com.br\/index.php?rest_route=\/wp\/v2\/posts\/88782\/revisions"}],"wp:featuredmedia":[{"embeddable":true,"href":"https:\/\/noticiasbahia360.com.br\/index.php?rest_route=\/wp\/v2\/media\/88783"}],"wp:attachment":[{"href":"https:\/\/noticiasbahia360.com.br\/index.php?rest_route=%2Fwp%2Fv2%2Fmedia&parent=88782"}],"wp:term":[{"taxonomy":"category","embeddable":true,"href":"https:\/\/noticiasbahia360.com.br\/index.php?rest_route=%2Fwp%2Fv2%2Fcategories&post=88782"},{"taxonomy":"post_tag","embeddable":true,"href":"https:\/\/noticiasbahia360.com.br\/index.php?rest_route=%2Fwp%2Fv2%2Ftags&post=88782"}],"curies":[{"name":"wp","href":"https:\/\/api.w.org\/{rel}","templated":true}]}}