{"id":88789,"date":"2025-06-05T06:41:45","date_gmt":"2025-06-05T09:41:45","guid":{"rendered":"https:\/\/noticiasbahia360.com.br\/?p=88789"},"modified":"2025-06-05T06:41:45","modified_gmt":"2025-06-05T09:41:45","slug":"policia-civil-deflagra-operacao-contra-grupo-responsavel-por-roubos-de-canetas-para-emagrecimento-em-farmacias","status":"publish","type":"post","link":"https:\/\/noticiasbahia360.com.br\/?p=88789","title":{"rendered":"Pol\u00edcia Civil deflagra opera\u00e7\u00e3o contra grupo respons\u00e1vel por roubos de canetas para emagrecimento em farm\u00e1cias"},"content":{"rendered":"<div>\n<div>\n<figure><img decoding=\"async\" src=\"http:\/\/noticiasbahia360.com.br\/wp-content\/uploads\/2025\/06\/policia-civl-em-salvador-pelourinho-Operacao-Mirakel.jpg\" alt=\"pol\u00edcia civil em salvador pelourinho Opera\u00e7\u00e3o Mirakel\"><figcaption>Foto: Tony Silva \/ Ascom-PCBA.<\/figcaption><\/figure>\n<\/div>\n<p>A Pol\u00edcia Civil da Bahia, por meio da 14\u00aa Delegacia Territorial da Barra (DT\/Barra), deflagrou a primeira fase da Opera\u00e7\u00e3o Mirakel, em Salvador, nesta quinta-feira (5). O objetivo \u00e9 desarticular um grupo especializado em roubos de subst\u00e2ncias emagrecedoras injet\u00e1veis, conhecidas como canetas para emagrecimento, e prender os envolvidos.<\/p>\n<p><strong>Mirakel, nome da opera\u00e7\u00e3o, significa \u201cmilagre\u201d em dinamarqu\u00eas<\/strong>, <strong>pa\u00eds onde um dos medicamentos roubados \u00e9 produzido. <\/strong>De acordo com as apura\u00e7\u00f5es, o grupo atacou 23 farm\u00e1cias nos bairros de Itapu\u00e3, Costa Azul, Arma\u00e7\u00e3o, Pituba, Ondina, Barra, Gra\u00e7a, Cabula e Horto Florestal.<strong> O preju\u00edzo causado pelos crimes, cometidos entre fevereiro e maio deste ano, \u00e9 de aproximadamente R$ 2 milh\u00f5es.<\/strong><\/p>\n<p>Conforme as investiga\u00e7\u00f5es, as lideran\u00e7as do grupo corrompiam adolescentes para a pr\u00e1tica criminosa, e alguns integrantes cometiam os roubos disfar\u00e7ados de entregadores por aplicativo. As a\u00e7\u00f5es contam com o apoio do Departamento de Pol\u00edcia Metropolitana (Depom), da 7\u00aa Delegacia Territorial do Rio Vermelho (DT\/Rio Vermelho), da 1\u00aa Delegacia Territorial (DT\/Barris), do Departamento de Intelig\u00eancia Policial (DIP) e da Coordena\u00e7\u00e3o de Opera\u00e7\u00f5es e Recursos Especiais (Core).<\/p>\n<p>As investiga\u00e7\u00f5es ter\u00e3o continuidade, visando identificar e prender outros poss\u00edveis envolvidos com o esquema criminoso. A popula\u00e7\u00e3o pode colaborar de forma an\u00f4nima, fornecendo informa\u00e7\u00f5es ao Disque Den\u00fancia da Secretaria da Seguran\u00e7a P\u00fablica (SSP-BA), por meio do n\u00famero 181.<\/p>\n<p><em>Siga o Acorda Cidade no<\/em><a href=\"https:\/\/news.google.com\/search?q=acorda%20cidade&amp;hl=pt-BR&amp;gl=BR&amp;ceid=BR%3Apt-419\"><strong><em> Google Not\u00edcias<\/em><\/strong><\/a><em> e receba os principais destaques do dia. Participe tamb\u00e9m dos nossos canais no <\/em><a href=\"https:\/\/www.whatsapp.com\/channel\/0029Va6Rb4v3WHTNnsh8WI3N\"><strong><em>WhatsApp<\/em><\/strong><\/a><em> e <\/em><a href=\"https:\/\/www.youtube.com\/@acordacidadenoticias\/videos\"><strong>YouTube<\/strong><\/a><em> e grupo de <\/em><a href=\"https:\/\/t.me\/+sSz0khrgARA0ZmRh\"><strong><em>Telegram<\/em><\/strong><\/a><em>.<\/em><\/p>\n<\/div>\n","protected":false},"excerpt":{"rendered":"<div>\n<div>\n<figure><img decoding=\"async\" src=\"https:\/\/uploads.acordacidade.com.br\/2025\/06\/policia-civl-em-salvador-pelourinho-Operacao-Mirakel.jpg\" alt=\"pol\u00edcia civil em salvador pelourinho Opera\u00e7\u00e3o Mirakel\"><figcaption>Foto: Tony Silva \/ Ascom-PCBA.<\/figcaption><\/figure>\n<\/div>\n<p>Mandados judiciais s\u00e3o cumpridos durante a primeira fase da Opera\u00e7\u00e3o Mirakel, em Salvador. Mais de 20 farm\u00e1cias foram atacadas pelos criminosos na capital baiana<\/p><\/div>\n","protected":false},"author":1,"featured_media":88790,"comment_status":"closed","ping_status":"closed","sticky":false,"template":"","format":"gallery","meta":{"footnotes":""},"categories":[8,9,6,57,56,10],"tags":[],"class_list":["post-88789","post","type-post","status-publish","format-gallery","has-post-thumbnail","hentry","category-bahia","category-brasil","category-feira-de-santana","category-mundo","category-policia","category-politica","post_format-post-format-gallery"],"featured_image_urls":{"full":["https:\/\/noticiasbahia360.com.br\/wp-content\/uploads\/2025\/06\/policia-civl-em-salvador-pelourinho-Operacao-Mirakel.jpg",1200,900,false],"thumbnail":["https:\/\/noticiasbahia360.com.br\/wp-content\/uploads\/2025\/06\/policia-civl-em-salvador-pelourinho-Operacao-Mirakel-150x150.jpg",150,150,true],"medium":["https:\/\/noticiasbahia360.com.br\/wp-content\/uploads\/2025\/06\/policia-civl-em-salvador-pelourinho-Operacao-Mirakel-300x225.jpg",300,225,true],"medium_large":["https:\/\/noticiasbahia360.com.br\/wp-content\/uploads\/2025\/06\/policia-civl-em-salvador-pelourinho-Operacao-Mirakel-768x576.jpg",640,480,true],"large":["https:\/\/noticiasbahia360.com.br\/wp-content\/uploads\/2025\/06\/policia-civl-em-salvador-pelourinho-Operacao-Mirakel-1024x768.jpg",640,480,true],"1536x1536":["https:\/\/noticiasbahia360.com.br\/wp-content\/uploads\/2025\/06\/policia-civl-em-salvador-pelourinho-Operacao-Mirakel.jpg",1200,900,false],"2048x2048":["https:\/\/noticiasbahia360.com.br\/wp-content\/uploads\/2025\/06\/policia-civl-em-salvador-pelourinho-Operacao-Mirakel.jpg",1200,900,false],"chromenews-featured":["https:\/\/noticiasbahia360.com.br\/wp-content\/uploads\/2025\/06\/policia-civl-em-salvador-pelourinho-Operacao-Mirakel-1024x768.jpg",1024,768,true],"chromenews-large":["https:\/\/noticiasbahia360.com.br\/wp-content\/uploads\/2025\/06\/policia-civl-em-salvador-pelourinho-Operacao-Mirakel-825x575.jpg",825,575,true],"chromenews-medium":["https:\/\/noticiasbahia360.com.br\/wp-content\/uploads\/2025\/06\/policia-civl-em-salvador-pelourinho-Operacao-Mirakel-590x410.jpg",590,410,true]},"author_info":{"display_name":"noticiasbahia360.com.br","author_link":"https:\/\/noticiasbahia360.com.br\/?author=1"},"category_info":"<a href=\"https:\/\/noticiasbahia360.com.br\/?cat=8\" rel=\"category\">Bahia<\/a> <a href=\"https:\/\/noticiasbahia360.com.br\/?cat=9\" rel=\"category\">Brasil<\/a> <a href=\"https:\/\/noticiasbahia360.com.br\/?cat=6\" rel=\"category\">Feira de Santana<\/a> <a href=\"https:\/\/noticiasbahia360.com.br\/?cat=57\" rel=\"category\">Mundo<\/a> <a href=\"https:\/\/noticiasbahia360.com.br\/?cat=56\" rel=\"category\">Pol\u00edcia<\/a> <a href=\"https:\/\/noticiasbahia360.com.br\/?cat=10\" rel=\"category\">Pol\u00edtica<\/a>","tag_info":"Pol\u00edtica","comment_count":"0","_links":{"self":[{"href":"https:\/\/noticiasbahia360.com.br\/index.php?rest_route=\/wp\/v2\/posts\/88789","targetHints":{"allow":["GET"]}}],"collection":[{"href":"https:\/\/noticiasbahia360.com.br\/index.php?rest_route=\/wp\/v2\/posts"}],"about":[{"href":"https:\/\/noticiasbahia360.com.br\/index.php?rest_route=\/wp\/v2\/types\/post"}],"author":[{"embeddable":true,"href":"https:\/\/noticiasbahia360.com.br\/index.php?rest_route=\/wp\/v2\/users\/1"}],"replies":[{"embeddable":true,"href":"https:\/\/noticiasbahia360.com.br\/index.php?rest_route=%2Fwp%2Fv2%2Fcomments&post=88789"}],"version-history":[{"count":0,"href":"https:\/\/noticiasbahia360.com.br\/index.php?rest_route=\/wp\/v2\/posts\/88789\/revisions"}],"wp:featuredmedia":[{"embeddable":true,"href":"https:\/\/noticiasbahia360.com.br\/index.php?rest_route=\/wp\/v2\/media\/88790"}],"wp:attachment":[{"href":"https:\/\/noticiasbahia360.com.br\/index.php?rest_route=%2Fwp%2Fv2%2Fmedia&parent=88789"}],"wp:term":[{"taxonomy":"category","embeddable":true,"href":"https:\/\/noticiasbahia360.com.br\/index.php?rest_route=%2Fwp%2Fv2%2Fcategories&post=88789"},{"taxonomy":"post_tag","embeddable":true,"href":"https:\/\/noticiasbahia360.com.br\/index.php?rest_route=%2Fwp%2Fv2%2Ftags&post=88789"}],"curies":[{"name":"wp","href":"https:\/\/api.w.org\/{rel}","templated":true}]}}