{"id":88791,"date":"2025-06-05T07:41:05","date_gmt":"2025-06-05T10:41:05","guid":{"rendered":"https:\/\/noticiasbahia360.com.br\/?p=88791"},"modified":"2025-06-05T07:41:05","modified_gmt":"2025-06-05T10:41:05","slug":"projeto-exibe-filmes-baianos-gratuitamente-em-escola-publica-de-feira-de-santana","status":"publish","type":"post","link":"https:\/\/noticiasbahia360.com.br\/?p=88791","title":{"rendered":"Projeto exibe filmes baianos gratuitamente em escola p\u00fablica de Feira de Santana"},"content":{"rendered":"<div>\n<div>\n<figure><img decoding=\"async\" src=\"http:\/\/noticiasbahia360.com.br\/wp-content\/uploads\/2025\/06\/projeto-Cineclube-Cinema-de-Corda-01.jpg\" alt=\"Projeto exibe filmes baianos gratuitamente em escola p\u00fablica de Feira de Santana\"><figcaption>Foto: Divulga\u00e7\u00e3o\/Cineclube Cinema de Corda<\/figcaption><\/figure>\n<\/div>\n<p>Projeto exibe filmes baianos gratuitamente em escola p\u00fablica de Feira de Santana<br \/>O projeto Cineclube Cinema de Corda realiza, entre os dias 4 e 12 de junho, sess\u00f5es gratuitas de filmes baianos no Col\u00e9gio Estadual Santo Ant\u00f4nio, em Feira de Santana. As exibi\u00e7\u00f5es acontecem nos turnos da manh\u00e3, tarde e noite, das 8h \u00e0s 9h30, das 13h30 \u00e0s 15h20 e das 19h \u00e0s 21h.<\/p>\n<p>A iniciativa tem como objetivo democratizar o acesso \u00e0s produ\u00e7\u00f5es audiovisuais baianas e discutir sobre as est\u00e9ticas locais, al\u00e9m de valorizar o cinema produzido em Feira de Santana e nas regi\u00f5es pr\u00f3ximas. A atividade tamb\u00e9m busca colaborar com o cumprimento da Lei 13.006\/2014, que estabelece a obrigatoriedade da exibi\u00e7\u00e3o de produ\u00e7\u00f5es audiovisuais brasileiras nas escolas da educa\u00e7\u00e3o b\u00e1sica.<\/p>\n<figure class=\"wp-block-image size-large\"><img fetchpriority=\"high\" data-dominant-color=\"34312f\" data-has-transparency=\"false\" style=\"--dominant-color: #34312f;\" fetchpriority=\"high\" decoding=\"async\" width=\"1024\" height=\"768\" sizes=\"(max-width: 1024px) 100vw, 1024px\" src=\"http:\/\/noticiasbahia360.com.br\/wp-content\/uploads\/2025\/06\/bdGfGAwc-projeto-Cineclube-Cinema-de-Corda-1024x768-1.webp\" alt=\"Projeto exibe filmes baianos gratuitamente em escola p\u00fablica de Feira de Santana\" class=\"wp-image-562330 not-transparent\" srcset=\"https:\/\/uploads.acordacidade.com.br\/2025\/06\/bdGfGAwc-projeto-Cineclube-Cinema-de-Corda-487x365.webp 487w, http:\/\/noticiasbahia360.com.br\/wp-content\/uploads\/2025\/06\/bdGfGAwc-projeto-Cineclube-Cinema-de-Corda-1024x768-1.webp 1024w, https:\/\/uploads.acordacidade.com.br\/2025\/06\/bdGfGAwc-projeto-Cineclube-Cinema-de-Corda-737x553.webp 737w, https:\/\/uploads.acordacidade.com.br\/2025\/06\/bdGfGAwc-projeto-Cineclube-Cinema-de-Corda-150x113.webp 150w, https:\/\/uploads.acordacidade.com.br\/2025\/06\/bdGfGAwc-projeto-Cineclube-Cinema-de-Corda.webp 1200w\"><figcaption class=\"wp-element-caption\">Foto: Divulga\u00e7\u00e3o\/Cineclube Cinema de Corda<\/figcaption><\/figure>\n<p>Com o tema \u201cO que \u00e9 que o cinema baiano tem?\u201d, o projeto apresenta videoclipes, curtas e longas-metragens de fic\u00e7\u00e3o e document\u00e1rio, oferecendo diferentes perspectivas do cinema baiano contempor\u00e2neo.<\/p>\n<p>A programa\u00e7\u00e3o inclui duas rodas de conversa. A primeira, intitulada \u201cO cinema feirense\u201d, aborda aspectos hist\u00f3ricos da produ\u00e7\u00e3o cinematogr\u00e1fica em Feira de Santana, al\u00e9m de discutir as possibilidades e desafios enfrentados pelos realizadores locais. A segunda, \u201cCinemas negros baianos\u201d, discute a produ\u00e7\u00e3o, distribui\u00e7\u00e3o e circula\u00e7\u00e3o das produ\u00e7\u00f5es cinematogr\u00e1ficas negras na Bahia.<\/p>\n<p>O nome do cineclube faz refer\u00eancia ao feij\u00e3o de corda, alimento t\u00edpico do sert\u00e3o baiano, estabelecendo uma rela\u00e7\u00e3o simb\u00f3lica entre cultura, nutri\u00e7\u00e3o e sustento.<\/p>\n<p>O Cineclube Cinema de Corda foi criado em 2023 com a proposta de ampliar o acesso ao cinema independente nacional e internacional, especialmente \u00e0s obras que n\u00e3o circulam nos grandes circuitos comerciais da cidade. O projeto tamb\u00e9m busca contribuir para a forma\u00e7\u00e3o de p\u00fablico interessado na produ\u00e7\u00e3o cinematogr\u00e1fica e na diversidade cultural, regional, racial e de g\u00eanero.<\/p>\n<p>A iniciativa foi contemplada pelos editais da Paulo Gustavo Bahia e conta com apoio financeiro do Governo do Estado da Bahia, por meio da Secretaria de Cultura, com recursos da Lei Paulo Gustavo, direcionada pelo Minist\u00e9rio da Cultura, Governo Federal.<\/p>\n<p>As sess\u00f5es s\u00e3o voltadas aos estudantes do Ensino Fundamental, M\u00e9dio e T\u00e9cnico do Col\u00e9gio Estadual Santo Ant\u00f4nio.<\/p>\n<\/div>\n","protected":false},"excerpt":{"rendered":"<div>\n<div>\n<figure><img decoding=\"async\" src=\"https:\/\/uploads.acordacidade.com.br\/2025\/06\/projeto-Cineclube-Cinema-de-Corda-01.jpg\" alt=\"Projeto exibe filmes baianos gratuitamente em escola p\u00fablica de Feira de Santana\"><figcaption>Foto: Divulga\u00e7\u00e3o\/Cineclube Cinema de Corda<\/figcaption><\/figure>\n<\/div>\n<p>Projeto exibe filmes baianos gratuitamente em escola p\u00fablica de Feira de SantanaO projeto Cineclube Cinema de Corda realiza, entre os dias 4 e 12 de junho, sess\u00f5es gratuitas de filmes baianos no Col\u00e9gio Estadual Santo Ant\u00f4nio, em Feira de Santana. As exibi\u00e7\u00f5es acontecem nos turnos da manh\u00e3, tarde e noite, das 8h \u00e0s 9h30, das [\u2026]<\/p><\/div>\n","protected":false},"author":1,"featured_media":88792,"comment_status":"closed","ping_status":"closed","sticky":false,"template":"","format":"gallery","meta":{"footnotes":""},"categories":[8,9,6,57,56,10],"tags":[],"class_list":["post-88791","post","type-post","status-publish","format-gallery","has-post-thumbnail","hentry","category-bahia","category-brasil","category-feira-de-santana","category-mundo","category-policia","category-politica","post_format-post-format-gallery"],"featured_image_urls":{"full":["https:\/\/noticiasbahia360.com.br\/wp-content\/uploads\/2025\/06\/projeto-Cineclube-Cinema-de-Corda-01.jpg",1250,941,false],"thumbnail":["https:\/\/noticiasbahia360.com.br\/wp-content\/uploads\/2025\/06\/projeto-Cineclube-Cinema-de-Corda-01-150x150.jpg",150,150,true],"medium":["https:\/\/noticiasbahia360.com.br\/wp-content\/uploads\/2025\/06\/projeto-Cineclube-Cinema-de-Corda-01-300x226.jpg",300,226,true],"medium_large":["https:\/\/noticiasbahia360.com.br\/wp-content\/uploads\/2025\/06\/projeto-Cineclube-Cinema-de-Corda-01-768x578.jpg",640,482,true],"large":["https:\/\/noticiasbahia360.com.br\/wp-content\/uploads\/2025\/06\/projeto-Cineclube-Cinema-de-Corda-01-1024x771.jpg",640,482,true],"1536x1536":["https:\/\/noticiasbahia360.com.br\/wp-content\/uploads\/2025\/06\/projeto-Cineclube-Cinema-de-Corda-01.jpg",1250,941,false],"2048x2048":["https:\/\/noticiasbahia360.com.br\/wp-content\/uploads\/2025\/06\/projeto-Cineclube-Cinema-de-Corda-01.jpg",1250,941,false],"chromenews-featured":["https:\/\/noticiasbahia360.com.br\/wp-content\/uploads\/2025\/06\/projeto-Cineclube-Cinema-de-Corda-01-1024x771.jpg",1024,771,true],"chromenews-large":["https:\/\/noticiasbahia360.com.br\/wp-content\/uploads\/2025\/06\/projeto-Cineclube-Cinema-de-Corda-01-825x575.jpg",825,575,true],"chromenews-medium":["https:\/\/noticiasbahia360.com.br\/wp-content\/uploads\/2025\/06\/projeto-Cineclube-Cinema-de-Corda-01-590x410.jpg",590,410,true]},"author_info":{"display_name":"noticiasbahia360.com.br","author_link":"https:\/\/noticiasbahia360.com.br\/?author=1"},"category_info":"<a href=\"https:\/\/noticiasbahia360.com.br\/?cat=8\" rel=\"category\">Bahia<\/a> <a href=\"https:\/\/noticiasbahia360.com.br\/?cat=9\" rel=\"category\">Brasil<\/a> <a href=\"https:\/\/noticiasbahia360.com.br\/?cat=6\" rel=\"category\">Feira de Santana<\/a> <a href=\"https:\/\/noticiasbahia360.com.br\/?cat=57\" rel=\"category\">Mundo<\/a> <a href=\"https:\/\/noticiasbahia360.com.br\/?cat=56\" rel=\"category\">Pol\u00edcia<\/a> <a href=\"https:\/\/noticiasbahia360.com.br\/?cat=10\" rel=\"category\">Pol\u00edtica<\/a>","tag_info":"Pol\u00edtica","comment_count":"0","_links":{"self":[{"href":"https:\/\/noticiasbahia360.com.br\/index.php?rest_route=\/wp\/v2\/posts\/88791","targetHints":{"allow":["GET"]}}],"collection":[{"href":"https:\/\/noticiasbahia360.com.br\/index.php?rest_route=\/wp\/v2\/posts"}],"about":[{"href":"https:\/\/noticiasbahia360.com.br\/index.php?rest_route=\/wp\/v2\/types\/post"}],"author":[{"embeddable":true,"href":"https:\/\/noticiasbahia360.com.br\/index.php?rest_route=\/wp\/v2\/users\/1"}],"replies":[{"embeddable":true,"href":"https:\/\/noticiasbahia360.com.br\/index.php?rest_route=%2Fwp%2Fv2%2Fcomments&post=88791"}],"version-history":[{"count":0,"href":"https:\/\/noticiasbahia360.com.br\/index.php?rest_route=\/wp\/v2\/posts\/88791\/revisions"}],"wp:featuredmedia":[{"embeddable":true,"href":"https:\/\/noticiasbahia360.com.br\/index.php?rest_route=\/wp\/v2\/media\/88792"}],"wp:attachment":[{"href":"https:\/\/noticiasbahia360.com.br\/index.php?rest_route=%2Fwp%2Fv2%2Fmedia&parent=88791"}],"wp:term":[{"taxonomy":"category","embeddable":true,"href":"https:\/\/noticiasbahia360.com.br\/index.php?rest_route=%2Fwp%2Fv2%2Fcategories&post=88791"},{"taxonomy":"post_tag","embeddable":true,"href":"https:\/\/noticiasbahia360.com.br\/index.php?rest_route=%2Fwp%2Fv2%2Ftags&post=88791"}],"curies":[{"name":"wp","href":"https:\/\/api.w.org\/{rel}","templated":true}]}}