{"id":88794,"date":"2025-06-05T07:49:31","date_gmt":"2025-06-05T10:49:31","guid":{"rendered":"https:\/\/noticiasbahia360.com.br\/?p=88794"},"modified":"2025-06-05T07:49:31","modified_gmt":"2025-06-05T10:49:31","slug":"convoque-seu-time-copa-de-bairros-interdistrital-master-e-das-escolinhas-estao-com-inscricoes-abertas","status":"publish","type":"post","link":"https:\/\/noticiasbahia360.com.br\/?p=88794","title":{"rendered":"Convoque seu time: Copa de Bairros, Interdistrital, Master e das Escolinhas est\u00e3o com inscri\u00e7\u00f5es abertas"},"content":{"rendered":"<div>\n<div>\n<figure><img decoding=\"async\" src=\"http:\/\/noticiasbahia360.com.br\/wp-content\/uploads\/2025\/06\/Copa-Feirense-Interbairros-de-Futebol.jpg\" alt=\"Copa Feirense Interbairros de Futebol 01\"><figcaption>Foto: RadioGBEsporte\/Divulga\u00e7\u00e3o<\/figcaption><\/figure>\n<\/div>\n<p>Est\u00e3o abertas at\u00e9 o dia 15 de junho as inscri\u00e7\u00f5es para as competi\u00e7\u00f5es do projeto Festa do Futebol de Feira de Santana, promovido pela prefeitura, por meio da Superintend\u00eancia Municipal de Esportes, sob gest\u00e3o de Emerson Brito. Os interessados podem participar da Copa de Bairros, Copa Interdistrital, Copa Master e da Super Copa das Escolinhas de Futebol.<\/p>\n<p>Cada competi\u00e7\u00e3o tem um p\u00fablico espec\u00edfico. A Super Copa das Escolinhas \u00e9 destinada a atletas de at\u00e9 15 anos. J\u00e1 a Copa Master contempla jogadores nas categorias acima de 40 anos e acima de 50 anos. As Copas de Bairros e Interdistrital s\u00e3o voltadas para equipes representando bairros e distritos do munic\u00edpio.<\/p>\n<p>Para participar, \u00e9 necess\u00e1rio preencher um formul\u00e1rio de inscri\u00e7\u00e3o. Mais informa\u00e7\u00f5es podem ser obtidas via WhatsApp (75) 98171-1228, com o coordenador do projeto, Leandro Souza.<\/p>\n<figure class=\"wp-block-image size-large\"><img fetchpriority=\"high\" data-dominant-color=\"897e7e\" data-has-transparency=\"false\" style=\"--dominant-color: #897e7e;\" fetchpriority=\"high\" decoding=\"async\" width=\"1152\" height=\"768\" sizes=\"(max-width: 1152px) 100vw, 1152px\" src=\"http:\/\/noticiasbahia360.com.br\/wp-content\/uploads\/2025\/06\/k6ItMkgD-Copa-Feirense-Interbairros-de-Futebol-01-1152x768-1.webp\" alt=\"Copa Feirense Interbairros de Futebol 01\" class=\"wp-image-562338 not-transparent\" srcset=\"https:\/\/uploads.acordacidade.com.br\/2025\/06\/k6ItMkgD-Copa-Feirense-Interbairros-de-Futebol-01-548x365.webp 548w, http:\/\/noticiasbahia360.com.br\/wp-content\/uploads\/2025\/06\/k6ItMkgD-Copa-Feirense-Interbairros-de-Futebol-01-1152x768-1.webp 1152w, https:\/\/uploads.acordacidade.com.br\/2025\/06\/k6ItMkgD-Copa-Feirense-Interbairros-de-Futebol-01-830x553.webp 830w, https:\/\/uploads.acordacidade.com.br\/2025\/06\/k6ItMkgD-Copa-Feirense-Interbairros-de-Futebol-01-150x100.webp 150w, https:\/\/uploads.acordacidade.com.br\/2025\/06\/k6ItMkgD-Copa-Feirense-Interbairros-de-Futebol-01.webp 1200w\"><figcaption class=\"wp-element-caption\">Foto: RadioGBEsporte\/Divulga\u00e7\u00e3o<\/figcaption><\/figure>\n<p>Conforme destaca o coordenador, o fomento ao esporte tem papel fundamental na promo\u00e7\u00e3o da sa\u00fade, na socializa\u00e7\u00e3o e na forma\u00e7\u00e3o cidad\u00e3, especialmente entre crian\u00e7as, adolescentes e idosos. Iniciativas como o projeto Festa do Futebol fortalecem a pr\u00e1tica esportiva no munic\u00edpio, estimulam a conviv\u00eancia comunit\u00e1ria e contribuem para o desenvolvimento f\u00edsico, social e emocional dos participantes.<\/p>\n<p><em>Siga o Acorda Cidade no<\/em><a href=\"https:\/\/news.google.com\/search?q=acorda%20cidade&amp;hl=pt-BR&amp;gl=BR&amp;ceid=BR%3Apt-419\"><strong><em> Google Not\u00edcias<\/em><\/strong><\/a><em> e receba os principais destaques do dia. Participe tamb\u00e9m dos nossos canais no <\/em><a href=\"https:\/\/www.whatsapp.com\/channel\/0029Va6Rb4v3WHTNnsh8WI3N\"><strong><em>WhatsApp<\/em><\/strong><\/a><em> e <\/em><a href=\"https:\/\/www.youtube.com\/@acordacidadenoticias\/videos\"><strong>YouTube<\/strong><\/a><em> e grupo de <\/em><a href=\"https:\/\/t.me\/+sSz0khrgARA0ZmRh\"><strong><em>Telegram<\/em><\/strong><\/a><em>.<\/em><\/p>\n<\/div>\n","protected":false},"excerpt":{"rendered":"<div>\n<div>\n<figure><img decoding=\"async\" src=\"https:\/\/uploads.acordacidade.com.br\/2025\/06\/Copa-Feirense-Interbairros-de-Futebol.jpg\" alt=\"Copa Feirense Interbairros de Futebol 01\"><figcaption>Foto: RadioGBEsporte\/Divulga\u00e7\u00e3o<\/figcaption><\/figure>\n<\/div>\n<p>Para participar, \u00e9 necess\u00e1rio preencher um formul\u00e1rio de inscri\u00e7\u00e3o.  Cada competi\u00e7\u00e3o tem um p\u00fablico espec\u00edfico.<\/p><\/div>\n","protected":false},"author":1,"featured_media":88795,"comment_status":"closed","ping_status":"closed","sticky":false,"template":"","format":"gallery","meta":{"footnotes":""},"categories":[8,9,6,57,56,10],"tags":[],"class_list":["post-88794","post","type-post","status-publish","format-gallery","has-post-thumbnail","hentry","category-bahia","category-brasil","category-feira-de-santana","category-mundo","category-policia","category-politica","post_format-post-format-gallery"],"featured_image_urls":{"full":["https:\/\/noticiasbahia360.com.br\/wp-content\/uploads\/2025\/06\/Copa-Feirense-Interbairros-de-Futebol.jpg",1260,687,false],"thumbnail":["https:\/\/noticiasbahia360.com.br\/wp-content\/uploads\/2025\/06\/Copa-Feirense-Interbairros-de-Futebol-150x150.jpg",150,150,true],"medium":["https:\/\/noticiasbahia360.com.br\/wp-content\/uploads\/2025\/06\/Copa-Feirense-Interbairros-de-Futebol-300x164.jpg",300,164,true],"medium_large":["https:\/\/noticiasbahia360.com.br\/wp-content\/uploads\/2025\/06\/Copa-Feirense-Interbairros-de-Futebol-768x419.jpg",640,349,true],"large":["https:\/\/noticiasbahia360.com.br\/wp-content\/uploads\/2025\/06\/Copa-Feirense-Interbairros-de-Futebol-1024x558.jpg",640,349,true],"1536x1536":["https:\/\/noticiasbahia360.com.br\/wp-content\/uploads\/2025\/06\/Copa-Feirense-Interbairros-de-Futebol.jpg",1260,687,false],"2048x2048":["https:\/\/noticiasbahia360.com.br\/wp-content\/uploads\/2025\/06\/Copa-Feirense-Interbairros-de-Futebol.jpg",1260,687,false],"chromenews-featured":["https:\/\/noticiasbahia360.com.br\/wp-content\/uploads\/2025\/06\/Copa-Feirense-Interbairros-de-Futebol-1024x558.jpg",1024,558,true],"chromenews-large":["https:\/\/noticiasbahia360.com.br\/wp-content\/uploads\/2025\/06\/Copa-Feirense-Interbairros-de-Futebol-825x575.jpg",825,575,true],"chromenews-medium":["https:\/\/noticiasbahia360.com.br\/wp-content\/uploads\/2025\/06\/Copa-Feirense-Interbairros-de-Futebol-590x410.jpg",590,410,true]},"author_info":{"display_name":"noticiasbahia360.com.br","author_link":"https:\/\/noticiasbahia360.com.br\/?author=1"},"category_info":"<a href=\"https:\/\/noticiasbahia360.com.br\/?cat=8\" rel=\"category\">Bahia<\/a> <a href=\"https:\/\/noticiasbahia360.com.br\/?cat=9\" rel=\"category\">Brasil<\/a> <a href=\"https:\/\/noticiasbahia360.com.br\/?cat=6\" rel=\"category\">Feira de Santana<\/a> <a href=\"https:\/\/noticiasbahia360.com.br\/?cat=57\" rel=\"category\">Mundo<\/a> <a href=\"https:\/\/noticiasbahia360.com.br\/?cat=56\" rel=\"category\">Pol\u00edcia<\/a> <a href=\"https:\/\/noticiasbahia360.com.br\/?cat=10\" rel=\"category\">Pol\u00edtica<\/a>","tag_info":"Pol\u00edtica","comment_count":"0","_links":{"self":[{"href":"https:\/\/noticiasbahia360.com.br\/index.php?rest_route=\/wp\/v2\/posts\/88794","targetHints":{"allow":["GET"]}}],"collection":[{"href":"https:\/\/noticiasbahia360.com.br\/index.php?rest_route=\/wp\/v2\/posts"}],"about":[{"href":"https:\/\/noticiasbahia360.com.br\/index.php?rest_route=\/wp\/v2\/types\/post"}],"author":[{"embeddable":true,"href":"https:\/\/noticiasbahia360.com.br\/index.php?rest_route=\/wp\/v2\/users\/1"}],"replies":[{"embeddable":true,"href":"https:\/\/noticiasbahia360.com.br\/index.php?rest_route=%2Fwp%2Fv2%2Fcomments&post=88794"}],"version-history":[{"count":0,"href":"https:\/\/noticiasbahia360.com.br\/index.php?rest_route=\/wp\/v2\/posts\/88794\/revisions"}],"wp:featuredmedia":[{"embeddable":true,"href":"https:\/\/noticiasbahia360.com.br\/index.php?rest_route=\/wp\/v2\/media\/88795"}],"wp:attachment":[{"href":"https:\/\/noticiasbahia360.com.br\/index.php?rest_route=%2Fwp%2Fv2%2Fmedia&parent=88794"}],"wp:term":[{"taxonomy":"category","embeddable":true,"href":"https:\/\/noticiasbahia360.com.br\/index.php?rest_route=%2Fwp%2Fv2%2Fcategories&post=88794"},{"taxonomy":"post_tag","embeddable":true,"href":"https:\/\/noticiasbahia360.com.br\/index.php?rest_route=%2Fwp%2Fv2%2Ftags&post=88794"}],"curies":[{"name":"wp","href":"https:\/\/api.w.org\/{rel}","templated":true}]}} 