{"id":88797,"date":"2025-06-05T07:57:24","date_gmt":"2025-06-05T10:57:24","guid":{"rendered":"https:\/\/noticiasbahia360.com.br\/?p=88797"},"modified":"2025-06-05T07:57:24","modified_gmt":"2025-06-05T10:57:24","slug":"podemos-confirma-alianca-com-o-governo-jeronimo-rodrigues","status":"publish","type":"post","link":"https:\/\/noticiasbahia360.com.br\/?p=88797","title":{"rendered":"Podemos confirma alian\u00e7a com o governo Jer\u00f4nimo Rodrigues"},"content":{"rendered":"<div>\n<div>\n<figure><img decoding=\"async\" src=\"http:\/\/noticiasbahia360.com.br\/wp-content\/uploads\/2025\/06\/podemos_foto_wiugarubini.jpg\" alt=\"Partido Podemos\"><figcaption>Foto: Wuiga Rubini<\/figcaption><\/figure>\n<\/div>\n<p>Em meio as possibilidades de federa\u00e7\u00e3o com PSDB, na tarde desta quarta-feira (4), o Podemos reafirmou alian\u00e7a com governo <a href=\"https:\/\/www.acordacidade.com.br\/tag\/jeronimo-rodrigues\/\">Jer\u00f4nimo Rodrigues<\/a>. A afirmativa foi feita durante reuni\u00e3o entre o governador, os dirigentes nacionais e estaduais do partido e o secret\u00e1rio de Rela\u00e7\u00f5es Institucionais da Bahia, Adolpho Loyola.<\/p>\n<p>\u201c\u00c9 importante consolidarmos essa alian\u00e7a em favor da Bahia, mas que tamb\u00e9m cria um ambiente de unidade para que a gente possa continuar trabalhando pelo povo baiano. Al\u00e9m disso temos tamb\u00e9m a perspectiva de crescimento do nosso partido no estado\u201d, disse o presidente estadual da sigla, Heber Santana.<\/p>\n<p>\u201cQuero agradecer ao governador Jer\u00f4nimo e ao secret\u00e1rio Adolpho Loyola por essa constru\u00e7\u00e3o. Seguiremos fortes e juntos para ajudar a Bahia no que for poss\u00edvel\u201d, garantiu Renata Abreu.<\/p>\n<p>A reuni\u00e3o, que ocorreu de forma h\u00edbrida, tamb\u00e9m contou com a participa\u00e7\u00e3o do vice-presidente nacional do partido, Pastor Everaldo; o deputado federal Raimundo Costa; deputado Bacelar (PV); e do ex-deputado Eliel Santana.<\/p>\n<p><em>Siga o Acorda Cidade no<\/em><a href=\"https:\/\/news.google.com\/search?q=acorda%20cidade&amp;hl=pt-BR&amp;gl=BR&amp;ceid=BR%3Apt-419\"><strong><em> Google Not\u00edcias<\/em><\/strong><\/a><em> e receba os principais destaques do dia. Participe tamb\u00e9m dos nossos canais no <\/em><a href=\"https:\/\/whatsapp.com\/channel\/0029Va6Rb4v3WHTNnsh8WI3N\"><strong><em>WhatsApp<\/em><\/strong><\/a><em> e <\/em><a href=\"https:\/\/www.youtube.com\/@acordacidadenoticias\/videos\"><strong>Youtube<\/strong><\/a><em> e grupo de <\/em><a href=\"https:\/\/t.me\/+sSz0khrgARA0ZmRh\"><strong><em>Telegram<\/em><\/strong><\/a><em>.<\/em><\/p>\n<\/div>\n","protected":false},"excerpt":{"rendered":"<div>\n<div>\n<figure><img decoding=\"async\" src=\"https:\/\/uploads.acordacidade.com.br\/2025\/06\/podemos_foto_wiugarubini.jpg\" alt=\"Partido Podemos\"><figcaption>Foto: Wuiga Rubini<\/figcaption><\/figure>\n<\/div>\n<p>A afirmativa foi feita durante reuni\u00e3o entre o governador, os dirigentes nacionais e estaduais do partido e o secret\u00e1rio de Rela\u00e7\u00f5es Institucionais da Bahia, Adolpho Loyola.<\/p><\/div>\n","protected":false},"author":1,"featured_media":88798,"comment_status":"closed","ping_status":"closed","sticky":false,"template":"","format":"gallery","meta":{"footnotes":""},"categories":[8,9,6,57,56,10],"tags":[],"class_list":["post-88797","post","type-post","status-publish","format-gallery","has-post-thumbnail","hentry","category-bahia","category-brasil","category-feira-de-santana","category-mundo","category-policia","category-politica","post_format-post-format-gallery"],"featured_image_urls":{"full":["https:\/\/noticiasbahia360.com.br\/wp-content\/uploads\/2025\/06\/podemos_foto_wiugarubini.jpg",1200,800,false],"thumbnail":["https:\/\/noticiasbahia360.com.br\/wp-content\/uploads\/2025\/06\/podemos_foto_wiugarubini-150x150.jpg",150,150,true],"medium":["https:\/\/noticiasbahia360.com.br\/wp-content\/uploads\/2025\/06\/podemos_foto_wiugarubini-300x200.jpg",300,200,true],"medium_large":["https:\/\/noticiasbahia360.com.br\/wp-content\/uploads\/2025\/06\/podemos_foto_wiugarubini-768x512.jpg",640,427,true],"large":["https:\/\/noticiasbahia360.com.br\/wp-content\/uploads\/2025\/06\/podemos_foto_wiugarubini-1024x683.jpg",640,427,true],"1536x1536":["https:\/\/noticiasbahia360.com.br\/wp-content\/uploads\/2025\/06\/podemos_foto_wiugarubini.jpg",1200,800,false],"2048x2048":["https:\/\/noticiasbahia360.com.br\/wp-content\/uploads\/2025\/06\/podemos_foto_wiugarubini.jpg",1200,800,false],"chromenews-featured":["https:\/\/noticiasbahia360.com.br\/wp-content\/uploads\/2025\/06\/podemos_foto_wiugarubini-1024x683.jpg",1024,683,true],"chromenews-large":["https:\/\/noticiasbahia360.com.br\/wp-content\/uploads\/2025\/06\/podemos_foto_wiugarubini-825x575.jpg",825,575,true],"chromenews-medium":["https:\/\/noticiasbahia360.com.br\/wp-content\/uploads\/2025\/06\/podemos_foto_wiugarubini-590x410.jpg",590,410,true]},"author_info":{"display_name":"noticiasbahia360.com.br","author_link":"https:\/\/noticiasbahia360.com.br\/?author=1"},"category_info":"<a href=\"https:\/\/noticiasbahia360.com.br\/?cat=8\" rel=\"category\">Bahia<\/a> <a href=\"https:\/\/noticiasbahia360.com.br\/?cat=9\" rel=\"category\">Brasil<\/a> <a href=\"https:\/\/noticiasbahia360.com.br\/?cat=6\" rel=\"category\">Feira de Santana<\/a> <a href=\"https:\/\/noticiasbahia360.com.br\/?cat=57\" rel=\"category\">Mundo<\/a> <a href=\"https:\/\/noticiasbahia360.com.br\/?cat=56\" rel=\"category\">Pol\u00edcia<\/a> <a href=\"https:\/\/noticiasbahia360.com.br\/?cat=10\" rel=\"category\">Pol\u00edtica<\/a>","tag_info":"Pol\u00edtica","comment_count":"0","_links":{"self":[{"href":"https:\/\/noticiasbahia360.com.br\/index.php?rest_route=\/wp\/v2\/posts\/88797","targetHints":{"allow":["GET"]}}],"collection":[{"href":"https:\/\/noticiasbahia360.com.br\/index.php?rest_route=\/wp\/v2\/posts"}],"about":[{"href":"https:\/\/noticiasbahia360.com.br\/index.php?rest_route=\/wp\/v2\/types\/post"}],"author":[{"embeddable":true,"href":"https:\/\/noticiasbahia360.com.br\/index.php?rest_route=\/wp\/v2\/users\/1"}],"replies":[{"embeddable":true,"href":"https:\/\/noticiasbahia360.com.br\/index.php?rest_route=%2Fwp%2Fv2%2Fcomments&post=88797"}],"version-history":[{"count":0,"href":"https:\/\/noticiasbahia360.com.br\/index.php?rest_route=\/wp\/v2\/posts\/88797\/revisions"}],"wp:featuredmedia":[{"embeddable":true,"href":"https:\/\/noticiasbahia360.com.br\/index.php?rest_route=\/wp\/v2\/media\/88798"}],"wp:attachment":[{"href":"https:\/\/noticiasbahia360.com.br\/index.php?rest_route=%2Fwp%2Fv2%2Fmedia&parent=88797"}],"wp:term":[{"taxonomy":"category","embeddable":true,"href":"https:\/\/noticiasbahia360.com.br\/index.php?rest_route=%2Fwp%2Fv2%2Fcategories&post=88797"},{"taxonomy":"post_tag","embeddable":true,"href":"https:\/\/noticiasbahia360.com.br\/index.php?rest_route=%2Fwp%2Fv2%2Ftags&post=88797"}],"curies":[{"name":"wp","href":"https:\/\/api.w.org\/{rel}","templated":true}]}} 