{"id":88804,"date":"2025-06-05T08:55:44","date_gmt":"2025-06-05T11:55:44","guid":{"rendered":"https:\/\/noticiasbahia360.com.br\/?p=88804"},"modified":"2025-06-05T08:55:44","modified_gmt":"2025-06-05T11:55:44","slug":"dois-foragidos-da-justica-foram-localizados-pela-policia-civil-em-operacao","status":"publish","type":"post","link":"https:\/\/noticiasbahia360.com.br\/?p=88804","title":{"rendered":"Dois foragidos da justi\u00e7a foram localizados pela Pol\u00edcia Civil em opera\u00e7\u00e3o"},"content":{"rendered":"<div>\n<div>\n<figure><img decoding=\"async\" src=\"http:\/\/noticiasbahia360.com.br\/wp-content\/uploads\/2025\/06\/operacaoconcordia_foto_policiacivil_.jpg\" alt=\"Opera\u00e7\u00e3o Conc\u00f3rdia\"><figcaption>Foto: Ascom Pol\u00edcia Civil<\/figcaption><\/figure>\n<\/div>\n<p>Com o objetivo de retirar do conv\u00edvio social envolvidos com homic\u00eddios, porte ilegal de arma de fogo, tr\u00e1fico de drogas e organiza\u00e7\u00e3o criminosa, que est\u00e3o com mandados de pris\u00e3o em aberto, a <a href=\"https:\/\/www.acordacidade.com.br\/tag\/policia-civil\/\">Pol\u00edcia Civil<\/a>, por meio do Departamento de Homic\u00eddios e Prote\u00e7\u00e3o \u00e0 Pessoa (DHPP), deflagrou nesta quinta-feira (5) a segunda etapa da <strong>Opera\u00e7\u00e3o Conc\u00f3rdia<\/strong>. Dois foragidos da Justi\u00e7a j\u00e1 foram localizados.<\/p>\n<p>Um dos suspeitos foi preso no bairro da Liberdade. Ele \u00e9 apontado como respons\u00e1vel por organizar os estoques de drogas nos pontos de tr\u00e1fico, armazenar os entorpecentes em sua resid\u00eancia para serem distribu\u00eddos, cobrar os valores oriundos das vendas do material il\u00edcito e prestar contas para a lideran\u00e7a do grupo criminoso.<\/p>\n<p>O segundo mandado foi cumprido em S\u00e3o Marcos. Cleison de Carvalho Rodrigues, que era \u201cpuxador de bonde\u201d, resistiu \u00e0 pris\u00e3o e ficou ferido durante confronto com as equipes policiais. Ele chegou a ser socorrido para uma unidade de sa\u00fade, onde morreu.<\/p>\n<figure class=\"wp-block-image size-large\"><img fetchpriority=\"high\" data-dominant-color=\"6c6662\" data-has-transparency=\"false\" style=\"--dominant-color: #6c6662;\" fetchpriority=\"high\" decoding=\"async\" width=\"1116\" height=\"768\" sizes=\"(max-width: 1116px) 100vw, 1116px\" src=\"http:\/\/noticiasbahia360.com.br\/wp-content\/uploads\/2025\/06\/cynEGrQH-operacaoconcordia_foto_policiacivil-1116x768-1.webp\" alt=\"Opera\u00e7\u00e3o Conc\u00f3rdia\" class=\"wp-image-562391 not-transparent\" srcset=\"https:\/\/uploads.acordacidade.com.br\/2025\/06\/cynEGrQH-operacaoconcordia_foto_policiacivil-530x365.webp 530w, http:\/\/noticiasbahia360.com.br\/wp-content\/uploads\/2025\/06\/cynEGrQH-operacaoconcordia_foto_policiacivil-1116x768-1.webp 1116w, https:\/\/uploads.acordacidade.com.br\/2025\/06\/cynEGrQH-operacaoconcordia_foto_policiacivil-803x553.webp 803w, https:\/\/uploads.acordacidade.com.br\/2025\/06\/cynEGrQH-operacaoconcordia_foto_policiacivil-150x103.webp 150w, https:\/\/uploads.acordacidade.com.br\/2025\/06\/cynEGrQH-operacaoconcordia_foto_policiacivil.webp 1200w\"><figcaption class=\"wp-element-caption\">Foto: Ascom Pol\u00edcia Civil<\/figcaption><\/figure>\n<p>A a\u00e7\u00e3o, que integra um esfor\u00e7o estrat\u00e9gico voltado \u00e0 responsabiliza\u00e7\u00e3o penal de autores j\u00e1 indiciados em procedimentos que tramitam no Poder Judici\u00e1rio, ocorre simultaneamente em bairros de Salvador e na cidade de Rio das Ostras, no Rio de Janeiro.<\/p>\n<p>Equipes do N\u00facleo de Opera\u00e7\u00f5es, da Ag\u00eancia de Intelig\u00eancia, do Grupo de Capturas, da 2\u00aa Delegacia de Homic\u00eddios (DH\/Central) e da 3\u00aa (DH\/BTS), que integram o DHPP, participam das dilig\u00eancias, com o apoio da Pol\u00edcia Civil do Rio de Janeiro.<\/p>\n<h2 class=\"wp-block-heading\" id=\"h-primeira-fase\">Primeira fase<\/h2>\n<p>Sete indiciados pelos crimes de homic\u00eddio, tr\u00e1fico de drogas e porte ilegal de arma de fogo tiveram os mandados de pris\u00e3o cumpridos durante a primeira fase da Opera\u00e7\u00e3o Conc\u00f3rdia, deflagrada no \u00faltimo dia 30. Os foragidos foram localizados na capital baiana, nos bairros de S\u00e3o Marcos, Vila Can\u00e1ria e Castelo Branco, e nos munic\u00edpios de Vera Cruz e Macurur\u00e9, al\u00e9m da cidade carioca de Rios das Ostras.<\/p>\n<p>Uma mulher, tia de um dos alvos, foi presa em flagrante com uma pistola, carregador, muni\u00e7\u00f5es, drogas, celulares, colete bal\u00edstico e anota\u00e7\u00f5es relacionadas ao tr\u00e1fico de entorpecentes. Equipes do DHPP, com o apoio dos Departamentos Especializado de Investiga\u00e7\u00f5es Criminais (Deic) e de Intelig\u00eancia Policial (DIP), da Coordena\u00e7\u00e3o de Opera\u00e7\u00f5es e Recursos Especiais (Core), da Pol\u00edcia Militar da Bahia e da Pol\u00edcia Civil do Rio de Janeiro participaram da primeira etapa.<\/p>\n<p><em>Siga o Acorda Cidade no<\/em><a href=\"https:\/\/news.google.com\/search?q=acorda%20cidade&amp;hl=pt-BR&amp;gl=BR&amp;ceid=BR%3Apt-419\"><strong><em> Google Not\u00edcias<\/em><\/strong><\/a><em> e receba os principais destaques do dia. Participe tamb\u00e9m dos nossos canais no <\/em><a href=\"https:\/\/whatsapp.com\/channel\/0029Va6Rb4v3WHTNnsh8WI3N\"><strong><em>WhatsApp<\/em><\/strong><\/a><em> e <\/em><a href=\"https:\/\/www.youtube.com\/@acordacidadenoticias\/videos\"><strong>Youtube<\/strong><\/a><em> e grupo de <\/em><a href=\"https:\/\/t.me\/+sSz0khrgARA0ZmRh\"><strong><em>Telegram<\/em><\/strong><\/a><em>.<\/em><\/p>\n<\/div>\n","protected":false},"excerpt":{"rendered":"<div>\n<div>\n<figure><img decoding=\"async\" src=\"https:\/\/uploads.acordacidade.com.br\/2025\/06\/operacaoconcordia_foto_policiacivil_.jpg\" alt=\"Opera\u00e7\u00e3o Conc\u00f3rdia\"><figcaption>Foto: Ascom Pol\u00edcia Civil<\/figcaption><\/figure>\n<\/div>\n<p>Indiciados por homic\u00eddios, tr\u00e1fico de drogas, porte ilegal de arma e organiza\u00e7\u00e3o criminosa s\u00e3o alvos desta etapa da opera\u00e7\u00e3o<\/p><\/div>\n","protected":false},"author":1,"featured_media":88805,"comment_status":"closed","ping_status":"closed","sticky":false,"template":"","format":"gallery","meta":{"footnotes":""},"categories":[8,9,6,57,56,10],"tags":[],"class_list":["post-88804","post","type-post","status-publish","format-gallery","has-post-thumbnail","hentry","category-bahia","category-brasil","category-feira-de-santana","category-mundo","category-policia","category-politica","post_format-post-format-gallery"],"featured_image_urls":{"full":["https:\/\/noticiasbahia360.com.br\/wp-content\/uploads\/2025\/06\/operacaoconcordia_foto_policiacivil_.jpg",1200,723,false],"thumbnail":["https:\/\/noticiasbahia360.com.br\/wp-content\/uploads\/2025\/06\/operacaoconcordia_foto_policiacivil_-150x150.jpg",150,150,true],"medium":["https:\/\/noticiasbahia360.com.br\/wp-content\/uploads\/2025\/06\/operacaoconcordia_foto_policiacivil_-300x181.jpg",300,181,true],"medium_large":["https:\/\/noticiasbahia360.com.br\/wp-content\/uploads\/2025\/06\/operacaoconcordia_foto_policiacivil_-768x463.jpg",640,386,true],"large":["https:\/\/noticiasbahia360.com.br\/wp-content\/uploads\/2025\/06\/operacaoconcordia_foto_policiacivil_-1024x617.jpg",640,386,true],"1536x1536":["https:\/\/noticiasbahia360.com.br\/wp-content\/uploads\/2025\/06\/operacaoconcordia_foto_policiacivil_.jpg",1200,723,false],"2048x2048":["https:\/\/noticiasbahia360.com.br\/wp-content\/uploads\/2025\/06\/operacaoconcordia_foto_policiacivil_.jpg",1200,723,false],"chromenews-featured":["https:\/\/noticiasbahia360.com.br\/wp-content\/uploads\/2025\/06\/operacaoconcordia_foto_policiacivil_-1024x617.jpg",1024,617,true],"chromenews-large":["https:\/\/noticiasbahia360.com.br\/wp-content\/uploads\/2025\/06\/operacaoconcordia_foto_policiacivil_-825x575.jpg",825,575,true],"chromenews-medium":["https:\/\/noticiasbahia360.com.br\/wp-content\/uploads\/2025\/06\/operacaoconcordia_foto_policiacivil_-590x410.jpg",590,410,true]},"author_info":{"display_name":"noticiasbahia360.com.br","author_link":"https:\/\/noticiasbahia360.com.br\/?author=1"},"category_info":"<a href=\"https:\/\/noticiasbahia360.com.br\/?cat=8\" rel=\"category\">Bahia<\/a> <a href=\"https:\/\/noticiasbahia360.com.br\/?cat=9\" rel=\"category\">Brasil<\/a> <a href=\"https:\/\/noticiasbahia360.com.br\/?cat=6\" rel=\"category\">Feira de Santana<\/a> <a href=\"https:\/\/noticiasbahia360.com.br\/?cat=57\" rel=\"category\">Mundo<\/a> <a href=\"https:\/\/noticiasbahia360.com.br\/?cat=56\" rel=\"category\">Pol\u00edcia<\/a> <a href=\"https:\/\/noticiasbahia360.com.br\/?cat=10\" rel=\"category\">Pol\u00edtica<\/a>","tag_info":"Pol\u00edtica","comment_count":"0","_links":{"self":[{"href":"https:\/\/noticiasbahia360.com.br\/index.php?rest_route=\/wp\/v2\/posts\/88804","targetHints":{"allow":["GET"]}}],"collection":[{"href":"https:\/\/noticiasbahia360.com.br\/index.php?rest_route=\/wp\/v2\/posts"}],"about":[{"href":"https:\/\/noticiasbahia360.com.br\/index.php?rest_route=\/wp\/v2\/types\/post"}],"author":[{"embeddable":true,"href":"https:\/\/noticiasbahia360.com.br\/index.php?rest_route=\/wp\/v2\/users\/1"}],"replies":[{"embeddable":true,"href":"https:\/\/noticiasbahia360.com.br\/index.php?rest_route=%2Fwp%2Fv2%2Fcomments&post=88804"}],"version-history":[{"count":0,"href":"https:\/\/noticiasbahia360.com.br\/index.php?rest_route=\/wp\/v2\/posts\/88804\/revisions"}],"wp:featuredmedia":[{"embeddable":true,"href":"https:\/\/noticiasbahia360.com.br\/index.php?rest_route=\/wp\/v2\/media\/88805"}],"wp:attachment":[{"href":"https:\/\/noticiasbahia360.com.br\/index.php?rest_route=%2Fwp%2Fv2%2Fmedia&parent=88804"}],"wp:term":[{"taxonomy":"category","embeddable":true,"href":"https:\/\/noticiasbahia360.com.br\/index.php?rest_route=%2Fwp%2Fv2%2Fcategories&post=88804"},{"taxonomy":"post_tag","embeddable":true,"href":"https:\/\/noticiasbahia360.com.br\/index.php?rest_route=%2Fwp%2Fv2%2Ftags&post=88804"}],"curies":[{"name":"wp","href":"https:\/\/api.w.org\/{rel}","templated":true}]}} 