{"id":88807,"date":"2025-06-05T09:22:45","date_gmt":"2025-06-05T12:22:45","guid":{"rendered":"https:\/\/noticiasbahia360.com.br\/?p=88807"},"modified":"2025-06-05T09:22:45","modified_gmt":"2025-06-05T12:22:45","slug":"censo-do-estagiario-2025-jovens-querem-evoluir-na-profissao-e-tomar-decisoes-sem-comprometer-a-saude-mental","status":"publish","type":"post","link":"https:\/\/noticiasbahia360.com.br\/?p=88807","title":{"rendered":"Censo do Estagi\u00e1rio 2025: jovens querem evoluir na profiss\u00e3o e tomar decis\u00f5es sem comprometer a sa\u00fade mental"},"content":{"rendered":"<div>\n<div>\n<figure><img decoding=\"async\" src=\"http:\/\/noticiasbahia360.com.br\/wp-content\/uploads\/2025\/06\/Carol-Garcia-GOV-BA-Partiu-estagio.jpg\" alt=\"\"><figcaption>Foto: Carol Garcia\/GOV BA<\/figcaption><\/figure>\n<\/div>\n<p>Pessoas estagi\u00e1rias querem ter suas opini\u00f5es levadas em considera\u00e7\u00e3o, querem sentir que est\u00e3o aprendendo e evoluindo, muitas vezes em sua primeira experi\u00eancia no mercado de trabalho, e gostariam de ver as empresas verdadeiramente interessadas no bem-estar dos funcion\u00e1rios, pois sa\u00fade mental, equil\u00edbrio e autonomia, para esses jovens, s\u00e3o t\u00e3o importantes quanto a remunera\u00e7\u00e3o.<\/p>\n<p>Esses s\u00e3o alguns dos destaques do\u00a0<strong>Censo do Estagi\u00e1rio 2025<\/strong>, promovido pelo\u00a0<a href=\"https:\/\/click.cse360.com.br\/Click\/AddCampaignEmailClick\/d5ce7a87-a3b0-424e-46e1-08dd8bfbecbb\/https%253a%252f%252fwww.walljobs.com.br%252f\/c01cac6e-bc75-499f-865f-0f6f596dbf35\/redacao@acordacidade.com.br\/True\" rel=\"noreferrer noopener\" target=\"_blank\">WallJobs<\/a>\u00a0a partir de entrevistas com mais de 2 mil pessoas estagi\u00e1rias de diferentes regi\u00f5es do pa\u00eds e que est\u00e3o atuando em 125 empresas dos mais diversos segmentos do mercado.\u00a0<\/p>\n<p>Esta \u00e9 a terceira edi\u00e7\u00e3o do censo. O WallJobs, fundado h\u00e1 dez anos, em S\u00e3o Paulo (SP), oferece uma solu\u00e7\u00e3o 100% digital para integrar universidades, empresas e universit\u00e1rios em busca de programas de est\u00e1gio, com agilidade e sem burocracia.\u00a0<\/p>\n<p>Nesta edi\u00e7\u00e3o, as respostas foram analisadas pelos executivos da empresa em parceria com Paul Ferreira, professor de estrat\u00e9gia e lideran\u00e7a e diretor do Mestrado Executivo em Administra\u00e7\u00e3o (MBA) da Funda\u00e7\u00e3o Get\u00falio Vargas (FGV). A inten\u00e7\u00e3o foi identificar pontos fortes, desafios e oportunidades de melhoria nos programas de est\u00e1gio de empresas de \u00e1reas como tecnologia, educa\u00e7\u00e3o, m\u00eddia, sa\u00fade, ind\u00fastria, varejo, servi\u00e7os financeiros e administra\u00e7\u00e3o p\u00fablica.\u00a0<\/p>\n<p>O co-fundador e CEO do WallJobs, Henrique Calandra, explica que a gera\u00e7\u00e3o atual de universit\u00e1rios, que est\u00e1 tentando entrar no mercado de trabalho por meio de programas de est\u00e1gio, apresenta-se com uma nova mentalidade: eles e elas s\u00e3o conectados, questionadores, inquietos e profundamente interessados em prop\u00f3sito, aprendizado e equil\u00edbrio.\u00a0<\/p>\n<p>\u201cO trabalho da pessoa estagi\u00e1ria \u00e9 importante, eles n\u00e3o est\u00e3o ali para pegar caf\u00e9. N\u00e3o cabe infantilizar os estagi\u00e1rios. \u00c9 preciso tratar com respeito e ser justo. A Gera\u00e7\u00e3o Z se sente valorizada quando combinamos as regras do jogo na sua entrada na empresa\u201d, ressalta.\u00a0<\/p>\n<p>Ao mesmo tempo, os universit\u00e1rios que est\u00e3o vivenciando essa primeira experi\u00eancia profissional na \u00e1rea que escolheram devem entender que n\u00e3o v\u00e3o realizar tarefas reestruturantes ou receber demandas como um funcion\u00e1rio experiente.\u00a0<\/p>\n<p>\u201cA pessoa estagi\u00e1ria precisa receber orienta\u00e7\u00e3o sobre a import\u00e2ncia do seu trabalho e ser cobrada de acordo. E, a cada n\u00edvel que ela sobe, vai ser mais demandada, conforme a sua evolu\u00e7\u00e3o, at\u00e9 mesmo para entender se h\u00e1 condi\u00e7\u00f5es de efetivar esse ou essa jovem\u201d, explica o executivo do WallJobs.\u00a0<\/p>\n<p>Na parte das cr\u00edticas, as pessoas estagi\u00e1rias mostraram o que vem desapontando na cultura e no dia a dia das empresas. Entre as principais reclama\u00e7\u00f5es, est\u00e1 a falta de supervis\u00e3o dos programas de est\u00e1gio e de feedbacks regulares, abrindo tamb\u00e9m espa\u00e7o para trocas e para que os jovens sejam ouvidos.\u00a0<\/p>\n<p>Segundo Calandra, s\u00e3o quest\u00f5es que levam a uma maior rotatividade, ap\u00f3s momentos de frustra\u00e7\u00e3o e falta de motiva\u00e7\u00e3o com essa oportunidade no mercado de trabalho.<\/p>\n<p>Outras cr\u00edticas que apareceram nas respostas dos mais de 2 mil jovens foram a falta de clareza nas tarefas, as poucas oportunidades de aprendizado pr\u00e1tico, a dificuldade em conciliar est\u00e1gio e estudos e a viv\u00eancia em um ambiente de trabalho pouco acolhedor.\u00a0<\/p>\n<p><strong>Insights do Censo do Estagi\u00e1rio 2025 para as empresas:\u00a0<\/strong><\/p>\n<ul class=\"wp-block-list\">\n<li>Ainda h\u00e1 pouca diversidade nas contrata\u00e7\u00f5es de est\u00e1gio, ent\u00e3o \u00e9 importante valorizar e abrir vagas afirmativas para inclus\u00e3o de grupos historicamente marginalizados ou sub-representados<\/li>\n<\/ul>\n<ul class=\"wp-block-list\">\n<li>A nova gera\u00e7\u00e3o \u00e9 aberta \u00e0 escuta e se sente mais engajada quando participa ativamente da constru\u00e7\u00e3o de solu\u00e7\u00f5es<\/li>\n<\/ul>\n<ul class=\"wp-block-list\">\n<li>Feedback \u00e9 regra, deve ser realizado com regularidade, mas tamb\u00e9m como uma via de m\u00e3o dupla, seja um a um ou em rodas de conversa<\/li>\n<\/ul>\n<ul class=\"wp-block-list\">\n<li>Ningu\u00e9m quer um est\u00e1gio passivo: eles e elas querem vivenciar na pr\u00e1tica o que est\u00e3o aprendendo na faculdade<\/li>\n<\/ul>\n<ul class=\"wp-block-list\">\n<li>\u00c9 importante valorizar as iniciativas para capacita\u00e7\u00e3o e trilhas de aprendizado, com foco t\u00e9cnico e comportamental<\/li>\n<\/ul>\n<ul class=\"wp-block-list\">\n<li>\u00c9 preciso dar autonomia progressivamente \u00e0s pessoas estagi\u00e1rias, com espa\u00e7o para errar e tentar de novo, estimulando decis\u00f5es e celebrando acertos<\/li>\n<\/ul>\n<ul class=\"wp-block-list\">\n<li>Por fim, \u00e9 essencial ter um ambiente acolhedor, com incentivo para conversas e apoio emocional.\u00a0<\/li>\n<\/ul>\n<p><em>Siga o Acorda Cidade no<\/em><a href=\"https:\/\/news.google.com\/search?q=acorda%20cidade&amp;hl=pt-BR&amp;gl=BR&amp;ceid=BR%3Apt-419\"><strong><em>\u00a0Google Not\u00edcias<\/em><\/strong><\/a><em>\u00a0e receba os principais destaques do dia. Participe tamb\u00e9m dos nossos canais no\u00a0<\/em><a href=\"https:\/\/www.whatsapp.com\/channel\/0029Va6Rb4v3WHTNnsh8WI3N\"><strong><em>WhatsApp<\/em><\/strong><\/a><em>\u00a0e\u00a0<\/em><a href=\"https:\/\/www.youtube.com\/@acordacidadenoticias\/videos\"><strong>YouTube<\/strong><\/a><em>\u00a0e do grupo no\u00a0<\/em><a href=\"https:\/\/t.me\/+sSz0khrgARA0ZmRh\"><strong><em>Telegram<\/em><\/strong><\/a><\/p>\n<\/div>\n","protected":false},"excerpt":{"rendered":"<div>\n<div>\n<figure><img decoding=\"async\" src=\"https:\/\/uploads.acordacidade.com.br\/wp-content\/uploads\/2023\/03\/25133740\/Carol-Garcia-GOV-BA-Partiu-estagio.jpg\" alt=\"\"><figcaption>Foto: Carol Garcia\/GOV BA<\/figcaption><\/figure>\n<\/div>\n<p>Esses s\u00e3o alguns dos destaques do\u00a0censo promovido pelo\u00a0WallJobs\u00a0a partir de entrevistas com mais de 2 mil pessoas estagi\u00e1rias.<\/p><\/div>\n","protected":false},"author":1,"featured_media":88808,"comment_status":"closed","ping_status":"closed","sticky":false,"template":"","format":"gallery","meta":{"footnotes":""},"categories":[8,9,6,57,56,10],"tags":[],"class_list":["post-88807","post","type-post","status-publish","format-gallery","has-post-thumbnail","hentry","category-bahia","category-brasil","category-feira-de-santana","category-mundo","category-policia","category-politica","post_format-post-format-gallery"],"featured_image_urls":{"full":["https:\/\/noticiasbahia360.com.br\/wp-content\/uploads\/2025\/06\/Carol-Garcia-GOV-BA-Partiu-estagio.jpg",640,426,false],"thumbnail":["https:\/\/noticiasbahia360.com.br\/wp-content\/uploads\/2025\/06\/Carol-Garcia-GOV-BA-Partiu-estagio-150x150.jpg",150,150,true],"medium":["https:\/\/noticiasbahia360.com.br\/wp-content\/uploads\/2025\/06\/Carol-Garcia-GOV-BA-Partiu-estagio-300x200.jpg",300,200,true],"medium_large":["https:\/\/noticiasbahia360.com.br\/wp-content\/uploads\/2025\/06\/Carol-Garcia-GOV-BA-Partiu-estagio.jpg",640,426,false],"large":["https:\/\/noticiasbahia360.com.br\/wp-content\/uploads\/2025\/06\/Carol-Garcia-GOV-BA-Partiu-estagio.jpg",640,426,false],"1536x1536":["https:\/\/noticiasbahia360.com.br\/wp-content\/uploads\/2025\/06\/Carol-Garcia-GOV-BA-Partiu-estagio.jpg",640,426,false],"2048x2048":["https:\/\/noticiasbahia360.com.br\/wp-content\/uploads\/2025\/06\/Carol-Garcia-GOV-BA-Partiu-estagio.jpg",640,426,false],"chromenews-featured":["https:\/\/noticiasbahia360.com.br\/wp-content\/uploads\/2025\/06\/Carol-Garcia-GOV-BA-Partiu-estagio.jpg",640,426,false],"chromenews-large":["https:\/\/noticiasbahia360.com.br\/wp-content\/uploads\/2025\/06\/Carol-Garcia-GOV-BA-Partiu-estagio.jpg",640,426,false],"chromenews-medium":["https:\/\/noticiasbahia360.com.br\/wp-content\/uploads\/2025\/06\/Carol-Garcia-GOV-BA-Partiu-estagio-590x410.jpg",590,410,true]},"author_info":{"display_name":"noticiasbahia360.com.br","author_link":"https:\/\/noticiasbahia360.com.br\/?author=1"},"category_info":"<a href=\"https:\/\/noticiasbahia360.com.br\/?cat=8\" rel=\"category\">Bahia<\/a> <a href=\"https:\/\/noticiasbahia360.com.br\/?cat=9\" rel=\"category\">Brasil<\/a> <a href=\"https:\/\/noticiasbahia360.com.br\/?cat=6\" rel=\"category\">Feira de Santana<\/a> <a href=\"https:\/\/noticiasbahia360.com.br\/?cat=57\" rel=\"category\">Mundo<\/a> <a href=\"https:\/\/noticiasbahia360.com.br\/?cat=56\" rel=\"category\">Pol\u00edcia<\/a> <a href=\"https:\/\/noticiasbahia360.com.br\/?cat=10\" rel=\"category\">Pol\u00edtica<\/a>","tag_info":"Pol\u00edtica","comment_count":"0","_links":{"self":[{"href":"https:\/\/noticiasbahia360.com.br\/index.php?rest_route=\/wp\/v2\/posts\/88807","targetHints":{"allow":["GET"]}}],"collection":[{"href":"https:\/\/noticiasbahia360.com.br\/index.php?rest_route=\/wp\/v2\/posts"}],"about":[{"href":"https:\/\/noticiasbahia360.com.br\/index.php?rest_route=\/wp\/v2\/types\/post"}],"author":[{"embeddable":true,"href":"https:\/\/noticiasbahia360.com.br\/index.php?rest_route=\/wp\/v2\/users\/1"}],"replies":[{"embeddable":true,"href":"https:\/\/noticiasbahia360.com.br\/index.php?rest_route=%2Fwp%2Fv2%2Fcomments&post=88807"}],"version-history":[{"count":0,"href":"https:\/\/noticiasbahia360.com.br\/index.php?rest_route=\/wp\/v2\/posts\/88807\/revisions"}],"wp:featuredmedia":[{"embeddable":true,"href":"https:\/\/noticiasbahia360.com.br\/index.php?rest_route=\/wp\/v2\/media\/88808"}],"wp:attachment":[{"href":"https:\/\/noticiasbahia360.com.br\/index.php?rest_route=%2Fwp%2Fv2%2Fmedia&parent=88807"}],"wp:term":[{"taxonomy":"category","embeddable":true,"href":"https:\/\/noticiasbahia360.com.br\/index.php?rest_route=%2Fwp%2Fv2%2Fcategories&post=88807"},{"taxonomy":"post_tag","embeddable":true,"href":"https:\/\/noticiasbahia360.com.br\/index.php?rest_route=%2Fwp%2Fv2%2Ftags&post=88807"}],"curies":[{"name":"wp","href":"https:\/\/api.w.org\/{rel}","templated":true}]}}