{"id":88811,"date":"2025-06-05T09:31:45","date_gmt":"2025-06-05T12:31:45","guid":{"rendered":"https:\/\/noticiasbahia360.com.br\/?p=88811"},"modified":"2025-06-05T09:31:45","modified_gmt":"2025-06-05T12:31:45","slug":"ipva-2025-confira-as-datas-de-vencimento-do-mes-de-junho","status":"publish","type":"post","link":"https:\/\/noticiasbahia360.com.br\/?p=88811","title":{"rendered":"IPVA 2025: confira as datas de vencimento do m\u00eas de junho"},"content":{"rendered":"<div>\n<div>\n<figure><img decoding=\"async\" src=\"http:\/\/noticiasbahia360.com.br\/wp-content\/uploads\/2025\/06\/ipva2025_foto_feijaoalmeida_gov.jpg\" alt=\"Foto ilustrativa do Gov-BA sobre IPVA\"><figcaption>Foto: Feij\u00e3o Almeida\/GOV-BA<\/figcaption><\/figure>\n<\/div>\n<p><a href=\"https:\/\/www.facebook.com\/sharer\/sharer.php?u=http:\/\/www.ba.gov.br\/comunicacao\/noticias\/2025-06\/369611\/confira-datas-de-vencimento-do-ipva-2025-neste-mes-de-junho&amp;title=Confira%20as%20datas%20de%20vencimento%20do%20IPVA%202025%20neste%20m%C3%AAs%20de%20junho\" target=\"_blank\" rel=\"noreferrer noopener\"><\/a><a href=\"https:\/\/twitter.com\/intent\/tweet?text=Confira%20as%20datas%20de%20vencimento%20do%20IPVA%202025%20neste%20m%C3%AAs%20de%20junho+http:\/\/www.ba.gov.br\/comunicacao\/noticias\/2025-06\/369611\/confira-datas-de-vencimento-do-ipva-2025-neste-mes-de-junho\" target=\"_blank\" rel=\"noreferrer noopener\"><\/a><a href=\"https:\/\/wa.me\/?text=http:\/\/www.ba.gov.br\/comunicacao\/noticias\/2025-06\/369611\/confira-datas-de-vencimento-do-ipva-2025-neste-mes-de-junho\" target=\"_blank\" rel=\"noreferrer noopener\"><\/a><a href=\"https:\/\/www.linkedin.com\/sharing\/share-offsite\/?url=http:\/\/www.ba.gov.br\/comunicacao\/noticias\/2025-06\/369611\/confira-datas-de-vencimento-do-ipva-2025-neste-mes-de-junho\" target=\"_blank\" rel=\"noreferrer noopener\"><\/a><a href=\"mailto:?subject=Confira%20as%20datas%20de%20vencimento%20do%20IPVA%202025%20neste%20m%C3%AAs%20de%20junho&amp;body=http:\/\/www.ba.gov.br\/comunicacao\/noticias\/2025-06\/369611\/confira-datas-de-vencimento-do-ipva-2025-neste-mes-de-junho\" target=\"_blank\" rel=\"noreferrer noopener\"><\/a><a href=\"https:\/\/www.ba.gov.br\/comunicacao\/noticias\/2025-06\/369611\/confira-datas-de-vencimento-do-ipva-2025-neste-mes-de-junho#\"><\/a><a href=\"javascript:window.print()\"><\/a>A Secretaria da Fazenda do Estado da Bahia (<a href=\"https:\/\/www.acordacidade.com.br\/tag\/sefaz-ba\/\">Sefaz-BA<\/a>) alerta os contribuintes para as datas de vencimento do Imposto sobre Propriedade de Ve\u00edculos Automotores (IPVA) em junho. Os donos de ve\u00edculos de placas com finais 1, 2, 3, 4, 5, 6, 7 e 8 possuem prazos terminando neste m\u00eas. Para mais informa\u00e7\u00f5es, o contribuinte pode utilizar o atendimento do Balc\u00e3o Virtual, dispon\u00edvel no\u00a0site, enviar e-mail para\u00a0faleconosco@sefaz.ba.gov.br\u00a0ou ligar para o call center, no 0800 071 0071 (para liga\u00e7\u00f5es de telefone fixo) ou no 71 3319-2501 (para liga\u00e7\u00f5es de celular ou de telefone fixo).<\/p>\n<p>Os propriet\u00e1rios de ve\u00edculos com placas de finais 7 e 8 podem quitar o imposto em cota \u00fanica com 8% de desconto at\u00e9 os dias 27 e 30\/06, respectivamente. Caso fa\u00e7a esta op\u00e7\u00e3o, o contribuinte pode quitar o tributo via Pix, por meio do portal\u00a0<a href=\"http:\/\/www.ba.gov.br\/\">www.ba.gov.br<\/a>. Para isso, basta entrar com usu\u00e1rio, senha e solicitar o servi\u00e7o \u201cPagar licenciamento cota \u00fanica \u2013 emiss\u00e3o do DAE\u201d.<\/p>\n<p>O pagamento tamb\u00e9m pode ser feito pelos canais das institui\u00e7\u00f5es parceiras da Sefaz-Ba: Banco do Brasil, Bradesco ou Bancoob. Nestes canais, existe ainda a possibilidade de parcelamento, op\u00e7\u00e3o em que o contribuinte pode pagar, nos mesmos prazos, a primeira das cinco cotas do IPVA, sem desconto.<\/p>\n<h2 class=\"wp-block-heading\" id=\"h-outras-placas\"><strong>Outras placas<\/strong><\/h2>\n<p>Vencem ainda, em junho, as cotas mensais para os donos de ve\u00edculos com placas de finais 1, 2, 3, 4, 5 e 6 que dividiram o tributo em cinco vezes. Quem possui ve\u00edculo com placa de final 5 ou 6 e parcelou o IPVA precisa quitar a segunda cota. Vence tamb\u00e9m neste m\u00eas a terceira cota para os propriet\u00e1rios de ve\u00edculos com placas de finais 3 e 4, e a quarta para autom\u00f3veis de placas 1 e 2. As datas s\u00e3o 27, para placas de finais 1 , 3 e 5, e 30 de junho, para placas 2, 4 e 6.<\/p>\n<p>De acordo com o Departamento Estadual de Tr\u00e2nsito da Bahia (Detran-BA), o contribuinte deve estar atento pois o licenciamento completo do ve\u00edculo engloba outros itens al\u00e9m do IPVA, ou seja, para o autom\u00f3vel estar regularizado \u00e9 necess\u00e1rio quitar tamb\u00e9m d\u00e9bitos do licenciamento anual e multas, se houver. O prazo para ficar em dia com a documenta\u00e7\u00e3o do ve\u00edculo termina na data do vencimento da quinta parcela do imposto.<\/p>\n<p><em>Siga o Acorda Cidade no<\/em><a href=\"https:\/\/news.google.com\/search?q=acorda%20cidade&amp;hl=pt-BR&amp;gl=BR&amp;ceid=BR%3Apt-419\"><strong><em> Google Not\u00edcias<\/em><\/strong><\/a><em> e receba os principais destaques do dia. Participe tamb\u00e9m dos nossos canais no <\/em><a href=\"https:\/\/whatsapp.com\/channel\/0029Va6Rb4v3WHTNnsh8WI3N\"><strong><em>WhatsApp<\/em><\/strong><\/a><em> e <\/em><a href=\"https:\/\/www.youtube.com\/@acordacidadenoticias\/videos\"><strong>Youtube<\/strong><\/a><em> e grupo de <\/em><a href=\"https:\/\/t.me\/+sSz0khrgARA0ZmRh\"><strong><em>Telegram<\/em><\/strong><\/a><em>.<\/em><\/p>\n<\/div>\n","protected":false},"excerpt":{"rendered":"<div>\n<div>\n<figure><img decoding=\"async\" src=\"https:\/\/uploads.acordacidade.com.br\/2025\/06\/ipva2025_foto_feijaoalmeida_gov.jpg\" alt=\"Foto ilustrativa do Gov-BA sobre IPVA\"><figcaption>Foto: Feij\u00e3o Almeida\/GOV-BA<\/figcaption><\/figure>\n<\/div>\n<p>Contribuintes com ve\u00edculos de placas com finais 1, 2, 3, 4, 5, 6, 7 e 8 devem estar atentos ao calend\u00e1rio do imposto.<\/p><\/div>\n","protected":false},"author":1,"featured_media":88812,"comment_status":"closed","ping_status":"closed","sticky":false,"template":"","format":"gallery","meta":{"footnotes":""},"categories":[8,9,6,57,56,10],"tags":[],"class_list":["post-88811","post","type-post","status-publish","format-gallery","has-post-thumbnail","hentry","category-bahia","category-brasil","category-feira-de-santana","category-mundo","category-policia","category-politica","post_format-post-format-gallery"],"featured_image_urls":{"full":["https:\/\/noticiasbahia360.com.br\/wp-content\/uploads\/2025\/06\/ipva2025_foto_feijaoalmeida_gov.jpg",1200,674,false],"thumbnail":["https:\/\/noticiasbahia360.com.br\/wp-content\/uploads\/2025\/06\/ipva2025_foto_feijaoalmeida_gov-150x150.jpg",150,150,true],"medium":["https:\/\/noticiasbahia360.com.br\/wp-content\/uploads\/2025\/06\/ipva2025_foto_feijaoalmeida_gov-300x169.jpg",300,169,true],"medium_large":["https:\/\/noticiasbahia360.com.br\/wp-content\/uploads\/2025\/06\/ipva2025_foto_feijaoalmeida_gov-768x431.jpg",640,359,true],"large":["https:\/\/noticiasbahia360.com.br\/wp-content\/uploads\/2025\/06\/ipva2025_foto_feijaoalmeida_gov-1024x575.jpg",640,359,true],"1536x1536":["https:\/\/noticiasbahia360.com.br\/wp-content\/uploads\/2025\/06\/ipva2025_foto_feijaoalmeida_gov.jpg",1200,674,false],"2048x2048":["https:\/\/noticiasbahia360.com.br\/wp-content\/uploads\/2025\/06\/ipva2025_foto_feijaoalmeida_gov.jpg",1200,674,false],"chromenews-featured":["https:\/\/noticiasbahia360.com.br\/wp-content\/uploads\/2025\/06\/ipva2025_foto_feijaoalmeida_gov-1024x575.jpg",1024,575,true],"chromenews-large":["https:\/\/noticiasbahia360.com.br\/wp-content\/uploads\/2025\/06\/ipva2025_foto_feijaoalmeida_gov-825x575.jpg",825,575,true],"chromenews-medium":["https:\/\/noticiasbahia360.com.br\/wp-content\/uploads\/2025\/06\/ipva2025_foto_feijaoalmeida_gov-590x410.jpg",590,410,true]},"author_info":{"display_name":"noticiasbahia360.com.br","author_link":"https:\/\/noticiasbahia360.com.br\/?author=1"},"category_info":"<a href=\"https:\/\/noticiasbahia360.com.br\/?cat=8\" rel=\"category\">Bahia<\/a> <a href=\"https:\/\/noticiasbahia360.com.br\/?cat=9\" rel=\"category\">Brasil<\/a> <a href=\"https:\/\/noticiasbahia360.com.br\/?cat=6\" rel=\"category\">Feira de Santana<\/a> <a href=\"https:\/\/noticiasbahia360.com.br\/?cat=57\" rel=\"category\">Mundo<\/a> <a href=\"https:\/\/noticiasbahia360.com.br\/?cat=56\" rel=\"category\">Pol\u00edcia<\/a> <a href=\"https:\/\/noticiasbahia360.com.br\/?cat=10\" rel=\"category\">Pol\u00edtica<\/a>","tag_info":"Pol\u00edtica","comment_count":"0","_links":{"self":[{"href":"https:\/\/noticiasbahia360.com.br\/index.php?rest_route=\/wp\/v2\/posts\/88811","targetHints":{"allow":["GET"]}}],"collection":[{"href":"https:\/\/noticiasbahia360.com.br\/index.php?rest_route=\/wp\/v2\/posts"}],"about":[{"href":"https:\/\/noticiasbahia360.com.br\/index.php?rest_route=\/wp\/v2\/types\/post"}],"author":[{"embeddable":true,"href":"https:\/\/noticiasbahia360.com.br\/index.php?rest_route=\/wp\/v2\/users\/1"}],"replies":[{"embeddable":true,"href":"https:\/\/noticiasbahia360.com.br\/index.php?rest_route=%2Fwp%2Fv2%2Fcomments&post=88811"}],"version-history":[{"count":0,"href":"https:\/\/noticiasbahia360.com.br\/index.php?rest_route=\/wp\/v2\/posts\/88811\/revisions"}],"wp:featuredmedia":[{"embeddable":true,"href":"https:\/\/noticiasbahia360.com.br\/index.php?rest_route=\/wp\/v2\/media\/88812"}],"wp:attachment":[{"href":"https:\/\/noticiasbahia360.com.br\/index.php?rest_route=%2Fwp%2Fv2%2Fmedia&parent=88811"}],"wp:term":[{"taxonomy":"category","embeddable":true,"href":"https:\/\/noticiasbahia360.com.br\/index.php?rest_route=%2Fwp%2Fv2%2Fcategories&post=88811"},{"taxonomy":"post_tag","embeddable":true,"href":"https:\/\/noticiasbahia360.com.br\/index.php?rest_route=%2Fwp%2Fv2%2Ftags&post=88811"}],"curies":[{"name":"wp","href":"https:\/\/api.w.org\/{rel}","templated":true}]}} 