{"id":88813,"date":"2025-06-05T09:37:43","date_gmt":"2025-06-05T12:37:43","guid":{"rendered":"https:\/\/noticiasbahia360.com.br\/?p=88813"},"modified":"2025-06-05T09:37:43","modified_gmt":"2025-06-05T12:37:43","slug":"sebrae-lanca-painel-com-participacao-de-coworkings-hubs-e-ecossistemas-baiano","status":"publish","type":"post","link":"https:\/\/noticiasbahia360.com.br\/?p=88813","title":{"rendered":"Sebrae lan\u00e7a painel com participa\u00e7\u00e3o de Coworkings, Hubs e Ecossistemas baiano"},"content":{"rendered":"<div>\n<div>\n<figure><img decoding=\"async\" src=\"http:\/\/noticiasbahia360.com.br\/wp-content\/uploads\/2025\/06\/Sebrae.jpg\" alt=\"Sebrae lan\u00e7a painel com participa\u00e7\u00e3o de Coworkings, Hubs e Ecossistemas baiano\"><figcaption>Foto: Reprodu\u00e7\u00e3o <\/figcaption><\/figure>\n<\/div>\n<p>O mercado brasileiro de coworkings continua em expans\u00e3o. Segundo o Censo Coworking Woba 2024, o n\u00famero de espa\u00e7os de trabalho flex\u00edveis no pa\u00eds cresceu cerca de 20% em rela\u00e7\u00e3o ao ano anterior, chegando quase a 3.000 unidades. A maioria desses empreendimentos est\u00e1 concentrada nas capitais (58,5%), indicando uma prefer\u00eancia por regi\u00f5es urbanas consolidadas como centros de inova\u00e7\u00e3o e neg\u00f3cios. \u00c9 nesse cen\u00e1rio que o Sebrae Bahia promove, no dia 11 de junho, em <a href=\"https:\/\/www.acordacidade.com.br\/tag\/salvador-3\/\">Salvador<\/a>, o painel \u201cMuito Al\u00e9m do Escrit\u00f3rio: coworkings, hubs e ecossistemas como aliados do seu neg\u00f3cio\u201d.<\/p>\n<p>Na Bahia, o movimento ainda \u00e9 recente. Apesar de ser o quarto estado mais populoso do pa\u00eds, o territ\u00f3rio baiano re\u00fane menos de 50 espa\u00e7os de coworking ativos, n\u00famero considerado baixo em compara\u00e7\u00e3o com outras regi\u00f5es. Salvador, principal centro econ\u00f4mico do estado, concentra parte significativa dessas unidades, entre elas, a Wefoundr, que vem acompanhando a evolu\u00e7\u00e3o do setor.<\/p>\n<p>\u201cEstar em um evento como esse, promovido pelo Sebrae, \u00e9 muito mais do que uma oportunidade de falar sobre coworking, \u00e9 uma chance de conectar ideias, neg\u00f3cios e pessoas que acreditam na transforma\u00e7\u00e3o por meio do empreendedorismo\u201d, afirma Raphael Blanco, um dos s\u00f3cios-fundadores da Wefoundr.<\/p>\n<p>O evento acontece no Audit\u00f3rio Orlando Moscoso \u2013 Sebrae Costa Azul, no Civil Tower, das 9h30 \u00e0s 12h (com credenciamento a partir das 9h15), e contar\u00e1 com a presen\u00e7a de Raphael Blanco como um dos painelistas. Al\u00e9m dele, tamb\u00e9m participam do painel Jussara Prado da Innova, Lara Morel do Hub LightHouse e Breno Calres da Conexa App, com media\u00e7\u00e3o de Mariana Lopes.<\/p>\n<p>Evento \u00e9 gratuito com inscri\u00e7\u00e3o no <a href=\"https:\/\/www.sympla.com.br\/evento\/muito-alem-do-escritorio-ee25\/2975615\" target=\"_blank\" rel=\"noreferrer noopener\">Sympla<\/a>.<\/p>\n<p>O p\u00fablico-alvo s\u00e3o empres\u00e1rios que atuam em home office, possuem estruturas f\u00edsicas ociosas ou desejam ampliar sua rede de contatos e oportunidades por meio de ecossistemas de inova\u00e7\u00e3o. Com vagas limitadas a 150 pessoas, o painel tem foco em empresas com mentalidade de crescimento e busca apresentar, de forma inspiradora e pr\u00e1tica, como os espa\u00e7os compartilhados s\u00e3o alavancas de desenvolvimento e conex\u00e3o.<\/p>\n<p>\u201cMais do que oferecer estrutura f\u00edsica, coworkings e hubs promovem networking, parcerias estrat\u00e9gicas e expans\u00e3o com menos investimento. Uma proposta que conversa diretamente com a miss\u00e3o do Sebrae, reconhecido por seu papel fundamental no fortalecimento do empreendedorismo brasileiro\u201d, refor\u00e7a Blanco.<\/p>\n<p>Al\u00e9m de sua atua\u00e7\u00e3o local, a WeFoundr tamb\u00e9m tem se envolvido em iniciativas de conte\u00fado voltadas ao fortalecimento do ecossistema empreendedor. Um exemplo foi a participa\u00e7\u00e3o de Raphael Blanco no Sebrae Talks, canal oficial da institui\u00e7\u00e3o no YouTube. No epis\u00f3dio em que participou, gravado no est\u00fadio da Unidade de Gest\u00e3o de Portf\u00f3lio de Salvador, e foram abordados temas como crowdfunding, explicando como esse modelo pode ser uma alternativa estrat\u00e9gica de financiamento. Durante o v\u00eddeo, eles destacaram os benef\u00edcios como valida\u00e7\u00e3o de projetos no mercado, engajamento com a comunidade, menos burocracia e potencial de escalabilidade, al\u00e9m de oferecer estrat\u00e9gias pr\u00e1ticas para quem deseja lan\u00e7ar uma campanha bem-sucedida.<\/p>\n<p>O movimento de fortalecimento do ecossistema tamb\u00e9m passa por iniciativas pr\u00f3prias. No dia 6 de junho, a Wefoundr promover\u00e1 um momento de networking com coffee break e palestrantes de marcas de destaque no cen\u00e1rio baiano e nacional, refor\u00e7ando seu compromisso em conectar empreendedores e estimular trocas que geram valor.<\/p>\n<p>\u201cAcreditamos que encontros presenciais ainda t\u00eam um poder transformador. Quando conseguimos reunir pessoas com prop\u00f3sito, boas conversas e conte\u00fado de qualidade, surgem ideias e conex\u00f5es que dificilmente aconteceriam de outra forma\u201d, destaca Raphael Blanco. Embora a presen\u00e7a de espa\u00e7os de coworking ainda seja t\u00edmida na Bahia, iniciativas como a WeFoundr e eventos voltados \u00e0 inova\u00e7\u00e3o mostram que h\u00e1 uma transforma\u00e7\u00e3o em curso. O crescimento desses ambientes, especialmente em Salvador, revela uma demanda cada vez maior por espa\u00e7os que n\u00e3o se limitam \u00e0 estrutura f\u00edsica, mas que fomentam conex\u00f5es, trocas e desenvolvimento profissional.<\/p>\n<p>Com a expans\u00e3o do modelo h\u00edbrido e a busca por mais autonomia e colabora\u00e7\u00e3o, o coworking deixa de ser apenas uma alternativa tempor\u00e1ria e passa a representar um novo jeito de trabalhar: mais din\u00e2mico, mais humano e conectado \u00e0s reais necessidades dos neg\u00f3cios e das pessoas. A Bahia pode at\u00e9 ter come\u00e7ado depois, mas tem tudo para se tornar refer\u00eancia em solu\u00e7\u00f5es criativas e colaborativas.<\/p>\n<p><em>Siga o Acorda Cidade no<\/em><a href=\"https:\/\/news.google.com\/search?q=acorda%20cidade&amp;hl=pt-BR&amp;gl=BR&amp;ceid=BR%3Apt-419\"><strong><em>\u00a0Google Not\u00edcias<\/em><\/strong><\/a><em>\u00a0e receba os principais destaques do dia. Participe tamb\u00e9m dos nossos canais no\u00a0<\/em><a href=\"https:\/\/whatsapp.com\/channel\/0029Va6Rb4v3WHTNnsh8WI3N\"><strong><em>WhatsApp<\/em><\/strong><\/a><em>\u00a0e\u00a0<\/em><a href=\"https:\/\/www.youtube.com\/@acordacidadenoticias\/videos\"><strong>Youtube<\/strong><\/a><em>\u00a0e grupo de\u00a0<\/em><a href=\"https:\/\/t.me\/+sSz0khrgARA0ZmRh\"><strong><em>Telegram<\/em><\/strong><\/a><em>.<\/em><\/p>\n<\/div>\n","protected":false},"excerpt":{"rendered":"<div>\n<div>\n<figure><img decoding=\"async\" src=\"https:\/\/uploads.acordacidade.com.br\/2025\/06\/Sebrae.jpg\" alt=\"Sebrae lan\u00e7a painel com participa\u00e7\u00e3o de Coworkings, Hubs e Ecossistemas baiano\"><figcaption>Foto: Reprodu\u00e7\u00e3o <\/figcaption><\/figure>\n<\/div>\n<p>O evento acontecer\u00e1 no dia 11 de junho, e promete abordar pr\u00e1ticas de inova\u00e7\u00e3o como aliadas aos neg\u00f3cios.<\/p><\/div>\n","protected":false},"author":1,"featured_media":88814,"comment_status":"closed","ping_status":"closed","sticky":false,"template":"","format":"gallery","meta":{"footnotes":""},"categories":[8,9,6,57,56,10],"tags":[],"class_list":["post-88813","post","type-post","status-publish","format-gallery","has-post-thumbnail","hentry","category-bahia","category-brasil","category-feira-de-santana","category-mundo","category-policia","category-politica","post_format-post-format-gallery"],"featured_image_urls":{"full":["https:\/\/noticiasbahia360.com.br\/wp-content\/uploads\/2025\/06\/Sebrae.jpg",1200,638,false],"thumbnail":["https:\/\/noticiasbahia360.com.br\/wp-content\/uploads\/2025\/06\/Sebrae-150x150.jpg",150,150,true],"medium":["https:\/\/noticiasbahia360.com.br\/wp-content\/uploads\/2025\/06\/Sebrae-300x160.jpg",300,160,true],"medium_large":["https:\/\/noticiasbahia360.com.br\/wp-content\/uploads\/2025\/06\/Sebrae-768x408.jpg",640,340,true],"large":["https:\/\/noticiasbahia360.com.br\/wp-content\/uploads\/2025\/06\/Sebrae-1024x544.jpg",640,340,true],"1536x1536":["https:\/\/noticiasbahia360.com.br\/wp-content\/uploads\/2025\/06\/Sebrae.jpg",1200,638,false],"2048x2048":["https:\/\/noticiasbahia360.com.br\/wp-content\/uploads\/2025\/06\/Sebrae.jpg",1200,638,false],"chromenews-featured":["https:\/\/noticiasbahia360.com.br\/wp-content\/uploads\/2025\/06\/Sebrae-1024x544.jpg",1024,544,true],"chromenews-large":["https:\/\/noticiasbahia360.com.br\/wp-content\/uploads\/2025\/06\/Sebrae-825x575.jpg",825,575,true],"chromenews-medium":["https:\/\/noticiasbahia360.com.br\/wp-content\/uploads\/2025\/06\/Sebrae-590x410.jpg",590,410,true]},"author_info":{"display_name":"noticiasbahia360.com.br","author_link":"https:\/\/noticiasbahia360.com.br\/?author=1"},"category_info":"<a href=\"https:\/\/noticiasbahia360.com.br\/?cat=8\" rel=\"category\">Bahia<\/a> <a href=\"https:\/\/noticiasbahia360.com.br\/?cat=9\" rel=\"category\">Brasil<\/a> <a href=\"https:\/\/noticiasbahia360.com.br\/?cat=6\" rel=\"category\">Feira de Santana<\/a> <a href=\"https:\/\/noticiasbahia360.com.br\/?cat=57\" rel=\"category\">Mundo<\/a> <a href=\"https:\/\/noticiasbahia360.com.br\/?cat=56\" rel=\"category\">Pol\u00edcia<\/a> <a href=\"https:\/\/noticiasbahia360.com.br\/?cat=10\" rel=\"category\">Pol\u00edtica<\/a>","tag_info":"Pol\u00edtica","comment_count":"0","_links":{"self":[{"href":"https:\/\/noticiasbahia360.com.br\/index.php?rest_route=\/wp\/v2\/posts\/88813","targetHints":{"allow":["GET"]}}],"collection":[{"href":"https:\/\/noticiasbahia360.com.br\/index.php?rest_route=\/wp\/v2\/posts"}],"about":[{"href":"https:\/\/noticiasbahia360.com.br\/index.php?rest_route=\/wp\/v2\/types\/post"}],"author":[{"embeddable":true,"href":"https:\/\/noticiasbahia360.com.br\/index.php?rest_route=\/wp\/v2\/users\/1"}],"replies":[{"embeddable":true,"href":"https:\/\/noticiasbahia360.com.br\/index.php?rest_route=%2Fwp%2Fv2%2Fcomments&post=88813"}],"version-history":[{"count":0,"href":"https:\/\/noticiasbahia360.com.br\/index.php?rest_route=\/wp\/v2\/posts\/88813\/revisions"}],"wp:featuredmedia":[{"embeddable":true,"href":"https:\/\/noticiasbahia360.com.br\/index.php?rest_route=\/wp\/v2\/media\/88814"}],"wp:attachment":[{"href":"https:\/\/noticiasbahia360.com.br\/index.php?rest_route=%2Fwp%2Fv2%2Fmedia&parent=88813"}],"wp:term":[{"taxonomy":"category","embeddable":true,"href":"https:\/\/noticiasbahia360.com.br\/index.php?rest_route=%2Fwp%2Fv2%2Fcategories&post=88813"},{"taxonomy":"post_tag","embeddable":true,"href":"https:\/\/noticiasbahia360.com.br\/index.php?rest_route=%2Fwp%2Fv2%2Ftags&post=88813"}],"curies":[{"name":"wp","href":"https:\/\/api.w.org\/{rel}","templated":true}]}} 