{"id":88815,"date":"2025-06-05T10:09:28","date_gmt":"2025-06-05T13:09:28","guid":{"rendered":"https:\/\/noticiasbahia360.com.br\/?p=88815"},"modified":"2025-06-05T10:09:28","modified_gmt":"2025-06-05T13:09:28","slug":"deam-de-feira-de-santana-entrega-mais-de-400-cestas-basicas-em-campanha-contra-violencia-domestica","status":"publish","type":"post","link":"https:\/\/noticiasbahia360.com.br\/?p=88815","title":{"rendered":"Deam de Feira de Santana entrega mais de 400 cestas b\u00e1sicas em campanha contra viol\u00eancia dom\u00e9stica"},"content":{"rendered":"<div>\n<div>\n<figure><img decoding=\"async\" src=\"http:\/\/noticiasbahia360.com.br\/wp-content\/uploads\/2025\/06\/deamfeira_arrecadaalimentos_foto_ascompoliciacivil.jpg\" alt=\"\"><figcaption>Foto: Divulga\u00e7\u00e3o Ascom PC-BA<\/figcaption><\/figure>\n<\/div>\n<p>Mais de 400 cestas b\u00e1sicas foram entregues nesta quarta-feira (4) a fam\u00edlias em situa\u00e7\u00e3o de vulnerabilidade social, por meio de uma campanha realizada pela Delegacia Especial de Atendimento \u00e0 Mulher (Deam) de <a href=\"https:\/\/www.acordacidade.com.br\/tag\/feira-de-santana\/\">Feira de Santana<\/a>. A a\u00e7\u00e3o foi iniciada no m\u00eas de mar\u00e7o, com a 3\u00aa Caminhada de Combate \u00e0 Viol\u00eancia Contra a Mulher, quando centenas de pessoas ocuparam as avenidas Maria Quit\u00e9ria e Fraga Maia, em um ato simb\u00f3lico por respeito, dignidade e paz.<\/p>\n<p>Desde ent\u00e3o, a Deam iniciou um trabalho cont\u00ednuo de arrecada\u00e7\u00e3o e parceria com outras institui\u00e7\u00f5es sociais. As doa\u00e7\u00f5es foram entregues, nesta primeira etapa, ao Centro de Refer\u00eancia Maria Quit\u00e9ria (CRMQ) e ao Dispens\u00e1rio Santana, organiza\u00e7\u00f5es que acolhem e acompanham mulheres em situa\u00e7\u00e3o de risco ou viol\u00eancia.<\/p>\n<p>A campanha promovida pela Deam de Feira de Santana, em parceria com a 1\u00aa Coordenadoria Regional de Pol\u00edcia do Interior (Coorpin\/Feira) e a Coordena\u00e7\u00e3o de Apoio T\u00e9cnico e T\u00e1tico \u00e0 Investiga\u00e7\u00e3o (CATTI), conta com o apoio de toda a sociedade feirense, que pode contribuir com doa\u00e7\u00f5es e ampliar o alcance do aux\u00edlio a mais mulheres. Alimentos n\u00e3o perec\u00edveis e itens de higiene pessoal podem ser entregues na sede da unidade policial, localizada na Avenida Adenil Falc\u00e3o, n\u00ba 1252 \u2013 Bras\u00edlia, Feira de Santana.<\/p>\n<figure class=\"wp-block-image size-large\"><img fetchpriority=\"high\" data-dominant-color=\"917f6f\" data-has-transparency=\"false\" style=\"--dominant-color: #917f6f;\" fetchpriority=\"high\" decoding=\"async\" width=\"1024\" height=\"768\" sizes=\"(max-width: 1024px) 100vw, 1024px\" src=\"http:\/\/noticiasbahia360.com.br\/wp-content\/uploads\/2025\/06\/h0CvgvlE-deamfeira_arrecadaalimentos_foto_ascompoliciacivil_-1024x768-1.webp\" alt=\"Deam de Feira arrecada cestas b\u00e1sicas\" class=\"wp-image-562431 not-transparent\" srcset=\"https:\/\/uploads.acordacidade.com.br\/2025\/06\/h0CvgvlE-deamfeira_arrecadaalimentos_foto_ascompoliciacivil_-487x365.webp 487w, http:\/\/noticiasbahia360.com.br\/wp-content\/uploads\/2025\/06\/h0CvgvlE-deamfeira_arrecadaalimentos_foto_ascompoliciacivil_-1024x768-1.webp 1024w, https:\/\/uploads.acordacidade.com.br\/2025\/06\/h0CvgvlE-deamfeira_arrecadaalimentos_foto_ascompoliciacivil_-737x553.webp 737w, https:\/\/uploads.acordacidade.com.br\/2025\/06\/h0CvgvlE-deamfeira_arrecadaalimentos_foto_ascompoliciacivil_-150x113.webp 150w, https:\/\/uploads.acordacidade.com.br\/2025\/06\/h0CvgvlE-deamfeira_arrecadaalimentos_foto_ascompoliciacivil_.webp 1200w\"><figcaption class=\"wp-element-caption\">Foto: Divulga\u00e7\u00e3o Ascom PC-BA<\/figcaption><\/figure>\n<p>Para a delegada Klaudine Passos, coordenadora adjunta da 1\u00aa Coorpin, a a\u00e7\u00e3o demonstra o compromisso da Pol\u00edcia Civil com a promo\u00e7\u00e3o da cidadania e refor\u00e7a a atua\u00e7\u00e3o da Deam para al\u00e9m da investiga\u00e7\u00e3o criminal, com iniciativas voltadas \u00e0 transforma\u00e7\u00e3o social, ao enfrentamento da desigualdade e ao empoderamento feminino. \u201cNosso papel vai muito al\u00e9m da repress\u00e3o. Estar pr\u00f3ximo da comunidade, promover conscientiza\u00e7\u00e3o e apoiar quem mais precisa \u00e9 uma forma de combater a viol\u00eancia de forma estruturada. Essas mulheres precisam ser vistas, acolhidas e fortalecidas\u201d, afirmou.<\/p>\n<p><em>Siga o Acorda Cidade no<\/em><a href=\"https:\/\/news.google.com\/search?q=acorda%20cidade&amp;hl=pt-BR&amp;gl=BR&amp;ceid=BR%3Apt-419\"><strong><em> Google Not\u00edcias<\/em><\/strong><\/a><em> e receba os principais destaques do dia. Participe tamb\u00e9m dos nossos canais no <\/em><a href=\"https:\/\/whatsapp.com\/channel\/0029Va6Rb4v3WHTNnsh8WI3N\"><strong><em>WhatsApp<\/em><\/strong><\/a><em> e <\/em><a href=\"https:\/\/www.youtube.com\/@acordacidadenoticias\/videos\"><strong>Youtube<\/strong><\/a><em> e grupo de <\/em><a href=\"https:\/\/t.me\/+sSz0khrgARA0ZmRh\"><strong><em>Telegram<\/em><\/strong><\/a><em>.<\/em><\/p>\n<\/div>\n","protected":false},"excerpt":{"rendered":"<div>\n<div>\n<figure><img decoding=\"async\" src=\"https:\/\/uploads.acordacidade.com.br\/2025\/06\/deamfeira_arrecadaalimentos_foto_ascompoliciacivil.jpg\" alt=\"\"><figcaption>Foto: Divulga\u00e7\u00e3o Ascom PC-BA<\/figcaption><\/figure>\n<\/div>\n<p>Mais de 400 cestas b\u00e1sicas foram entregues nesta quarta-feira (4) a fam\u00edlias em situa\u00e7\u00e3o de vulnerabilidade social, por meio de uma campanha realizada pela Delegacia Especial de Atendimento \u00e0 Mulher (Deam) de Feira de Santana. A a\u00e7\u00e3o foi iniciada no m\u00eas de mar\u00e7o, com a 3\u00aa Caminhada de Combate \u00e0 Viol\u00eancia Contra a Mulher, quando [\u2026]<\/p><\/div>\n","protected":false},"author":1,"featured_media":88816,"comment_status":"closed","ping_status":"closed","sticky":false,"template":"","format":"gallery","meta":{"footnotes":""},"categories":[8,9,6,57,56,10],"tags":[],"class_list":["post-88815","post","type-post","status-publish","format-gallery","has-post-thumbnail","hentry","category-bahia","category-brasil","category-feira-de-santana","category-mundo","category-policia","category-politica","post_format-post-format-gallery"],"featured_image_urls":{"full":["https:\/\/noticiasbahia360.com.br\/wp-content\/uploads\/2025\/06\/deamfeira_arrecadaalimentos_foto_ascompoliciacivil.jpg",1200,900,false],"thumbnail":["https:\/\/noticiasbahia360.com.br\/wp-content\/uploads\/2025\/06\/deamfeira_arrecadaalimentos_foto_ascompoliciacivil-150x150.jpg",150,150,true],"medium":["https:\/\/noticiasbahia360.com.br\/wp-content\/uploads\/2025\/06\/deamfeira_arrecadaalimentos_foto_ascompoliciacivil-300x225.jpg",300,225,true],"medium_large":["https:\/\/noticiasbahia360.com.br\/wp-content\/uploads\/2025\/06\/deamfeira_arrecadaalimentos_foto_ascompoliciacivil-768x576.jpg",640,480,true],"large":["https:\/\/noticiasbahia360.com.br\/wp-content\/uploads\/2025\/06\/deamfeira_arrecadaalimentos_foto_ascompoliciacivil-1024x768.jpg",640,480,true],"1536x1536":["https:\/\/noticiasbahia360.com.br\/wp-content\/uploads\/2025\/06\/deamfeira_arrecadaalimentos_foto_ascompoliciacivil.jpg",1200,900,false],"2048x2048":["https:\/\/noticiasbahia360.com.br\/wp-content\/uploads\/2025\/06\/deamfeira_arrecadaalimentos_foto_ascompoliciacivil.jpg",1200,900,false],"chromenews-featured":["https:\/\/noticiasbahia360.com.br\/wp-content\/uploads\/2025\/06\/deamfeira_arrecadaalimentos_foto_ascompoliciacivil-1024x768.jpg",1024,768,true],"chromenews-large":["https:\/\/noticiasbahia360.com.br\/wp-content\/uploads\/2025\/06\/deamfeira_arrecadaalimentos_foto_ascompoliciacivil-825x575.jpg",825,575,true],"chromenews-medium":["https:\/\/noticiasbahia360.com.br\/wp-content\/uploads\/2025\/06\/deamfeira_arrecadaalimentos_foto_ascompoliciacivil-590x410.jpg",590,410,true]},"author_info":{"display_name":"noticiasbahia360.com.br","author_link":"https:\/\/noticiasbahia360.com.br\/?author=1"},"category_info":"<a href=\"https:\/\/noticiasbahia360.com.br\/?cat=8\" rel=\"category\">Bahia<\/a> <a href=\"https:\/\/noticiasbahia360.com.br\/?cat=9\" rel=\"category\">Brasil<\/a> <a href=\"https:\/\/noticiasbahia360.com.br\/?cat=6\" rel=\"category\">Feira de Santana<\/a> <a href=\"https:\/\/noticiasbahia360.com.br\/?cat=57\" rel=\"category\">Mundo<\/a> <a href=\"https:\/\/noticiasbahia360.com.br\/?cat=56\" rel=\"category\">Pol\u00edcia<\/a> <a href=\"https:\/\/noticiasbahia360.com.br\/?cat=10\" rel=\"category\">Pol\u00edtica<\/a>","tag_info":"Pol\u00edtica","comment_count":"0","_links":{"self":[{"href":"https:\/\/noticiasbahia360.com.br\/index.php?rest_route=\/wp\/v2\/posts\/88815","targetHints":{"allow":["GET"]}}],"collection":[{"href":"https:\/\/noticiasbahia360.com.br\/index.php?rest_route=\/wp\/v2\/posts"}],"about":[{"href":"https:\/\/noticiasbahia360.com.br\/index.php?rest_route=\/wp\/v2\/types\/post"}],"author":[{"embeddable":true,"href":"https:\/\/noticiasbahia360.com.br\/index.php?rest_route=\/wp\/v2\/users\/1"}],"replies":[{"embeddable":true,"href":"https:\/\/noticiasbahia360.com.br\/index.php?rest_route=%2Fwp%2Fv2%2Fcomments&post=88815"}],"version-history":[{"count":0,"href":"https:\/\/noticiasbahia360.com.br\/index.php?rest_route=\/wp\/v2\/posts\/88815\/revisions"}],"wp:featuredmedia":[{"embeddable":true,"href":"https:\/\/noticiasbahia360.com.br\/index.php?rest_route=\/wp\/v2\/media\/88816"}],"wp:attachment":[{"href":"https:\/\/noticiasbahia360.com.br\/index.php?rest_route=%2Fwp%2Fv2%2Fmedia&parent=88815"}],"wp:term":[{"taxonomy":"category","embeddable":true,"href":"https:\/\/noticiasbahia360.com.br\/index.php?rest_route=%2Fwp%2Fv2%2Fcategories&post=88815"},{"taxonomy":"post_tag","embeddable":true,"href":"https:\/\/noticiasbahia360.com.br\/index.php?rest_route=%2Fwp%2Fv2%2Ftags&post=88815"}],"curies":[{"name":"wp","href":"https:\/\/api.w.org\/{rel}","templated":true}]}}