{"id":88820,"date":"2025-06-05T10:31:24","date_gmt":"2025-06-05T13:31:24","guid":{"rendered":"https:\/\/noticiasbahia360.com.br\/?p=88820"},"modified":"2025-06-05T10:31:24","modified_gmt":"2025-06-05T13:31:24","slug":"funcionario-de-usina-de-asfalto-e-assassinado-com-mais-de-15-tiros-a-caminho-do-trabalho-em-feira-de-santana","status":"publish","type":"post","link":"https:\/\/noticiasbahia360.com.br\/?p=88820","title":{"rendered":"Funcion\u00e1rio de usina de asfalto \u00e9 assassinado  com mais de 15 tiros a caminho do trabalho em Feira de Santana"},"content":{"rendered":"<div>\n<div>\n<figure><img decoding=\"async\" src=\"http:\/\/noticiasbahia360.com.br\/wp-content\/uploads\/2025\/06\/homicidio_edsantos_acordacidade-1.jpg\" alt=\"Crime no Jardim Cruzeiro\"><figcaption>Foto: Ed Santos\/Acorda Cidade<\/figcaption><\/figure>\n<\/div>\n<p>Adenilson Santos Santiago Filho, 27 anos de idade, foi assassinado com mais de 15 tiros na manh\u00e3 desta quinta-feira (5), na Rua Conde, bairro <a href=\"https:\/\/www.acordacidade.com.br\/tag\/jardim-cruzeiro\/\">Jardim Cruzeiro<\/a>, em Feira de Santana. A v\u00edtima era natural da cidade de Santo Amaro. <\/p>\n<figure class=\"wp-block-image size-full is-resized\"><img fetchpriority=\"high\" data-dominant-color=\"a18e84\" data-has-transparency=\"false\" fetchpriority=\"high\" decoding=\"async\" width=\"328\" height=\"448\" sizes=\"(max-width: 328px) 100vw, 328px\" src=\"http:\/\/noticiasbahia360.com.br\/wp-content\/uploads\/2025\/06\/6hQxwOTL-adimilsonsantossantiagofilho_reproducao.webp\" alt=\"Adimilson Santos Santiago Filho\" class=\"wp-image-562437 not-transparent\" style=\"--dominant-color: #a18e84; width:840px;height:auto\" srcset=\"https:\/\/uploads.acordacidade.com.br\/2025\/06\/6hQxwOTL-adimilsonsantossantiagofilho_reproducao-267x365.webp 267w, https:\/\/uploads.acordacidade.com.br\/2025\/06\/6hQxwOTL-adimilsonsantossantiagofilho_reproducao-150x205.webp 150w, http:\/\/noticiasbahia360.com.br\/wp-content\/uploads\/2025\/06\/6hQxwOTL-adimilsonsantossantiagofilho_reproducao.webp 328w\"><figcaption class=\"wp-element-caption\">Foto: Reprodu\u00e7\u00e3o<\/figcaption><\/figure>\n<p>Segundo informa\u00e7\u00f5es apuradas pela reportagem do Acorda Cidade no local do crime, a v\u00edtima, que residia na Rua Itamb\u00e9, mesmo bairro onde aconteceu o homic\u00eddio, estava a caminho do trabalho, empresa de usina de asfalto, quando foi surpreendido por homens que estavam em um ve\u00edculo modelo Sandero, de cor vermelha.<\/p>\n<figure class=\"wp-block-image size-large\"><img data-dominant-color=\"7f8589\" data-has-transparency=\"false\" style=\"--dominant-color: #7f8589;\" decoding=\"async\" width=\"1024\" height=\"768\" sizes=\"(max-width: 1024px) 100vw, 1024px\" src=\"http:\/\/noticiasbahia360.com.br\/wp-content\/uploads\/2025\/06\/FhAMd9Fl-homicidio_edsantos_acordacidade-3-1024x768-1.webp\" alt=\"Crime no Jardim Cruzeiro\" class=\"wp-image-562434 not-transparent\" srcset=\"https:\/\/uploads.acordacidade.com.br\/2025\/06\/FhAMd9Fl-homicidio_edsantos_acordacidade-3-487x365.webp 487w, http:\/\/noticiasbahia360.com.br\/wp-content\/uploads\/2025\/06\/FhAMd9Fl-homicidio_edsantos_acordacidade-3-1024x768-1.webp 1024w, https:\/\/uploads.acordacidade.com.br\/2025\/06\/FhAMd9Fl-homicidio_edsantos_acordacidade-3-737x553.webp 737w, https:\/\/uploads.acordacidade.com.br\/2025\/06\/FhAMd9Fl-homicidio_edsantos_acordacidade-3-150x113.webp 150w, https:\/\/uploads.acordacidade.com.br\/2025\/06\/FhAMd9Fl-homicidio_edsantos_acordacidade-3.webp 1200w\"><figcaption class=\"wp-element-caption\">Foto: Ed Santos\/Acorda Cidade<\/figcaption><\/figure>\n<p>Adenilson tentou fugir, foi perseguido e ao ser alvejado, caiu na frente do local de trabalho, onde os autores terminaram de executar a v\u00edtima. Ainda n\u00e3o h\u00e1 informa\u00e7\u00f5es sobre a motiva\u00e7\u00e3o do crime.<\/p>\n<figure class=\"wp-block-image size-full\"><img data-dominant-color=\"90918b\" data-has-transparency=\"false\" style=\"--dominant-color: #90918b;\" decoding=\"async\" width=\"1200\" height=\"715\" sizes=\"(max-width: 1200px) 100vw, 1200px\" src=\"http:\/\/noticiasbahia360.com.br\/wp-content\/uploads\/2025\/06\/AQfri9aF-homicidio_edsantos_acordacidade-2.webp\" alt=\"Crime no Jardim Cruzeiro\" class=\"wp-image-562435 not-transparent\" srcset=\"https:\/\/uploads.acordacidade.com.br\/2025\/06\/AQfri9aF-homicidio_edsantos_acordacidade-2-613x365.webp 613w, https:\/\/uploads.acordacidade.com.br\/2025\/06\/AQfri9aF-homicidio_edsantos_acordacidade-2-928x553.webp 928w, https:\/\/uploads.acordacidade.com.br\/2025\/06\/AQfri9aF-homicidio_edsantos_acordacidade-2-150x89.webp 150w, http:\/\/noticiasbahia360.com.br\/wp-content\/uploads\/2025\/06\/AQfri9aF-homicidio_edsantos_acordacidade-2.webp 1200w\"><figcaption class=\"wp-element-caption\">Foto: Ed Santos\/Acorda Cidade<\/figcaption><\/figure>\n<p>Em entrevista ao Acorda Cidade, a delegada Fernanda Gabriela, que presidiu o levantamento cadav\u00e9rico, informou que a per\u00edcia tamb\u00e9m encontrou uma por\u00e7\u00e3o de maconha dentro da mochila da v\u00edtima.<\/p>\n<figure class=\"wp-block-image size-large\"><img data-dominant-color=\"888e97\" data-has-transparency=\"false\" style=\"--dominant-color: #888e97;\" decoding=\"async\" width=\"1024\" height=\"768\" sizes=\"(max-width: 1024px) 100vw, 1024px\" src=\"http:\/\/noticiasbahia360.com.br\/wp-content\/uploads\/2025\/06\/IypdPhKN-delegadafernandagabriela_edsantos_acordacidade-1024x768-1.webp\" alt=\"Delegada Fernanda Gabriela\" class=\"wp-image-562452 not-transparent\" srcset=\"https:\/\/uploads.acordacidade.com.br\/2025\/06\/IypdPhKN-delegadafernandagabriela_edsantos_acordacidade-487x365.webp 487w, http:\/\/noticiasbahia360.com.br\/wp-content\/uploads\/2025\/06\/IypdPhKN-delegadafernandagabriela_edsantos_acordacidade-1024x768-1.webp 1024w, https:\/\/uploads.acordacidade.com.br\/2025\/06\/IypdPhKN-delegadafernandagabriela_edsantos_acordacidade-737x553.webp 737w, https:\/\/uploads.acordacidade.com.br\/2025\/06\/IypdPhKN-delegadafernandagabriela_edsantos_acordacidade-150x113.webp 150w, https:\/\/uploads.acordacidade.com.br\/2025\/06\/IypdPhKN-delegadafernandagabriela_edsantos_acordacidade.webp 1200w\"><figcaption class=\"wp-element-caption\">Foto: Ed Santos\/Acorda Cidade<\/figcaption><\/figure>\n<p>\u201cA v\u00edtima trabalhava aqui nesta empresa, fabrica\u00e7\u00e3o de asfalto, e quando chegava ao trabalho, foi surpreendido por homens a borde um de um ve\u00edculo, que deflagraram os tiros contra ele, que ainda tentou correr, mas foi atingido. Foram diversos disparos nas costas, gl\u00fateo, m\u00e3o direita e esquerda, antebra\u00e7o, foram mais de 15 disparos. Aqui no local, a per\u00edcia encontrou c\u00e1psulas de pistolas calibre 380 e 9mm. Foi encontrado tamb\u00e9m uma por\u00e7\u00e3o de maconha na mochila, este material ser\u00e1 recolhido e encaminhado para a per\u00edcia.\u201d<\/p>\n<p>Ainda de acordo com a delegada, a v\u00edtima sofreu tentativa de homic\u00eddio em 2024, onde ficou internado no Hospital Geral Cl\u00e9riston Andrade (HGCA).<\/p>\n<p>\u201cA informa\u00e7\u00e3o que a gente tem, \u00e9 que no ano passado, ele j\u00e1 teria sofrido uma tentativa de homic\u00eddio. Provavelmente quem n\u00e3o concluiu o feito, deve ter tentado agora e conseguiu matar o rapaz\u201d, concluiu.<\/p>\n<p>Alguns dos disparos tamb\u00e9m atingiram o port\u00e3o de uma resid\u00eancia.<\/p>\n<figure class=\"wp-block-image size-large\"><img loading=\"lazy\" data-dominant-color=\"a1a6a5\" data-has-transparency=\"false\" style=\"--dominant-color: #a1a6a5;\" decoding=\"async\" width=\"1024\" height=\"768\" sizes=\"(max-width: 1024px) 100vw, 1024px\" src=\"http:\/\/noticiasbahia360.com.br\/wp-content\/uploads\/2025\/06\/VlrOGXDm-disparos_edsantos_acordacidade-1024x768-1.webp\" alt=\"Crime no Jardim Cruzeiro\" class=\"wp-image-562446 not-transparent\" srcset=\"https:\/\/uploads.acordacidade.com.br\/2025\/06\/VlrOGXDm-disparos_edsantos_acordacidade-487x365.webp 487w, http:\/\/noticiasbahia360.com.br\/wp-content\/uploads\/2025\/06\/VlrOGXDm-disparos_edsantos_acordacidade-1024x768-1.webp 1024w, https:\/\/uploads.acordacidade.com.br\/2025\/06\/VlrOGXDm-disparos_edsantos_acordacidade-737x553.webp 737w, https:\/\/uploads.acordacidade.com.br\/2025\/06\/VlrOGXDm-disparos_edsantos_acordacidade-150x113.webp 150w, https:\/\/uploads.acordacidade.com.br\/2025\/06\/VlrOGXDm-disparos_edsantos_acordacidade.webp 1200w\"><figcaption class=\"wp-element-caption\">Foto: Ed Santos\/Acorda Cidade<\/figcaption><\/figure>\n<p><em>Com informa\u00e7\u00f5es rep\u00f3rter Ed Santos do Acorda Cidade<\/em><\/p>\n<p><em>Siga o Acorda Cidade no<\/em><a href=\"https:\/\/news.google.com\/search?q=acorda%20cidade&amp;hl=pt-BR&amp;gl=BR&amp;ceid=BR%3Apt-419\"><strong><em> Google Not\u00edcias<\/em><\/strong><\/a><em> e receba os principais destaques do dia. Participe tamb\u00e9m dos nossos canais no <\/em><a href=\"https:\/\/whatsapp.com\/channel\/0029Va6Rb4v3WHTNnsh8WI3N\"><strong><em>WhatsApp<\/em><\/strong><\/a><em> e <\/em><a href=\"https:\/\/www.youtube.com\/@acordacidadenoticias\/videos\"><strong>Youtube<\/strong><\/a><em> e grupo de <\/em><a href=\"https:\/\/t.me\/+sSz0khrgARA0ZmRh\"><strong><em>Telegram<\/em><\/strong><\/a><em>.<\/em><\/p>\n<\/div>\n","protected":false},"excerpt":{"rendered":"<div>\n<div>\n<figure><img decoding=\"async\" src=\"https:\/\/uploads.acordacidade.com.br\/2025\/06\/homicidio_edsantos_acordacidade-1.jpg\" alt=\"Crime no Jardim Cruzeiro\"><figcaption>Foto: Ed Santos\/Acorda Cidade<\/figcaption><\/figure>\n<\/div>\n<p>Adenilson tentou fugir, foi perseguido e ao ser alvejado, caiu na frente do local de trabalho.<\/p><\/div>\n","protected":false},"author":1,"featured_media":88821,"comment_status":"closed","ping_status":"closed","sticky":false,"template":"","format":"gallery","meta":{"footnotes":""},"categories":[8,9,6,57,56,10],"tags":[],"class_list":["post-88820","post","type-post","status-publish","format-gallery","has-post-thumbnail","hentry","category-bahia","category-brasil","category-feira-de-santana","category-mundo","category-policia","category-politica","post_format-post-format-gallery"],"featured_image_urls":{"full":["https:\/\/noticiasbahia360.com.br\/wp-content\/uploads\/2025\/06\/homicidio_edsantos_acordacidade-1.jpg",1200,900,false],"thumbnail":["https:\/\/noticiasbahia360.com.br\/wp-content\/uploads\/2025\/06\/homicidio_edsantos_acordacidade-1-150x150.jpg",150,150,true],"medium":["https:\/\/noticiasbahia360.com.br\/wp-content\/uploads\/2025\/06\/homicidio_edsantos_acordacidade-1-300x225.jpg",300,225,true],"medium_large":["https:\/\/noticiasbahia360.com.br\/wp-content\/uploads\/2025\/06\/homicidio_edsantos_acordacidade-1-768x576.jpg",640,480,true],"large":["https:\/\/noticiasbahia360.com.br\/wp-content\/uploads\/2025\/06\/homicidio_edsantos_acordacidade-1-1024x768.jpg",640,480,true],"1536x1536":["https:\/\/noticiasbahia360.com.br\/wp-content\/uploads\/2025\/06\/homicidio_edsantos_acordacidade-1.jpg",1200,900,false],"2048x2048":["https:\/\/noticiasbahia360.com.br\/wp-content\/uploads\/2025\/06\/homicidio_edsantos_acordacidade-1.jpg",1200,900,false],"chromenews-featured":["https:\/\/noticiasbahia360.com.br\/wp-content\/uploads\/2025\/06\/homicidio_edsantos_acordacidade-1-1024x768.jpg",1024,768,true],"chromenews-large":["https:\/\/noticiasbahia360.com.br\/wp-content\/uploads\/2025\/06\/homicidio_edsantos_acordacidade-1-825x575.jpg",825,575,true],"chromenews-medium":["https:\/\/noticiasbahia360.com.br\/wp-content\/uploads\/2025\/06\/homicidio_edsantos_acordacidade-1-590x410.jpg",590,410,true]},"author_info":{"display_name":"noticiasbahia360.com.br","author_link":"https:\/\/noticiasbahia360.com.br\/?author=1"},"category_info":"<a href=\"https:\/\/noticiasbahia360.com.br\/?cat=8\" rel=\"category\">Bahia<\/a> <a href=\"https:\/\/noticiasbahia360.com.br\/?cat=9\" rel=\"category\">Brasil<\/a> <a href=\"https:\/\/noticiasbahia360.com.br\/?cat=6\" rel=\"category\">Feira de Santana<\/a> <a href=\"https:\/\/noticiasbahia360.com.br\/?cat=57\" rel=\"category\">Mundo<\/a> <a href=\"https:\/\/noticiasbahia360.com.br\/?cat=56\" rel=\"category\">Pol\u00edcia<\/a> <a href=\"https:\/\/noticiasbahia360.com.br\/?cat=10\" rel=\"category\">Pol\u00edtica<\/a>","tag_info":"Pol\u00edtica","comment_count":"0","_links":{"self":[{"href":"https:\/\/noticiasbahia360.com.br\/index.php?rest_route=\/wp\/v2\/posts\/88820","targetHints":{"allow":["GET"]}}],"collection":[{"href":"https:\/\/noticiasbahia360.com.br\/index.php?rest_route=\/wp\/v2\/posts"}],"about":[{"href":"https:\/\/noticiasbahia360.com.br\/index.php?rest_route=\/wp\/v2\/types\/post"}],"author":[{"embeddable":true,"href":"https:\/\/noticiasbahia360.com.br\/index.php?rest_route=\/wp\/v2\/users\/1"}],"replies":[{"embeddable":true,"href":"https:\/\/noticiasbahia360.com.br\/index.php?rest_route=%2Fwp%2Fv2%2Fcomments&post=88820"}],"version-history":[{"count":0,"href":"https:\/\/noticiasbahia360.com.br\/index.php?rest_route=\/wp\/v2\/posts\/88820\/revisions"}],"wp:featuredmedia":[{"embeddable":true,"href":"https:\/\/noticiasbahia360.com.br\/index.php?rest_route=\/wp\/v2\/media\/88821"}],"wp:attachment":[{"href":"https:\/\/noticiasbahia360.com.br\/index.php?rest_route=%2Fwp%2Fv2%2Fmedia&parent=88820"}],"wp:term":[{"taxonomy":"category","embeddable":true,"href":"https:\/\/noticiasbahia360.com.br\/index.php?rest_route=%2Fwp%2Fv2%2Fcategories&post=88820"},{"taxonomy":"post_tag","embeddable":true,"href":"https:\/\/noticiasbahia360.com.br\/index.php?rest_route=%2Fwp%2Fv2%2Ftags&post=88820"}],"curies":[{"name":"wp","href":"https:\/\/api.w.org\/{rel}","templated":true}]}}