{"id":88832,"date":"2025-06-05T11:55:03","date_gmt":"2025-06-05T14:55:03","guid":{"rendered":"https:\/\/noticiasbahia360.com.br\/?p=88832"},"modified":"2025-06-05T11:55:03","modified_gmt":"2025-06-05T14:55:03","slug":"centro-industrial-norte-cin-prefeitura-anuncia-incentivos-fiscais-para-instalacao-de-industrias-na-regiao","status":"publish","type":"post","link":"https:\/\/noticiasbahia360.com.br\/?p=88832","title":{"rendered":"Centro Industrial Norte (CIN): prefeitura anuncia incentivos fiscais para instala\u00e7\u00e3o de ind\u00fastrias na regi\u00e3o"},"content":{"rendered":"<div>\n<div>\n<figure><img decoding=\"async\" src=\"http:\/\/noticiasbahia360.com.br\/wp-content\/uploads\/2025\/06\/prefeitojoseronaldo_foto_neysilva_acordacidade.jpg\" alt=\"Jos\u00e9 Ronaldo, prefeito de Feira de Santana\"><figcaption>Jos\u00e9 Ronaldo, prefeito de Feira de Santana  &#8211; Foto: Ney Silva<\/figcaption><\/figure>\n<\/div>\n<p>Em entrevista ao Acorda Cidade na manh\u00e3 desta quinta-feira (5), o prefeito Jos\u00e9 Ronaldo (Uni\u00e3o Brasil) informou que a Prefeitura de Feira de Santana ir\u00e1 conceder incentivos fiscais para novas ind\u00fastrias que se instalarem no Centro Industrial Norte (CIN) da cidade.<\/p>\n<p>A regi\u00e3o corresponde ao trecho que liga a Universidade Estadual de Feira de Santana (<a href=\"https:\/\/www.acordacidade.com.br\/tag\/uefs\/\">Uefs<\/a>) aos limites territoriais de Santa B\u00e1rbara, uma \u00e1rea industrial em desenvolvimento planejada pelo munic\u00edpio.<\/p>\n<p>\u201cN\u00f3s encaminhamos \u00e0 C\u00e2mara e a C\u00e2mara aprovou o Projeto de Lei que d\u00e1 incentivos fiscais para as empresas que desejarem se instalar naquela regi\u00e3o. S\u00e3o cinco anos de incentivos, renov\u00e1vel por mais cinco anos ou per\u00edodos maiores, de todas aquelas empresas que venham a se instalar naquela regi\u00e3o ali de Feira de Santana.\u201d<\/p>\n<p>O an\u00fancio oficial aconteceu para a classe empresarial e dirigentes do sistema \u201cS\u201d, na manh\u00e3 de quarta-feira (4), durante a abertura do 2\u00ba Simp\u00f3sio da Ind\u00fastria do Sert\u00e3o, no audit\u00f3rio do Servi\u00e7o Social da Ind\u00fastria (Sesi), no bairro Alto do Cruzeiro.<\/p>\n<p>Questionado sobre possibilidade de participa\u00e7\u00e3o do governo estadual no processo de instala\u00e7\u00e3o do CIN, o prefeito informou que \u00e9 totalmente poss\u00edvel. \u201cO governo do Estado pode tamb\u00e9m conceder incentivos fiscais para implanta\u00e7\u00e3o dessas ind\u00fastrias. Isso \u00e9 apenas uma decis\u00e3o governamental.\u201d declarou.<\/p>\n<p><em>Com informa\u00e7\u00f5es do rep\u00f3rter Ney Silva do Acorda Cidade<\/em><\/p>\n<p><em>Siga o Acorda Cidade no<\/em><a href=\"https:\/\/news.google.com\/search?q=acorda%20cidade&amp;hl=pt-BR&amp;gl=BR&amp;ceid=BR%3Apt-419\"><strong><em> Google Not\u00edcias<\/em><\/strong><\/a><em> e receba os principais destaques do dia. Participe tamb\u00e9m dos nossos canais no <\/em><a href=\"https:\/\/www.whatsapp.com\/channel\/0029Va6Rb4v3WHTNnsh8WI3N\"><strong><em>WhatsApp<\/em><\/strong><\/a><em> e <\/em><a href=\"https:\/\/www.youtube.com\/@acordacidadenoticias\/videos\"><strong>Youtube<\/strong><\/a><em> e grupo de <\/em><a href=\"https:\/\/t.me\/+sSz0khrgARA0ZmRh\"><strong><em>Telegram<\/em><\/strong><\/a><em>.<\/em><\/p>\n<\/div>\n","protected":false},"excerpt":{"rendered":"<div>\n<div>\n<figure><img decoding=\"async\" src=\"https:\/\/uploads.acordacidade.com.br\/2025\/06\/prefeitojoseronaldo_foto_neysilva_acordacidade.jpg\" alt=\"Jos\u00e9 Ronaldo, prefeito de Feira de Santana\"><figcaption>Jos\u00e9 Ronaldo, prefeito de Feira de Santana  &#8211; Foto: Ney Silva<\/figcaption><\/figure>\n<\/div>\n<p>Em entrevista ao Acorda Cidade na manh\u00e3 desta quinta-feira (5), o prefeito Jos\u00e9 Ronaldo (Uni\u00e3o Brasil) informou que a Prefeitura de Feira de Santana ir\u00e1 conceder incentivos fiscais para novas ind\u00fastrias que se instalarem no Centro Industrial Norte (CIN) da cidade. A regi\u00e3o corresponde ao trecho que liga a Universidade Estadual de Feira de Santana [\u2026]<\/p><\/div>\n","protected":false},"author":1,"featured_media":88833,"comment_status":"closed","ping_status":"closed","sticky":false,"template":"","format":"gallery","meta":{"footnotes":""},"categories":[8,9,6,57,56,10],"tags":[],"class_list":["post-88832","post","type-post","status-publish","format-gallery","has-post-thumbnail","hentry","category-bahia","category-brasil","category-feira-de-santana","category-mundo","category-policia","category-politica","post_format-post-format-gallery"],"featured_image_urls":{"full":["https:\/\/noticiasbahia360.com.br\/wp-content\/uploads\/2025\/06\/prefeitojoseronaldo_foto_neysilva_acordacidade.jpg",1200,900,false],"thumbnail":["https:\/\/noticiasbahia360.com.br\/wp-content\/uploads\/2025\/06\/prefeitojoseronaldo_foto_neysilva_acordacidade-150x150.jpg",150,150,true],"medium":["https:\/\/noticiasbahia360.com.br\/wp-content\/uploads\/2025\/06\/prefeitojoseronaldo_foto_neysilva_acordacidade-300x225.jpg",300,225,true],"medium_large":["https:\/\/noticiasbahia360.com.br\/wp-content\/uploads\/2025\/06\/prefeitojoseronaldo_foto_neysilva_acordacidade-768x576.jpg",640,480,true],"large":["https:\/\/noticiasbahia360.com.br\/wp-content\/uploads\/2025\/06\/prefeitojoseronaldo_foto_neysilva_acordacidade-1024x768.jpg",640,480,true],"1536x1536":["https:\/\/noticiasbahia360.com.br\/wp-content\/uploads\/2025\/06\/prefeitojoseronaldo_foto_neysilva_acordacidade.jpg",1200,900,false],"2048x2048":["https:\/\/noticiasbahia360.com.br\/wp-content\/uploads\/2025\/06\/prefeitojoseronaldo_foto_neysilva_acordacidade.jpg",1200,900,false],"chromenews-featured":["https:\/\/noticiasbahia360.com.br\/wp-content\/uploads\/2025\/06\/prefeitojoseronaldo_foto_neysilva_acordacidade-1024x768.jpg",1024,768,true],"chromenews-large":["https:\/\/noticiasbahia360.com.br\/wp-content\/uploads\/2025\/06\/prefeitojoseronaldo_foto_neysilva_acordacidade-825x575.jpg",825,575,true],"chromenews-medium":["https:\/\/noticiasbahia360.com.br\/wp-content\/uploads\/2025\/06\/prefeitojoseronaldo_foto_neysilva_acordacidade-590x410.jpg",590,410,true]},"author_info":{"display_name":"noticiasbahia360.com.br","author_link":"https:\/\/noticiasbahia360.com.br\/?author=1"},"category_info":"<a href=\"https:\/\/noticiasbahia360.com.br\/?cat=8\" rel=\"category\">Bahia<\/a> <a href=\"https:\/\/noticiasbahia360.com.br\/?cat=9\" rel=\"category\">Brasil<\/a> <a href=\"https:\/\/noticiasbahia360.com.br\/?cat=6\" rel=\"category\">Feira de Santana<\/a> <a href=\"https:\/\/noticiasbahia360.com.br\/?cat=57\" rel=\"category\">Mundo<\/a> <a href=\"https:\/\/noticiasbahia360.com.br\/?cat=56\" rel=\"category\">Pol\u00edcia<\/a> <a href=\"https:\/\/noticiasbahia360.com.br\/?cat=10\" rel=\"category\">Pol\u00edtica<\/a>","tag_info":"Pol\u00edtica","comment_count":"0","_links":{"self":[{"href":"https:\/\/noticiasbahia360.com.br\/index.php?rest_route=\/wp\/v2\/posts\/88832","targetHints":{"allow":["GET"]}}],"collection":[{"href":"https:\/\/noticiasbahia360.com.br\/index.php?rest_route=\/wp\/v2\/posts"}],"about":[{"href":"https:\/\/noticiasbahia360.com.br\/index.php?rest_route=\/wp\/v2\/types\/post"}],"author":[{"embeddable":true,"href":"https:\/\/noticiasbahia360.com.br\/index.php?rest_route=\/wp\/v2\/users\/1"}],"replies":[{"embeddable":true,"href":"https:\/\/noticiasbahia360.com.br\/index.php?rest_route=%2Fwp%2Fv2%2Fcomments&post=88832"}],"version-history":[{"count":0,"href":"https:\/\/noticiasbahia360.com.br\/index.php?rest_route=\/wp\/v2\/posts\/88832\/revisions"}],"wp:featuredmedia":[{"embeddable":true,"href":"https:\/\/noticiasbahia360.com.br\/index.php?rest_route=\/wp\/v2\/media\/88833"}],"wp:attachment":[{"href":"https:\/\/noticiasbahia360.com.br\/index.php?rest_route=%2Fwp%2Fv2%2Fmedia&parent=88832"}],"wp:term":[{"taxonomy":"category","embeddable":true,"href":"https:\/\/noticiasbahia360.com.br\/index.php?rest_route=%2Fwp%2Fv2%2Fcategories&post=88832"},{"taxonomy":"post_tag","embeddable":true,"href":"https:\/\/noticiasbahia360.com.br\/index.php?rest_route=%2Fwp%2Fv2%2Ftags&post=88832"}],"curies":[{"name":"wp","href":"https:\/\/api.w.org\/{rel}","templated":true}]}}