{"id":88834,"date":"2025-06-05T12:06:45","date_gmt":"2025-06-05T15:06:45","guid":{"rendered":"https:\/\/noticiasbahia360.com.br\/?p=88834"},"modified":"2025-06-05T12:06:45","modified_gmt":"2025-06-05T15:06:45","slug":"projeto-transforma-superintendencia-de-obras-em-secretaria","status":"publish","type":"post","link":"https:\/\/noticiasbahia360.com.br\/?p=88834","title":{"rendered":"Projeto transforma Superintend\u00eancia de Obras em secretaria"},"content":{"rendered":"<div>\n<div>\n<figure><img decoding=\"async\" src=\"http:\/\/noticiasbahia360.com.br\/wp-content\/uploads\/2025\/06\/secretaria-de-servicos-publicos.jpg\" alt=\"secretaria de servi\u00e7os p\u00fablicos\"><figcaption>Foto: Prefeitura de Feira de Santana<\/figcaption><\/figure>\n<\/div>\n<p>A <a href=\"https:\/\/www.acordacidade.com.br\/tag\/camara-de-feira\/\">C\u00e2mara de Feira <\/a>de Santana recebeu um projeto, de iniciativa do Poder Executivo, que visa transformar a Superintend\u00eancia de Obras e Manuten\u00e7\u00e3o (Soma) em uma nova Secretaria de Infraestrutura. O Vice-L\u00edder do Governo, vereador Pastor Valdemir (PP), destacou os benef\u00edcios que essa mudan\u00e7a trar\u00e1 para a popula\u00e7\u00e3o, ressaltando o papel ativo do <a href=\"http:\/\/prefeito%20jos%C3%A9%20ronaldo\/\">Prefeito Jos\u00e9 Ronaldo<\/a> de Carvalho em esclarecer as vantagens do projeto. \u201c\u00c9 um passo fundamental para garantir uma abordagem mais eficaz na resolu\u00e7\u00e3o das demandas da popula\u00e7\u00e3o\u201d, afirmou Valdemir.<\/p>\n<p>Segundo ele, essa mudan\u00e7a permitir\u00e1 um atendimento mais robusto \u00e0s necessidades dos cidad\u00e3os e contribuir\u00e1 para o desenvolvimento da cidade em um patamar elevado.<br \/>Jos\u00e9 Carneiro (UB), l\u00edder do Governo na C\u00e2mara, tamb\u00e9m se pronunciou sobre o projeto, explicando que a decis\u00e3o de transformar a Soma em Secretaria surgiu da necessidade de uma estrutura mais eficiente. \u201cA nova Secretaria poder\u00e1 receber recursos e ter\u00e1 uma estrutura muito mais adequada do que a atual\u201d, explicou.<\/p>\n<p>Ele enfatizou que as mudan\u00e7as na equipe ser\u00e3o m\u00ednimas, com apenas um novo DA3 e um oficial do gabinete, garantindo que n\u00e3o haver\u00e1 aumento significativo nos custos operacionais.<\/p>\n<p>O Presidente da C\u00e2mara, Marcos Lima (UB), reafirmou a urg\u00eancia e a import\u00e2ncia desse projeto para atender \u00e0s demandas emergentes da cidade. \u201cEstamos tratando esses projetos com serenidade e respeitando os tr\u00e2mites necess\u00e1rios. Acreditamos que ainda este m\u00eas poderemos votar em plen\u00e1rio\u201d, disse Lima, ressaltando a import\u00e2ncia da harmonia entre os poderes Executivo e Legislativo. <\/p>\n<p>Jo\u00e3o Vianney, Superintendente da <a href=\"https:\/\/www.acordacidade.com.br\/tag\/soma\/\">Soma<\/a>, presente na sess\u00e3o, detalhou as raz\u00f5es por tr\u00e1s da proposta. \u201cA mudan\u00e7a visa consolidar as atribui\u00e7\u00f5es relacionadas a todas as interven\u00e7\u00f5es urbanas e melhorias nos pr\u00e9dios p\u00fablicos\u201d, explicou Vianney.<\/p>\n<p>Ele tamb\u00e9m destacou que anteriormente a superintend\u00eancia estava vinculada ao gabinete do prefeito, focando principalmente na manuten\u00e7\u00e3o. Com esse novo projeto, Feira de Santana espera avan\u00e7ar significativamente em suas obras e infraestrutura, beneficiando diretamente sua popula\u00e7\u00e3o. A transforma\u00e7\u00e3o da Soma em Secretaria representa n\u00e3o apenas uma mudan\u00e7a estrutural, mas um compromisso com o desenvolvimento cont\u00ednuo da cidade.<\/p>\n<p><em>Siga o Acorda Cidade no<\/em><a href=\"https:\/\/news.google.com\/search?q=acorda%20cidade&amp;hl=pt-BR&amp;gl=BR&amp;ceid=BR%3Apt-419\"><strong><em>\u00a0Google Not\u00edcias<\/em><\/strong><\/a><em>\u00a0e receba os principais destaques do dia. Participe tamb\u00e9m dos nossos canais no\u00a0<\/em><a href=\"https:\/\/www.whatsapp.com\/channel\/0029Va6Rb4v3WHTNnsh8WI3N\"><strong><em>WhatsApp<\/em><\/strong><\/a><em>\u00a0e\u00a0<\/em><a href=\"https:\/\/www.youtube.com\/@acordacidadenoticias\/videos\"><strong>YouTube<\/strong><\/a><em>\u00a0e grupo de\u00a0<\/em><a href=\"https:\/\/t.me\/+sSz0khrgARA0ZmRh\"><strong><em>Telegram<\/em><\/strong><\/a><em>.<\/em><\/p>\n<\/div>\n","protected":false},"excerpt":{"rendered":"<div>\n<div>\n<figure><img decoding=\"async\" src=\"https:\/\/uploads.acordacidade.com.br\/2025\/06\/secretaria-de-servicos-publicos.jpg\" alt=\"secretaria de servi\u00e7os p\u00fablicos\"><figcaption>Foto: Prefeitura de Feira de Santana<\/figcaption><\/figure>\n<\/div>\n<p>Jo\u00e3o Vianney, Superintendente da Soma, presente na sess\u00e3o, detalhou as raz\u00f5es por tr\u00e1s da proposta.<\/p><\/div>\n","protected":false},"author":1,"featured_media":88835,"comment_status":"closed","ping_status":"closed","sticky":false,"template":"","format":"gallery","meta":{"footnotes":""},"categories":[8,9,6,57,56,10],"tags":[],"class_list":["post-88834","post","type-post","status-publish","format-gallery","has-post-thumbnail","hentry","category-bahia","category-brasil","category-feira-de-santana","category-mundo","category-policia","category-politica","post_format-post-format-gallery"],"featured_image_urls":{"full":["https:\/\/noticiasbahia360.com.br\/wp-content\/uploads\/2025\/06\/secretaria-de-servicos-publicos.jpg",1200,800,false],"thumbnail":["https:\/\/noticiasbahia360.com.br\/wp-content\/uploads\/2025\/06\/secretaria-de-servicos-publicos-150x150.jpg",150,150,true],"medium":["https:\/\/noticiasbahia360.com.br\/wp-content\/uploads\/2025\/06\/secretaria-de-servicos-publicos-300x200.jpg",300,200,true],"medium_large":["https:\/\/noticiasbahia360.com.br\/wp-content\/uploads\/2025\/06\/secretaria-de-servicos-publicos-768x512.jpg",640,427,true],"large":["https:\/\/noticiasbahia360.com.br\/wp-content\/uploads\/2025\/06\/secretaria-de-servicos-publicos-1024x683.jpg",640,427,true],"1536x1536":["https:\/\/noticiasbahia360.com.br\/wp-content\/uploads\/2025\/06\/secretaria-de-servicos-publicos.jpg",1200,800,false],"2048x2048":["https:\/\/noticiasbahia360.com.br\/wp-content\/uploads\/2025\/06\/secretaria-de-servicos-publicos.jpg",1200,800,false],"chromenews-featured":["https:\/\/noticiasbahia360.com.br\/wp-content\/uploads\/2025\/06\/secretaria-de-servicos-publicos-1024x683.jpg",1024,683,true],"chromenews-large":["https:\/\/noticiasbahia360.com.br\/wp-content\/uploads\/2025\/06\/secretaria-de-servicos-publicos-825x575.jpg",825,575,true],"chromenews-medium":["https:\/\/noticiasbahia360.com.br\/wp-content\/uploads\/2025\/06\/secretaria-de-servicos-publicos-590x410.jpg",590,410,true]},"author_info":{"display_name":"noticiasbahia360.com.br","author_link":"https:\/\/noticiasbahia360.com.br\/?author=1"},"category_info":"<a href=\"https:\/\/noticiasbahia360.com.br\/?cat=8\" rel=\"category\">Bahia<\/a> <a href=\"https:\/\/noticiasbahia360.com.br\/?cat=9\" rel=\"category\">Brasil<\/a> <a href=\"https:\/\/noticiasbahia360.com.br\/?cat=6\" rel=\"category\">Feira de Santana<\/a> <a href=\"https:\/\/noticiasbahia360.com.br\/?cat=57\" rel=\"category\">Mundo<\/a> <a href=\"https:\/\/noticiasbahia360.com.br\/?cat=56\" rel=\"category\">Pol\u00edcia<\/a> <a href=\"https:\/\/noticiasbahia360.com.br\/?cat=10\" rel=\"category\">Pol\u00edtica<\/a>","tag_info":"Pol\u00edtica","comment_count":"0","_links":{"self":[{"href":"https:\/\/noticiasbahia360.com.br\/index.php?rest_route=\/wp\/v2\/posts\/88834","targetHints":{"allow":["GET"]}}],"collection":[{"href":"https:\/\/noticiasbahia360.com.br\/index.php?rest_route=\/wp\/v2\/posts"}],"about":[{"href":"https:\/\/noticiasbahia360.com.br\/index.php?rest_route=\/wp\/v2\/types\/post"}],"author":[{"embeddable":true,"href":"https:\/\/noticiasbahia360.com.br\/index.php?rest_route=\/wp\/v2\/users\/1"}],"replies":[{"embeddable":true,"href":"https:\/\/noticiasbahia360.com.br\/index.php?rest_route=%2Fwp%2Fv2%2Fcomments&post=88834"}],"version-history":[{"count":0,"href":"https:\/\/noticiasbahia360.com.br\/index.php?rest_route=\/wp\/v2\/posts\/88834\/revisions"}],"wp:featuredmedia":[{"embeddable":true,"href":"https:\/\/noticiasbahia360.com.br\/index.php?rest_route=\/wp\/v2\/media\/88835"}],"wp:attachment":[{"href":"https:\/\/noticiasbahia360.com.br\/index.php?rest_route=%2Fwp%2Fv2%2Fmedia&parent=88834"}],"wp:term":[{"taxonomy":"category","embeddable":true,"href":"https:\/\/noticiasbahia360.com.br\/index.php?rest_route=%2Fwp%2Fv2%2Fcategories&post=88834"},{"taxonomy":"post_tag","embeddable":true,"href":"https:\/\/noticiasbahia360.com.br\/index.php?rest_route=%2Fwp%2Fv2%2Ftags&post=88834"}],"curies":[{"name":"wp","href":"https:\/\/api.w.org\/{rel}","templated":true}]}}