{"id":88838,"date":"2025-06-05T12:15:24","date_gmt":"2025-06-05T15:15:24","guid":{"rendered":"https:\/\/noticiasbahia360.com.br\/?p=88838"},"modified":"2025-06-05T12:15:24","modified_gmt":"2025-06-05T15:15:24","slug":"ufrb-abre-168-vagas-para-pessoas-com-mais-de-50-anos-em-cinco-campus-inscricoes-ate-10-de-julho","status":"publish","type":"post","link":"https:\/\/noticiasbahia360.com.br\/?p=88838","title":{"rendered":"UFRB abre 168 vagas para pessoas com mais de 50 anos em cinco campus; inscri\u00e7\u00f5es at\u00e9 10 de julho"},"content":{"rendered":"<div>\n<div>\n<figure><img decoding=\"async\" src=\"http:\/\/noticiasbahia360.com.br\/wp-content\/uploads\/2025\/06\/UFRB-Feira-cetens-fptp-maps.jpg\" alt=\"UFRB Feira cetens\"><figcaption>Foto: Divulga\u00e7\u00e3o\/Reprodu\u00e7\u00e3o\/Maps<\/figcaption><\/figure>\n<\/div>\n<p>A Universidade Federal do Rec\u00f4ncavo da Bahia (<a href=\"https:\/\/www.acordacidade.com.br\/tag\/ufrb\/\">UFRB<\/a>), por meio da Pr\u00f3-Reitoria de Extens\u00e3o e Cultura (Proexc), est\u00e1 com inscri\u00e7\u00f5es abertas at\u00e9 o dia 10 de julho para o Programa Universidade Aberta \u00e0 Maturidade (Promat). Nesta edi\u00e7\u00e3o, s\u00e3o ofertadas 168 vagas para pessoas com mais de 50 anos, distribu\u00eddas em atividades nas \u00e1reas da sa\u00fade, hist\u00f3ria, arqueologia, ci\u00eancias agr\u00e1rias, cinema, fotografia e m\u00fasica.<\/p>\n<figure class=\"wp-block-image size-full\"><img fetchpriority=\"high\" data-dominant-color=\"608092\" data-has-transparency=\"false\" style=\"--dominant-color: #608092;\" fetchpriority=\"high\" decoding=\"async\" width=\"1200\" height=\"675\" sizes=\"(max-width: 1200px) 100vw, 1200px\" src=\"http:\/\/noticiasbahia360.com.br\/wp-content\/uploads\/2025\/06\/PSH068WG-Promat-UFRB-1.webp\" alt=\"Promat - UFRB\" class=\"wp-image-562536 not-transparent\" srcset=\"https:\/\/uploads.acordacidade.com.br\/2025\/06\/PSH068WG-Promat-UFRB-1-648x365.webp 648w, https:\/\/uploads.acordacidade.com.br\/2025\/06\/PSH068WG-Promat-UFRB-1-150x84.webp 150w, http:\/\/noticiasbahia360.com.br\/wp-content\/uploads\/2025\/06\/PSH068WG-Promat-UFRB-1.webp 1200w\"><figcaption class=\"wp-element-caption\">Foto: Acervo Proexc\/ UFRB<\/figcaption><\/figure>\n<p>As inscri\u00e7\u00f5es devem ser feitas por meio de formul\u00e1rio online dispon\u00edvel no menu \u201csele\u00e7\u00f5es\u201d do site da Proexc. <strong>As atividades de ensino e extens\u00e3o na UFRB ser\u00e3o ofertadas nos munic\u00edpios de Cruz das Almas, Feira de Santana, Santo Ant\u00f4nio de Jesus, Santo Amaro e Cachoeira, com oferta de componentes curriculares, cursos, projetos de extens\u00e3o e grupos de estudo, conforme o\u00a0<a href=\"https:\/\/www.ufrb.edu.br\/proexc\/components\/com_chronoforms5\/chronoforms\/uploads\/documentoprosel\/20250602100451_EDITAL_-_PROMAT_13.pdf\" target=\"_blank\" rel=\"noreferrer noopener\">Edital Proexc N\u00ba 13\/2025.<\/a><\/strong><\/p>\n<p>Para o Pr\u00f3-reitor de Extens\u00e3o e Cultura da UFRB, Danillo Barata, o Promat fortalece os la\u00e7os entre universidade e sociedade. \u201cTrata-se de uma iniciativa que promove inclus\u00e3o, troca de saberes e integra\u00e7\u00e3o entre gera\u00e7\u00f5es, reafirmando o papel da UFRB como institui\u00e7\u00e3o comprometida com a transforma\u00e7\u00e3o social\u201d, destacou.<\/p>\n<figure class=\"wp-block-image size-full\"><img data-dominant-color=\"867666\" data-has-transparency=\"false\" style=\"--dominant-color: #867666;\" decoding=\"async\" width=\"1200\" height=\"675\" sizes=\"(max-width: 1200px) 100vw, 1200px\" src=\"http:\/\/noticiasbahia360.com.br\/wp-content\/uploads\/2025\/06\/XcXCEkU8-Promat-UFRB-3.webp\" alt=\"Promat - UFRB\" class=\"wp-image-562534 not-transparent\" srcset=\"https:\/\/uploads.acordacidade.com.br\/2025\/06\/XcXCEkU8-Promat-UFRB-3-648x365.webp 648w, https:\/\/uploads.acordacidade.com.br\/2025\/06\/XcXCEkU8-Promat-UFRB-3-150x84.webp 150w, http:\/\/noticiasbahia360.com.br\/wp-content\/uploads\/2025\/06\/XcXCEkU8-Promat-UFRB-3.webp 1200w\"><figcaption class=\"wp-element-caption\">Foto: Acervo Proexc\/ UFRB<\/figcaption><\/figure>\n<p>Criado em 2016 como projeto de extens\u00e3o, o Promat foi recentemente regulamentado pela\u00a0<a href=\"https:\/\/ufrb.edu.br\/proexc\/components\/com_chronoforms5\/chronoforms\/uploads\/documento\/20250521103143_RESOLUCAO_151_1-1.pdf\" target=\"_blank\" rel=\"noreferrer noopener\">Resolu\u00e7\u00e3o N\u00ba 151\/2025<\/a>, que trouxe importantes atualiza\u00e7\u00f5es. Entre as mudan\u00e7as est\u00e3o a emiss\u00e3o de n\u00famero de matr\u00edcula para os participantes, a inclus\u00e3o de atividades extracurriculares na programa\u00e7\u00e3o e a possibilidade de aproveitamento da carga hor\u00e1ria por quem vier a ingressar na UFRB por meio do Enem.<\/p>\n<figure class=\"wp-block-image size-full\"><img data-dominant-color=\"a49484\" data-has-transparency=\"false\" style=\"--dominant-color: #a49484;\" decoding=\"async\" width=\"1200\" height=\"675\" sizes=\"(max-width: 1200px) 100vw, 1200px\" src=\"http:\/\/noticiasbahia360.com.br\/wp-content\/uploads\/2025\/06\/hnvw5iYo-Promat-UFRB-.webp\" alt=\"Promat - UFRB\" class=\"wp-image-562537 not-transparent\" srcset=\"https:\/\/uploads.acordacidade.com.br\/2025\/06\/hnvw5iYo-Promat-UFRB--648x365.webp 648w, https:\/\/uploads.acordacidade.com.br\/2025\/06\/hnvw5iYo-Promat-UFRB--150x84.webp 150w, http:\/\/noticiasbahia360.com.br\/wp-content\/uploads\/2025\/06\/hnvw5iYo-Promat-UFRB-.webp 1200w\"><figcaption class=\"wp-element-caption\">Foto: Acervo Proexc\/ UFRB<\/figcaption><\/figure>\n<p>O programa da maturidade tem como objetivo integrar pessoas com mais de 50 anos \u00e0 comunidade acad\u00eamica, promovendo o interc\u00e2mbio de experi\u00eancias e saberes entre gera\u00e7\u00f5es. Al\u00e9m disso, o Promat contribui para o bem-estar, o desenvolvimento pessoal e a qualidade de vida do p\u00fablico da maturidade, por meio da participa\u00e7\u00e3o em atividades de ensino e extens\u00e3o.<\/p>\n<figure class=\"wp-block-image size-large\"><img data-dominant-color=\"705d57\" data-has-transparency=\"false\" style=\"--dominant-color: #705d57;\" decoding=\"async\" width=\"1152\" height=\"768\" sizes=\"(max-width: 1152px) 100vw, 1152px\" src=\"http:\/\/noticiasbahia360.com.br\/wp-content\/uploads\/2025\/06\/6VwIo5Af-Promat-UFRB-2-1152x768-1.webp\" alt=\"Promat - UFRB\" class=\"wp-image-562535 not-transparent\" srcset=\"https:\/\/uploads.acordacidade.com.br\/2025\/06\/6VwIo5Af-Promat-UFRB-2-548x365.webp 548w, http:\/\/noticiasbahia360.com.br\/wp-content\/uploads\/2025\/06\/6VwIo5Af-Promat-UFRB-2-1152x768-1.webp 1152w, https:\/\/uploads.acordacidade.com.br\/2025\/06\/6VwIo5Af-Promat-UFRB-2-830x553.webp 830w, https:\/\/uploads.acordacidade.com.br\/2025\/06\/6VwIo5Af-Promat-UFRB-2-150x100.webp 150w, https:\/\/uploads.acordacidade.com.br\/2025\/06\/6VwIo5Af-Promat-UFRB-2.webp 1200w\"><figcaption class=\"wp-element-caption\">Foto: Acervo Proexc\/ UFRB<\/figcaption><\/figure>\n<h2 class=\"wp-block-heading\" id=\"h-entenda-o-promat\">Entenda o Promat <\/h2>\n<p>Iniciado em 2016, o Projeto Universidade Aberta \u00e0 Maturidade \u2013 Promat\/UFRB tem o objetivo de possibilitar viv\u00eancias do p\u00fablico da maturidade no universo acad\u00eamico. A proposta \u00e9 integrar adultos e idosos como discentes de extens\u00e3o no desenvolvimento de a\u00e7\u00f5es de ensino, pesquisa e de extens\u00e3o universit\u00e1ria na Universidade Federal do Rec\u00f4ncavo da Bahia.<\/p>\n<figure class=\"wp-block-image size-full\"><img loading=\"lazy\" data-dominant-color=\"899aa0\" data-has-transparency=\"false\" style=\"--dominant-color: #899aa0;\" decoding=\"async\" width=\"1200\" height=\"675\" sizes=\"(max-width: 1200px) 100vw, 1200px\" src=\"http:\/\/noticiasbahia360.com.br\/wp-content\/uploads\/2025\/06\/u2OCJSmG-Promat-UFRB.webp\" alt=\"\" class=\"wp-image-562538 not-transparent\" srcset=\"https:\/\/uploads.acordacidade.com.br\/2025\/06\/u2OCJSmG-Promat-UFRB-648x365.webp 648w, https:\/\/uploads.acordacidade.com.br\/2025\/06\/u2OCJSmG-Promat-UFRB-150x84.webp 150w, http:\/\/noticiasbahia360.com.br\/wp-content\/uploads\/2025\/06\/u2OCJSmG-Promat-UFRB.webp 1200w\"><figcaption class=\"wp-element-caption\">Foto: Acervo Proexc\/ UFRB<\/figcaption><\/figure>\n<p>O Promat adota a metodologia da inser\u00e7\u00e3o de pessoas com idade igual ou superior a 50 anos em cursos de gradua\u00e7\u00e3o, dividindo espa\u00e7o com os discentes regulares da Universidade. O v\u00ednculo com a Universidade \u00e9 extensionista com direito \u00e0 certifica\u00e7\u00e3o. A sele\u00e7\u00e3o \u00e9 feita por meio de edital lan\u00e7ado periodicamente pela Pr\u00f3-Reitoria de Extens\u00e3o e Cultura da UFRB.<\/p>\n<p>Al\u00e9m dessa modalidade, o programa oferta vagas em atividades diversificadas, como eventos, projetos e cursos livres. As vagas para essas atividades tamb\u00e9m s\u00e3o divulgadas no site semestralmente, e os interessados devem se inscrever. Aqueles que participarem t\u00eam direito a um certificado.<\/p>\n<p><em>Siga o Acorda Cidade no<\/em><a href=\"https:\/\/news.google.com\/search?q=acorda%20cidade&amp;hl=pt-BR&amp;gl=BR&amp;ceid=BR%3Apt-419\"><strong><em>\u00a0Google Not\u00edcias<\/em><\/strong><\/a><em>\u00a0e receba os principais destaques do dia. Participe tamb\u00e9m dos nossos canais no\u00a0<\/em><a href=\"https:\/\/whatsapp.com\/channel\/0029Va6Rb4v3WHTNnsh8WI3N\"><strong><em>WhatsApp<\/em><\/strong><\/a><em>\u00a0e\u00a0<\/em><a href=\"https:\/\/www.youtube.com\/@acordacidadenoticias\/videos\"><strong>Youtube<\/strong><\/a><em>\u00a0e grupo de\u00a0<\/em><a href=\"https:\/\/t.me\/+sSz0khrgARA0ZmRh\"><strong><em>Telegram<\/em><\/strong><\/a><em>.<\/em><\/p>\n<\/div>\n","protected":false},"excerpt":{"rendered":"<div>\n<div>\n<figure><img decoding=\"async\" src=\"https:\/\/uploads.acordacidade.com.br\/wp-content\/uploads\/2023\/01\/25070642\/UFRB-Feira-cetens-fptp-maps.jpg\" alt=\"UFRB Feira cetens\"><figcaption>Foto: Divulga\u00e7\u00e3o\/Reprodu\u00e7\u00e3o\/Maps<\/figcaption><\/figure>\n<\/div>\n<p>As atividades de ensino e extens\u00e3o na UFRB ser\u00e3o ofertadas nos munic\u00edpios de Cruz das Almas, Feira de Santana, Santo Ant\u00f4nio de Jesus, Santo Amaro e Cachoeira.<\/p><\/div>\n","protected":false},"author":1,"featured_media":88839,"comment_status":"closed","ping_status":"closed","sticky":false,"template":"","format":"gallery","meta":{"footnotes":""},"categories":[8,9,6,57,56,10],"tags":[],"class_list":["post-88838","post","type-post","status-publish","format-gallery","has-post-thumbnail","hentry","category-bahia","category-brasil","category-feira-de-santana","category-mundo","category-policia","category-politica","post_format-post-format-gallery"],"featured_image_urls":{"full":["https:\/\/noticiasbahia360.com.br\/wp-content\/uploads\/2025\/06\/UFRB-Feira-cetens-fptp-maps.jpg",640,348,false],"thumbnail":["https:\/\/noticiasbahia360.com.br\/wp-content\/uploads\/2025\/06\/UFRB-Feira-cetens-fptp-maps-150x150.jpg",150,150,true],"medium":["https:\/\/noticiasbahia360.com.br\/wp-content\/uploads\/2025\/06\/UFRB-Feira-cetens-fptp-maps-300x163.jpg",300,163,true],"medium_large":["https:\/\/noticiasbahia360.com.br\/wp-content\/uploads\/2025\/06\/UFRB-Feira-cetens-fptp-maps.jpg",640,348,false],"large":["https:\/\/noticiasbahia360.com.br\/wp-content\/uploads\/2025\/06\/UFRB-Feira-cetens-fptp-maps.jpg",640,348,false],"1536x1536":["https:\/\/noticiasbahia360.com.br\/wp-content\/uploads\/2025\/06\/UFRB-Feira-cetens-fptp-maps.jpg",640,348,false],"2048x2048":["https:\/\/noticiasbahia360.com.br\/wp-content\/uploads\/2025\/06\/UFRB-Feira-cetens-fptp-maps.jpg",640,348,false],"chromenews-featured":["https:\/\/noticiasbahia360.com.br\/wp-content\/uploads\/2025\/06\/UFRB-Feira-cetens-fptp-maps.jpg",640,348,false],"chromenews-large":["https:\/\/noticiasbahia360.com.br\/wp-content\/uploads\/2025\/06\/UFRB-Feira-cetens-fptp-maps.jpg",640,348,false],"chromenews-medium":["https:\/\/noticiasbahia360.com.br\/wp-content\/uploads\/2025\/06\/UFRB-Feira-cetens-fptp-maps-590x348.jpg",590,348,true]},"author_info":{"display_name":"noticiasbahia360.com.br","author_link":"https:\/\/noticiasbahia360.com.br\/?author=1"},"category_info":"<a href=\"https:\/\/noticiasbahia360.com.br\/?cat=8\" rel=\"category\">Bahia<\/a> <a href=\"https:\/\/noticiasbahia360.com.br\/?cat=9\" rel=\"category\">Brasil<\/a> <a href=\"https:\/\/noticiasbahia360.com.br\/?cat=6\" rel=\"category\">Feira de Santana<\/a> <a href=\"https:\/\/noticiasbahia360.com.br\/?cat=57\" rel=\"category\">Mundo<\/a> <a href=\"https:\/\/noticiasbahia360.com.br\/?cat=56\" rel=\"category\">Pol\u00edcia<\/a> <a href=\"https:\/\/noticiasbahia360.com.br\/?cat=10\" rel=\"category\">Pol\u00edtica<\/a>","tag_info":"Pol\u00edtica","comment_count":"0","_links":{"self":[{"href":"https:\/\/noticiasbahia360.com.br\/index.php?rest_route=\/wp\/v2\/posts\/88838","targetHints":{"allow":["GET"]}}],"collection":[{"href":"https:\/\/noticiasbahia360.com.br\/index.php?rest_route=\/wp\/v2\/posts"}],"about":[{"href":"https:\/\/noticiasbahia360.com.br\/index.php?rest_route=\/wp\/v2\/types\/post"}],"author":[{"embeddable":true,"href":"https:\/\/noticiasbahia360.com.br\/index.php?rest_route=\/wp\/v2\/users\/1"}],"replies":[{"embeddable":true,"href":"https:\/\/noticiasbahia360.com.br\/index.php?rest_route=%2Fwp%2Fv2%2Fcomments&post=88838"}],"version-history":[{"count":0,"href":"https:\/\/noticiasbahia360.com.br\/index.php?rest_route=\/wp\/v2\/posts\/88838\/revisions"}],"wp:featuredmedia":[{"embeddable":true,"href":"https:\/\/noticiasbahia360.com.br\/index.php?rest_route=\/wp\/v2\/media\/88839"}],"wp:attachment":[{"href":"https:\/\/noticiasbahia360.com.br\/index.php?rest_route=%2Fwp%2Fv2%2Fmedia&parent=88838"}],"wp:term":[{"taxonomy":"category","embeddable":true,"href":"https:\/\/noticiasbahia360.com.br\/index.php?rest_route=%2Fwp%2Fv2%2Fcategories&post=88838"},{"taxonomy":"post_tag","embeddable":true,"href":"https:\/\/noticiasbahia360.com.br\/index.php?rest_route=%2Fwp%2Fv2%2Ftags&post=88838"}],"curies":[{"name":"wp","href":"https:\/\/api.w.org\/{rel}","templated":true}]}}