{"id":88847,"date":"2025-06-05T12:30:06","date_gmt":"2025-06-05T15:30:06","guid":{"rendered":"https:\/\/noticiasbahia360.com.br\/?p=88847"},"modified":"2025-06-05T12:30:06","modified_gmt":"2025-06-05T15:30:06","slug":"lula-agradece-hospitalidade-de-macron-e-pede-abra-seu-coracao-para-acordo-com-mercosul","status":"publish","type":"post","link":"https:\/\/noticiasbahia360.com.br\/?p=88847","title":{"rendered":"Lula agradece hospitalidade de Macron e pede: \u201cAbra seu cora\u00e7\u00e3o\u201d\u00a0para acordo com Mercosul"},"content":{"rendered":"<div>\n<div>\n<figure><img decoding=\"async\" src=\"http:\/\/noticiasbahia360.com.br\/wp-content\/uploads\/2025\/06\/kdwtoupV-Lula-e-Macron.webp\" alt=\"Lula e Macron\"><figcaption>Foto: Fabio Charles Pozzebom\/Ag\u00eancia Brasil<\/figcaption><\/figure>\n<\/div>\n<p>Ag\u00eancia Brasil \u2013 Ap\u00f3s se reunir com o presidente da Fran\u00e7a, Emmanuel Macron, nesta quinta-feira (5) em Paris, o presidente <a href=\"https:\/\/www.acordacidade.com.br\/tag\/lula\/\">Luiz In\u00e1cio Lula da Silva<\/a> agradeceu a hospitalidade que, segundo ele, <strong>\u201csomente um grande amigo pode oferecer\u201d<\/strong> e pediu apoio do mandat\u00e1rio franc\u00eas para um acordo entre a Uni\u00e3o Europeia e o Mercosul.<img decoding=\"async\" src=\"https:\/\/agenciabrasil.ebc.com.br\/ebc.png?id=1645475&amp;o=node\"><img decoding=\"async\" src=\"https:\/\/agenciabrasil.ebc.com.br\/ebc.gif?id=1645475&amp;o=node\"><\/p>\n<p><strong>Em entrevista coletiva, Lula lembrou que o Brasil assume a presid\u00eancia do bloco sul-americano no pr\u00f3ximo semestre, para um mandato de seis meses.<\/strong><\/p>\n<blockquote class=\"wp-block-quote is-layout-flow wp-block-quote-is-layout-flow\">\n<p>\u201cQuero lhe comunicar que n\u00e3o deixarei a presid\u00eancia do Mercosul sem concluir o acordo com a Uni\u00e3o Europeia\u201d, disse, ao se dirigir diretamente a Macron.<\/p>\n<\/blockquote>\n<blockquote class=\"wp-block-quote is-layout-flow wp-block-quote-is-layout-flow\">\n<p>\u201cPortanto, meu caro, abra o seu cora\u00e7\u00e3o para a possibilidade de fazer esse acordo com o nosso querido Mercosul\u201d, completou Lula. \u201cEssa \u00e9 a melhor resposta que nossas regi\u00f5es podem dar diante do cen\u00e1rio de incertezas criado pelo retorno do unilateralismo e do protecionismo tarif\u00e1rio.\u201d<\/p>\n<\/blockquote>\n<p><em>Siga o Acorda Cidade no<\/em><a href=\"https:\/\/news.google.com\/search?q=acorda%20cidade&amp;hl=pt-BR&amp;gl=BR&amp;ceid=BR%3Apt-419\"><strong><em>\u00a0Google Not\u00edcias<\/em><\/strong><\/a><em>\u00a0e receba os principais destaques do dia. Participe tamb\u00e9m dos nossos canais no\u00a0<\/em><a href=\"https:\/\/whatsapp.com\/channel\/0029Va6Rb4v3WHTNnsh8WI3N\"><strong><em>WhatsApp<\/em><\/strong><\/a><em>\u00a0e\u00a0<\/em><a href=\"https:\/\/www.youtube.com\/@acordacidadenoticias\/videos\"><strong>Youtube<\/strong><\/a><em>\u00a0e grupo de\u00a0<\/em><a href=\"https:\/\/t.me\/+sSz0khrgARA0ZmRh\"><strong><em>Telegram<\/em><\/strong><\/a><em>.<\/em><\/p>\n<\/div>\n","protected":false},"excerpt":{"rendered":"<div>\n<div>\n<figure><img decoding=\"async\" src=\"https:\/\/uploads.acordacidade.com.br\/2025\/06\/kdwtoupV-Lula-e-Macron.webp\" alt=\"Lula e Macron\"><figcaption>Foto: Fabio Charles Pozzebom\/Ag\u00eancia Brasil<\/figcaption><\/figure>\n<\/div>\n<p>Em entrevista coletiva, Lula lembrou que o Brasil assume a presid\u00eancia do bloco sul-americano no pr\u00f3ximo semestre.<\/p><\/div>\n","protected":false},"author":1,"featured_media":88848,"comment_status":"closed","ping_status":"closed","sticky":false,"template":"","format":"gallery","meta":{"footnotes":""},"categories":[8,9,6,57,56,10],"tags":[],"class_list":["post-88847","post","type-post","status-publish","format-gallery","has-post-thumbnail","hentry","category-bahia","category-brasil","category-feira-de-santana","category-mundo","category-policia","category-politica","post_format-post-format-gallery"],"featured_image_urls":{"full":["https:\/\/noticiasbahia360.com.br\/wp-content\/uploads\/2025\/06\/kdwtoupV-Lula-e-Macron.webp",1200,718,false],"thumbnail":["https:\/\/noticiasbahia360.com.br\/wp-content\/uploads\/2025\/06\/kdwtoupV-Lula-e-Macron-150x150.webp",150,150,true],"medium":["https:\/\/noticiasbahia360.com.br\/wp-content\/uploads\/2025\/06\/kdwtoupV-Lula-e-Macron-300x180.webp",300,180,true],"medium_large":["https:\/\/noticiasbahia360.com.br\/wp-content\/uploads\/2025\/06\/kdwtoupV-Lula-e-Macron-768x460.webp",640,383,true],"large":["https:\/\/noticiasbahia360.com.br\/wp-content\/uploads\/2025\/06\/kdwtoupV-Lula-e-Macron-1024x613.webp",640,383,true],"1536x1536":["https:\/\/noticiasbahia360.com.br\/wp-content\/uploads\/2025\/06\/kdwtoupV-Lula-e-Macron.webp",1200,718,false],"2048x2048":["https:\/\/noticiasbahia360.com.br\/wp-content\/uploads\/2025\/06\/kdwtoupV-Lula-e-Macron.webp",1200,718,false],"chromenews-featured":["https:\/\/noticiasbahia360.com.br\/wp-content\/uploads\/2025\/06\/kdwtoupV-Lula-e-Macron-1024x613.webp",1024,613,true],"chromenews-large":["https:\/\/noticiasbahia360.com.br\/wp-content\/uploads\/2025\/06\/kdwtoupV-Lula-e-Macron-825x575.webp",825,575,true],"chromenews-medium":["https:\/\/noticiasbahia360.com.br\/wp-content\/uploads\/2025\/06\/kdwtoupV-Lula-e-Macron-590x410.webp",590,410,true]},"author_info":{"display_name":"noticiasbahia360.com.br","author_link":"https:\/\/noticiasbahia360.com.br\/?author=1"},"category_info":"<a href=\"https:\/\/noticiasbahia360.com.br\/?cat=8\" rel=\"category\">Bahia<\/a> <a href=\"https:\/\/noticiasbahia360.com.br\/?cat=9\" rel=\"category\">Brasil<\/a> <a href=\"https:\/\/noticiasbahia360.com.br\/?cat=6\" rel=\"category\">Feira de Santana<\/a> <a href=\"https:\/\/noticiasbahia360.com.br\/?cat=57\" rel=\"category\">Mundo<\/a> <a href=\"https:\/\/noticiasbahia360.com.br\/?cat=56\" rel=\"category\">Pol\u00edcia<\/a> <a href=\"https:\/\/noticiasbahia360.com.br\/?cat=10\" rel=\"category\">Pol\u00edtica<\/a>","tag_info":"Pol\u00edtica","comment_count":"0","_links":{"self":[{"href":"https:\/\/noticiasbahia360.com.br\/index.php?rest_route=\/wp\/v2\/posts\/88847","targetHints":{"allow":["GET"]}}],"collection":[{"href":"https:\/\/noticiasbahia360.com.br\/index.php?rest_route=\/wp\/v2\/posts"}],"about":[{"href":"https:\/\/noticiasbahia360.com.br\/index.php?rest_route=\/wp\/v2\/types\/post"}],"author":[{"embeddable":true,"href":"https:\/\/noticiasbahia360.com.br\/index.php?rest_route=\/wp\/v2\/users\/1"}],"replies":[{"embeddable":true,"href":"https:\/\/noticiasbahia360.com.br\/index.php?rest_route=%2Fwp%2Fv2%2Fcomments&post=88847"}],"version-history":[{"count":0,"href":"https:\/\/noticiasbahia360.com.br\/index.php?rest_route=\/wp\/v2\/posts\/88847\/revisions"}],"wp:featuredmedia":[{"embeddable":true,"href":"https:\/\/noticiasbahia360.com.br\/index.php?rest_route=\/wp\/v2\/media\/88848"}],"wp:attachment":[{"href":"https:\/\/noticiasbahia360.com.br\/index.php?rest_route=%2Fwp%2Fv2%2Fmedia&parent=88847"}],"wp:term":[{"taxonomy":"category","embeddable":true,"href":"https:\/\/noticiasbahia360.com.br\/index.php?rest_route=%2Fwp%2Fv2%2Fcategories&post=88847"},{"taxonomy":"post_tag","embeddable":true,"href":"https:\/\/noticiasbahia360.com.br\/index.php?rest_route=%2Fwp%2Fv2%2Ftags&post=88847"}],"curies":[{"name":"wp","href":"https:\/\/api.w.org\/{rel}","templated":true}]}} 