{"id":88849,"date":"2025-06-05T12:35:43","date_gmt":"2025-06-05T15:35:43","guid":{"rendered":"https:\/\/noticiasbahia360.com.br\/?p=88849"},"modified":"2025-06-05T12:35:43","modified_gmt":"2025-06-05T15:35:43","slug":"traficante-conhecido-como-chocolate-morre-em-confronto-com-a-rondesp-em-feira-de-santana","status":"publish","type":"post","link":"https:\/\/noticiasbahia360.com.br\/?p=88849","title":{"rendered":"Traficante conhecido como Chocolate morre em confronto com a Rondesp em Feira de Santana"},"content":{"rendered":"<div>\n<div>\n<figure><img decoding=\"async\" src=\"http:\/\/noticiasbahia360.com.br\/wp-content\/uploads\/2025\/06\/rondesp_leste_foto_edsantos.jpg\" alt=\"Viaturas da Rondesp Leste\"><figcaption>Foto: Ed Santos\/Acorda Cidade<\/figcaption><\/figure>\n<\/div>\n<p>Um homem conhecido como Chocolate morreu em confronto com a <a href=\"https:\/\/www.acordacidade.com.br\/tag\/rondesp\/\">Rondesp<\/a> Leste durante abordagem no bairro Nova Esperan\u00e7a nesta quinta-feira(5).<\/p>\n<p>Segundo informa\u00e7\u00f5es da CPR-L, por volta das 09h da manh\u00e3 uma guarni\u00e7\u00e3o da Rondesp que estava m patrulhamento no bairro Nova Esperan\u00e7a, recebeu informa\u00e7\u00f5es sobe movimentos suspeitos, que aparentavam rela\u00e7\u00e3o com tr\u00e1fico de drogas dentro de uma resid\u00eancia.<\/p>\n<p>Ao chegar no local para conferir a veracidade da informa\u00e7\u00e3o, os policiais foram recebidos com tiros, e revidaram a agress\u00e3o. Depois de cessar os disparos, um homem foi encontrado ao solo atingido por disparos e foi conduzido ao Hospital Geral Cl\u00e9riston Andrade, onde n\u00e3o resistiu.<\/p>\n<p>O homem que foi identificado como Emanuel Martins Silva Alves, 36, conhecido como Chocolate, possui uma vasta ficha criminal. Ele \u00e9 natural de Salvador, e possu\u00eda quatro mandados de pris\u00e3o em aberto, dois por homic\u00eddio, um por tr\u00e1fico de drogas e outro por organiza\u00e7\u00e3o criminosa. <\/p>\n<figure class=\"wp-block-image size-large\"><img fetchpriority=\"high\" data-dominant-color=\"9e7c72\" data-has-transparency=\"false\" style=\"--dominant-color: #9e7c72;\" fetchpriority=\"high\" decoding=\"async\" width=\"554\" height=\"768\" sizes=\"(max-width: 554px) 100vw, 554px\" src=\"http:\/\/noticiasbahia360.com.br\/wp-content\/uploads\/2025\/06\/z5fLxeOf-traficante_chocolate_morre_confronto_rondesp-554x768-1.webp\" alt=\"Emanuel Martins Silva Alves, conhecido como Chocolate\" class=\"wp-image-562545 not-transparent\" srcset=\"https:\/\/uploads.acordacidade.com.br\/2025\/06\/z5fLxeOf-traficante_chocolate_morre_confronto_rondesp-263x365.webp 263w, http:\/\/noticiasbahia360.com.br\/wp-content\/uploads\/2025\/06\/z5fLxeOf-traficante_chocolate_morre_confronto_rondesp-554x768-1.webp 554w, https:\/\/uploads.acordacidade.com.br\/2025\/06\/z5fLxeOf-traficante_chocolate_morre_confronto_rondesp-399x553.webp 399w, https:\/\/uploads.acordacidade.com.br\/2025\/06\/z5fLxeOf-traficante_chocolate_morre_confronto_rondesp-1108x1536.webp 1108w, https:\/\/uploads.acordacidade.com.br\/2025\/06\/z5fLxeOf-traficante_chocolate_morre_confronto_rondesp-150x208.webp 150w, https:\/\/uploads.acordacidade.com.br\/2025\/06\/z5fLxeOf-traficante_chocolate_morre_confronto_rondesp.webp 1200w\"><\/figure>\n<p>Chocolate tamb\u00e9m foi identificado pela Pol\u00edcia como l\u00edder de uma fac\u00e7\u00e3o atuante na regi\u00e3o de Feira de Santana respons\u00e1vel por diversos crimes em outras localidades.<\/p>\n<p>Segundo a Pol\u00edcia Civil, o suspeito tinha os seguintes inqu\u00e9ritos em seu nome:<\/p>\n<p>2006: porte ilegal de arma de fogo<\/p>\n<p>2006: roubo<\/p>\n<p>2007: porte ilegal de arma de fogo + associacao criminosa<\/p>\n<p>2014: corrup\u00e7\u00e3o de menores<\/p>\n<p>2018: homic\u00eddio<\/p>\n<p>2019: homic\u00eddio\u00a0<\/p>\n<p>2020: homic\u00eddio<\/p>\n<p>2021: homic\u00eddio<\/p>\n<p>No local do confronto, foi encontrado em posse do suspeito, um arsenal de muni\u00e7\u00f5es, equipamentos entre outros materiais.<\/p>\n<figure class=\"wp-block-image size-large\"><img data-dominant-color=\"868e96\" data-has-transparency=\"false\" style=\"--dominant-color: #868e96;\" decoding=\"async\" width=\"952\" height=\"768\" sizes=\"(max-width: 952px) 100vw, 952px\" src=\"http:\/\/noticiasbahia360.com.br\/wp-content\/uploads\/2025\/06\/tAzVy1C2-arsenal_traficante_chocolate_morre_foto_CPRL-952x768-1.webp\" alt=\"Arsenal traficante Chocolate\" class=\"wp-image-562544 not-transparent\" srcset=\"https:\/\/uploads.acordacidade.com.br\/2025\/06\/tAzVy1C2-arsenal_traficante_chocolate_morre_foto_CPRL-452x365.webp 452w, http:\/\/noticiasbahia360.com.br\/wp-content\/uploads\/2025\/06\/tAzVy1C2-arsenal_traficante_chocolate_morre_foto_CPRL-952x768-1.webp 952w, https:\/\/uploads.acordacidade.com.br\/2025\/06\/tAzVy1C2-arsenal_traficante_chocolate_morre_foto_CPRL-686x553.webp 686w, https:\/\/uploads.acordacidade.com.br\/2025\/06\/tAzVy1C2-arsenal_traficante_chocolate_morre_foto_CPRL-150x121.webp 150w, https:\/\/uploads.acordacidade.com.br\/2025\/06\/tAzVy1C2-arsenal_traficante_chocolate_morre_foto_CPRL.webp 1200w\"><figcaption class=\"wp-element-caption\">Foto: CPR-L<\/figcaption><\/figure>\n<p><strong>Material apreendido:<\/strong><\/p>\n<p>\u2022 4 carregadores 556;<br \/>\u2022 5 carregadores pistola 9mm;<br \/>\u2022 1 rev\u00f3lver cal 38;<br \/>\u2022 1 Espingarda cal 12 fabrica\u00e7\u00e3o artesanal;<br \/>\u2022 13 muni\u00e7\u00f5es cal 12;<br \/>\u2022 1 muni\u00e7\u00e3o 556;<br \/>\u2022 14 muni\u00e7\u00f5es cal 38 intactas e 3 deflagradas;<br \/>\u2022 1 capa de colete;<br \/>\u2022 1 colete bal\u00edstico;<br \/>\u2022 1 bandoleira ;<br \/>\u2022 3 punhais;;<br \/>\u2022 1 espada;<br \/>\u2022 7 balan\u00e7as de precis\u00e3o;<br \/>\u2022 2 sacos de pinos vazios;<br \/>\u2022 36 aparelhos celular<br \/>\u2022 1 tablete de subst\u00e2ncia an\u00e1loga a maconha;<br \/>\u2022 Sacos pra acondicionamento;<br \/>\u2022 2 por\u00e7\u00f5es de coca\u00edna<br \/>\u2022 6 por\u00e7\u00f5es de maconha;<br \/>\u2022 1 prensa;;<br \/>\u2022 1 drone<br \/>\u2022 7 carteiras de cigarro;;<br \/>\u2022 4 kit de limpeza.<\/p>\n<p>A Rondesp Leste e a Cipe Leste atuaram em conjunto nesta ocorr\u00eancia.<\/p>\n<p>Segundo o Marjor Denis Anderson, o homem tem um hist\u00f3rico extenso de viol\u00eancia n\u00e3o s\u00f3 em Feira de Santana, mas tamb\u00e9m em cidades vizinhas. \u201cEle foi identificado como sendo um criminoso j\u00e1 conhecido, e indicado como uma das lideran\u00e7as mais violentas de um dos grupos criminosos que atua aqui em Feira e regi\u00e3o.\u201d<\/p>\n<figure class=\"wp-block-image size-large\"><img data-dominant-color=\"88837c\" data-has-transparency=\"false\" style=\"--dominant-color: #88837c;\" decoding=\"async\" width=\"1024\" height=\"768\" sizes=\"(max-width: 1024px) 100vw, 1024px\" src=\"http:\/\/noticiasbahia360.com.br\/wp-content\/uploads\/2025\/06\/MkSfjMr3-marjor_denisanderson_foto_edsantos-1024x768-1.webp\" alt=\"Marjor Denis Anderson\" class=\"wp-image-562543 not-transparent\" srcset=\"https:\/\/uploads.acordacidade.com.br\/2025\/06\/MkSfjMr3-marjor_denisanderson_foto_edsantos-487x365.webp 487w, http:\/\/noticiasbahia360.com.br\/wp-content\/uploads\/2025\/06\/MkSfjMr3-marjor_denisanderson_foto_edsantos-1024x768-1.webp 1024w, https:\/\/uploads.acordacidade.com.br\/2025\/06\/MkSfjMr3-marjor_denisanderson_foto_edsantos-737x553.webp 737w, https:\/\/uploads.acordacidade.com.br\/2025\/06\/MkSfjMr3-marjor_denisanderson_foto_edsantos-150x113.webp 150w, https:\/\/uploads.acordacidade.com.br\/2025\/06\/MkSfjMr3-marjor_denisanderson_foto_edsantos.webp 1200w\"><figcaption class=\"wp-element-caption\">Marjor Denis Anderson \u2013 Foto: Ed Santos\/Acorda Cidade<\/figcaption><\/figure>\n<p>Segundo a PM o suspeito j\u00e1 residiu no Parque Get\u00falio Vargas onde crimes teriam acontecido a mando do mesmo. \u201cEle \u00e9 indicado como respons\u00e1vel por v\u00e1rios ataques violentos contra grupos rivais de criminosos e por v\u00e1rias a\u00e7\u00f5es de natureza violenta. Seria lideran\u00e7a naquela regi\u00e3o de fato, muitos crimes s\u00e3o atribu\u00eddos como se fosse mando dele.\u201d Explicou o major \u00e0 reportagem do Acorda Cidade.<\/p>\n<p>Com informa\u00e7\u00f5es do rep\u00f3rter Ed Santos do Acorda Cidade<\/p>\n<p><em>Siga o Acorda Cidade no<\/em><a href=\"https:\/\/news.google.com\/search?q=acorda%20cidade&amp;hl=pt-BR&amp;gl=BR&amp;ceid=BR%3Apt-419\"><strong><em> Google Not\u00edcias<\/em><\/strong><\/a><em> e receba os principais destaques do dia. Participe tamb\u00e9m dos nossos canais no <\/em><a href=\"https:\/\/whatsapp.com\/channel\/0029Va6Rb4v3WHTNnsh8WI3N\"><strong><em>WhatsApp<\/em><\/strong><\/a><em> e <\/em><a href=\"https:\/\/www.youtube.com\/@acordacidadenoticias\/videos\"><strong>Youtube<\/strong><\/a><em> e grupo de <\/em><a href=\"https:\/\/t.me\/+sSz0khrgARA0ZmRh\"><strong><em>Telegram<\/em><\/strong><\/a><em>.<\/em><\/p>\n<\/p>\n<\/div>\n","protected":false},"excerpt":{"rendered":"<div>\n<div>\n<figure><img decoding=\"async\" src=\"https:\/\/uploads.acordacidade.com.br\/2025\/06\/rondesp_leste_foto_edsantos.jpg\" alt=\"Viaturas da Rondesp Leste\"><figcaption>Foto: Ed Santos\/Acorda Cidade<\/figcaption><\/figure>\n<\/div>\n<p>A Rondesp e a Cipe Leste atuaram em conjunto na ocorr\u00eancia que vitimou o traficante<\/p><\/div>\n","protected":false},"author":1,"featured_media":88850,"comment_status":"closed","ping_status":"closed","sticky":false,"template":"","format":"gallery","meta":{"footnotes":""},"categories":[8,9,6,57,56,10],"tags":[],"class_list":["post-88849","post","type-post","status-publish","format-gallery","has-post-thumbnail","hentry","category-bahia","category-brasil","category-feira-de-santana","category-mundo","category-policia","category-politica","post_format-post-format-gallery"],"featured_image_urls":{"full":["https:\/\/noticiasbahia360.com.br\/wp-content\/uploads\/2025\/06\/rondesp_leste_foto_edsantos.jpg",1200,675,false],"thumbnail":["https:\/\/noticiasbahia360.com.br\/wp-content\/uploads\/2025\/06\/rondesp_leste_foto_edsantos-150x150.jpg",150,150,true],"medium":["https:\/\/noticiasbahia360.com.br\/wp-content\/uploads\/2025\/06\/rondesp_leste_foto_edsantos-300x169.jpg",300,169,true],"medium_large":["https:\/\/noticiasbahia360.com.br\/wp-content\/uploads\/2025\/06\/rondesp_leste_foto_edsantos-768x432.jpg",640,360,true],"large":["https:\/\/noticiasbahia360.com.br\/wp-content\/uploads\/2025\/06\/rondesp_leste_foto_edsantos-1024x576.jpg",640,360,true],"1536x1536":["https:\/\/noticiasbahia360.com.br\/wp-content\/uploads\/2025\/06\/rondesp_leste_foto_edsantos.jpg",1200,675,false],"2048x2048":["https:\/\/noticiasbahia360.com.br\/wp-content\/uploads\/2025\/06\/rondesp_leste_foto_edsantos.jpg",1200,675,false],"chromenews-featured":["https:\/\/noticiasbahia360.com.br\/wp-content\/uploads\/2025\/06\/rondesp_leste_foto_edsantos-1024x576.jpg",1024,576,true],"chromenews-large":["https:\/\/noticiasbahia360.com.br\/wp-content\/uploads\/2025\/06\/rondesp_leste_foto_edsantos-825x575.jpg",825,575,true],"chromenews-medium":["https:\/\/noticiasbahia360.com.br\/wp-content\/uploads\/2025\/06\/rondesp_leste_foto_edsantos-590x410.jpg",590,410,true]},"author_info":{"display_name":"noticiasbahia360.com.br","author_link":"https:\/\/noticiasbahia360.com.br\/?author=1"},"category_info":"<a href=\"https:\/\/noticiasbahia360.com.br\/?cat=8\" rel=\"category\">Bahia<\/a> <a href=\"https:\/\/noticiasbahia360.com.br\/?cat=9\" rel=\"category\">Brasil<\/a> <a href=\"https:\/\/noticiasbahia360.com.br\/?cat=6\" rel=\"category\">Feira de Santana<\/a> <a href=\"https:\/\/noticiasbahia360.com.br\/?cat=57\" rel=\"category\">Mundo<\/a> <a href=\"https:\/\/noticiasbahia360.com.br\/?cat=56\" rel=\"category\">Pol\u00edcia<\/a> <a href=\"https:\/\/noticiasbahia360.com.br\/?cat=10\" rel=\"category\">Pol\u00edtica<\/a>","tag_info":"Pol\u00edtica","comment_count":"0","_links":{"self":[{"href":"https:\/\/noticiasbahia360.com.br\/index.php?rest_route=\/wp\/v2\/posts\/88849","targetHints":{"allow":["GET"]}}],"collection":[{"href":"https:\/\/noticiasbahia360.com.br\/index.php?rest_route=\/wp\/v2\/posts"}],"about":[{"href":"https:\/\/noticiasbahia360.com.br\/index.php?rest_route=\/wp\/v2\/types\/post"}],"author":[{"embeddable":true,"href":"https:\/\/noticiasbahia360.com.br\/index.php?rest_route=\/wp\/v2\/users\/1"}],"replies":[{"embeddable":true,"href":"https:\/\/noticiasbahia360.com.br\/index.php?rest_route=%2Fwp%2Fv2%2Fcomments&post=88849"}],"version-history":[{"count":0,"href":"https:\/\/noticiasbahia360.com.br\/index.php?rest_route=\/wp\/v2\/posts\/88849\/revisions"}],"wp:featuredmedia":[{"embeddable":true,"href":"https:\/\/noticiasbahia360.com.br\/index.php?rest_route=\/wp\/v2\/media\/88850"}],"wp:attachment":[{"href":"https:\/\/noticiasbahia360.com.br\/index.php?rest_route=%2Fwp%2Fv2%2Fmedia&parent=88849"}],"wp:term":[{"taxonomy":"category","embeddable":true,"href":"https:\/\/noticiasbahia360.com.br\/index.php?rest_route=%2Fwp%2Fv2%2Fcategories&post=88849"},{"taxonomy":"post_tag","embeddable":true,"href":"https:\/\/noticiasbahia360.com.br\/index.php?rest_route=%2Fwp%2Fv2%2Ftags&post=88849"}],"curies":[{"name":"wp","href":"https:\/\/api.w.org\/{rel}","templated":true}]}}