{"id":88860,"date":"2025-06-05T14:32:49","date_gmt":"2025-06-05T17:32:49","guid":{"rendered":"https:\/\/noticiasbahia360.com.br\/?p=88860"},"modified":"2025-06-05T14:32:49","modified_gmt":"2025-06-05T17:32:49","slug":"conheca-o-gelado-que-viralizou-na-soltura-de-mc-poze","status":"publish","type":"post","link":"https:\/\/noticiasbahia360.com.br\/?p=88860","title":{"rendered":"Conhe\u00e7a o \u201cGelado\u201d que viralizou na soltura de MC Poze"},"content":{"rendered":"<div>\n<div>\n<figure><img decoding=\"async\" src=\"http:\/\/noticiasbahia360.com.br\/wp-content\/uploads\/2025\/06\/Gelado-em-protesto-de-MC-Poze-6.jpg\" alt=\"Conhe\u00e7a o \" gelado que viralizou na soltura de mc poze><figcaption>Foto: Reprodu\u00e7\u00e3o\/ Redes Sociais<\/figcaption><\/figure>\n<\/div>\n<p>O momento da soltura do MC Poze do Rodo chamou aten\u00e7\u00e3o do <a href=\"https:\/\/www.acordacidade.com.br\/tag\/brasil\/\">Brasil<\/a> nesta semana e foi acompanhado por milhares de pessoas que se aglomeraram no acesso ao pres\u00eddio Bangu 3, no Complexo Penitenci\u00e1rio de Gericin\u00f3, no Rio de Janeiro. Entre os participantes da multid\u00e3o, um homem fantasiado do personagem \u201cGelado\u201d, do filme \u201cOs Incr\u00edveis\u201d, se destacou, como mostram v\u00eddeos que circulam na internet que j\u00e1 alcan\u00e7am milh\u00f5es de visualiza\u00e7\u00f5es.<\/p>\n<blockquote class=\"twitter-tweet\" data-media-max-width=\"560\">\n<p lang=\"pt\" dir=\"ltr\">Policiais tentaram prender o Oruam na confus\u00e3o durante soltura do Poze, e quem salvou o Oruam foi o GELADO que jogou o policial no ch\u00e3o <\/p>\n<p>cara. <a href=\"https:\/\/t.co\/kpC0AhNupj\">pic.twitter.com\/kpC0AhNupj<\/a><\/p>\n<p>\u2014 rap out of context (@rapoutcontext) <a href=\"https:\/\/twitter.com\/rapoutcontext\/status\/1929969786890432762?ref_src=twsrc%5Etfw\">June 3, 2025<\/a><\/p><\/blockquote>\n<p> <script async src=\"https:\/\/platform.twitter.com\/widgets.js\" charset=\"utf-8\"><\/script><\/p>\n<blockquote class=\"twitter-tweet\" data-media-max-width=\"560\">\n<p lang=\"pt\" dir=\"ltr\">SIMPLESMENTE O GELADO CORRENDO DA POLICIA NO PROTESTO CONTRA A PRISAO DO MC POZE<\/p>\n<p> O RIO DE JANEIRO \u00c9 INACREDIT\u00c1VEL <\/p>\n<p> <a href=\"https:\/\/t.co\/mvQqBVATdO\">pic.twitter.com\/mvQqBVATdO<\/a><\/p>\n<p>\u2014 CR7 Brasil (@CR7Brasil) <a href=\"https:\/\/twitter.com\/CR7Brasil\/status\/1929955256722698263?ref_src=twsrc%5Etfw\">June 3, 2025<\/a><\/p><\/blockquote>\n<p> <script async src=\"https:\/\/platform.twitter.com\/widgets.js\" charset=\"utf-8\"><\/script><\/p>\n<p>MC Poze do Rodo foi preso na \u00faltima quinta-feira (29) por apologia ao crime e envolvimento com o tr\u00e1fico de drogas, em uma opera\u00e7\u00e3o da Delegacia de Repress\u00e3o a Entorpecentes.<\/p>\n<figure class=\"wp-block-image size-full\"><img fetchpriority=\"high\" data-dominant-color=\"847783\" data-has-transparency=\"false\" style=\"--dominant-color: #847783;\" fetchpriority=\"high\" decoding=\"async\" width=\"1200\" height=\"763\" sizes=\"(max-width: 1200px) 100vw, 1200px\" src=\"http:\/\/noticiasbahia360.com.br\/wp-content\/uploads\/2025\/06\/jWNd1t8F-Gelado-em-protesto-de-MC-Poze-.webp\" alt='Conhe\u00e7a o \"Gelado\" que viralizou na soltura de MC Poze' class=\"wp-image-562601 not-transparent\" srcset=\"https:\/\/uploads.acordacidade.com.br\/2025\/06\/jWNd1t8F-Gelado-em-protesto-de-MC-Poze--574x365.webp 574w, https:\/\/uploads.acordacidade.com.br\/2025\/06\/jWNd1t8F-Gelado-em-protesto-de-MC-Poze--870x553.webp 870w, https:\/\/uploads.acordacidade.com.br\/2025\/06\/jWNd1t8F-Gelado-em-protesto-de-MC-Poze--150x95.webp 150w, http:\/\/noticiasbahia360.com.br\/wp-content\/uploads\/2025\/06\/jWNd1t8F-Gelado-em-protesto-de-MC-Poze-.webp 1200w\"><figcaption class=\"wp-element-caption\">Foto: Reprodu\u00e7\u00e3o\/ TV Record<\/figcaption><\/figure>\n<p>Em meio a um tumulto, a\u00e7\u00e3o da Pol\u00edcia Militar, que interviu com cassetetes, balas de borracha e g\u00e1s lacrimog\u00eaneo, surge o criador de conte\u00fado Vinicius Reis, o \u201cGelado\u201d, ou melhor \u201cGeladooh Famoziin\u201d, como \u00e9 conhecido o criador de conte\u00fado nas redes.<\/p>\n<p>Nos registros, Vinicius aparece correndo, quando derruba um policial militar e foge. Logo depois ele \u00e9 alcan\u00e7ado pela PM e acaba sendo atingido por um golpe de cassetete.<\/p>\n<figure class=\"wp-block-image size-full\"><img data-dominant-color=\"99898e\" data-has-transparency=\"false\" style=\"--dominant-color: #99898e;\" decoding=\"async\" width=\"1200\" height=\"675\" sizes=\"(max-width: 1200px) 100vw, 1200px\" src=\"http:\/\/noticiasbahia360.com.br\/wp-content\/uploads\/2025\/06\/uBbbkPHX-Gelado-em-protesto-de-MC-Poze-23.webp\" alt='Conhe\u00e7a o \"Gelado\" que viralizou na soltura de MC Poze' class=\"wp-image-562602 not-transparent\" srcset=\"https:\/\/uploads.acordacidade.com.br\/2025\/06\/uBbbkPHX-Gelado-em-protesto-de-MC-Poze-23-648x365.webp 648w, https:\/\/uploads.acordacidade.com.br\/2025\/06\/uBbbkPHX-Gelado-em-protesto-de-MC-Poze-23-150x84.webp 150w, http:\/\/noticiasbahia360.com.br\/wp-content\/uploads\/2025\/06\/uBbbkPHX-Gelado-em-protesto-de-MC-Poze-23.webp 1200w\"><figcaption class=\"wp-element-caption\">Fotos: Reprodu\u00e7\u00e3o\/ TV Record<\/figcaption><\/figure>\n<p>Ap\u00f3s a confus\u00e3o e repercuss\u00e3o dos v\u00eddeos, Vinicius fez um apelo nas redes sociais para que pudesse conhecer MC Poze, que descobriu e convidou  o \u201cGelado\u201d para uma festa na noite da \u00faltima ter\u00e7a-feira (3), realizada na casa do funkeiro, para comemorar a sua liberdade.<\/p>\n<p>Ap\u00f3s a repercuss\u00e3o, \u201cGeladooh Famoziin\u201d ganhou milhares de seguidores no Instagram, passando atualmente de 160 mil. Mas afinal, quem \u00e9 Vinicius Reis, o homem fantasiado de super-her\u00f3i? Em abril de 2025, o Acorda Cidade contou a hist\u00f3ria do criador de conte\u00fado, que j\u00e1 viralizava com v\u00eddeos nos quais aparece dan\u00e7ando e levando humor nas redes sociais.<\/p>\n<h2 class=\"wp-block-heading\" id=\"h-uma-infancia-de-desafios-e-superacao\">Uma inf\u00e2ncia de desafios e supera\u00e7\u00e3o<\/h2>\n<figure class=\"wp-block-image size-full is-resized\"><img decoding=\"async\" width=\"604\" height=\"253\" sizes=\"(max-width: 604px) 100vw, 604px\" src=\"http:\/\/noticiasbahia360.com.br\/wp-content\/uploads\/2025\/06\/SHbkZrEQ-Criador-de-conteudo-Vinicius-Foto-Arquivo-Pessoal-foto-reproducao-1-png.webp\" alt=\"Conhe\u00e7a a hist\u00f3ria por tr\u00e1s do criador de conte\u00fado Geladooh Famoziin\" class=\"wp-image-517029\" style=\"width:840px;height:auto\" srcset=\"https:\/\/uploads.acordacidade.com.br\/2025\/03\/SHbkZrEQ-Criador-de-conteudo-Vinicius-Foto-Arquivo-Pessoal-foto-reproducao-1-150x63.webp 150w, http:\/\/noticiasbahia360.com.br\/wp-content\/uploads\/2025\/06\/SHbkZrEQ-Criador-de-conteudo-Vinicius-Foto-Arquivo-Pessoal-foto-reproducao-1-png.webp 604w\"><figcaption class=\"wp-element-caption\">Foto: Reprodu\u00e7\u00e3o <\/figcaption><\/figure>\n<p>Vinicius Reis Vieira, de 23 anos, nasceu e mora no Rio de Janeiro. Sua hist\u00f3ria de vida n\u00e3o foi nada f\u00e1cil. Ainda crian\u00e7a, perdeu os pais e foi adotado aos sete anos por uma fam\u00edlia que lhe deu amor e acolhimento.<\/p>\n<p>\u201cMinha conviv\u00eancia com meus pais foi \u00f3tima, mas tamb\u00e9m tr\u00e1gica. Perdi meus pais muito novo. Fui adotado aos 7 anos de idade, hoje tenho 23 anos e sou muito grato \u00e0 fam\u00edlia que me acolheu. Minha inf\u00e2ncia foi dif\u00edcil pelas coisas que aconteceram, pela perda dos meus pais, mas segui em frente\u201d, relembrou Vinicius.<\/p>\n<h2 class=\"wp-block-heading\" id=\"h-carreira-na-internet\">Carreira na internet<\/h2>\n<blockquote class=\"instagram-media\" data-instgrm-captioned data-instgrm-permalink=\"https:\/\/www.instagram.com\/reel\/DIZxEmOR_CR\/?utm_source=ig_embed&amp;utm_campaign=loading\" data-instgrm-version=\"14\" style=\" background:#FFF; border:0; border-radius:3px; box-shadow:0 0 1px 0 rgba(0,0,0,0.5),0 1px 10px 0 rgba(0,0,0,0.15); margin: 1px; max-width:540px; min-width:326px; padding:0; width:99.375%; width:-webkit-calc(100% - 2px); width:calc(100% - 2px);\">\n<div style=\"padding:16px;\"> <a href=\"https:\/\/www.instagram.com\/reel\/DIZxEmOR_CR\/?utm_source=ig_embed&amp;utm_campaign=loading\" style=\" background:#FFFFFF; line-height:0; padding:0 0; text-align:center; text-decoration:none; width:100%;\" target=\"_blank\"> <\/p>\n<div style=\" display: flex; flex-direction: row; align-items: center;\">\n<div style=\"background-color: #F4F4F4; border-radius: 50%; flex-grow: 0; height: 40px; margin-right: 14px; width: 40px;\"><\/div>\n<div style=\"display: flex; flex-direction: column; flex-grow: 1; justify-content: center;\">\n<div style=\" background-color: #F4F4F4; border-radius: 4px; flex-grow: 0; height: 14px; margin-bottom: 6px; width: 100px;\"><\/div>\n<div style=\" background-color: #F4F4F4; border-radius: 4px; flex-grow: 0; height: 14px; width: 60px;\"><\/div>\n<\/div>\n<\/div>\n<div style=\"padding: 19% 0;\"><\/div>\n<div style=\"display:block; height:50px; margin:0 auto 12px; width:50px;\"><svg width=\"50px\" height=\"50px\" viewbox=\"0 0 60 60\" version=\"1.1\" xmlns=\"https:\/\/www.w3.org\/2000\/svg\" xmlns:xlink=\"https:\/\/www.w3.org\/1999\/xlink\"><g stroke=\"none\" stroke-width=\"1\" fill=\"none\" fill-rule=\"evenodd\"><g transform=\"translate(-511.000000, -20.000000)\" fill=\"#000000\"><g><path d=\"M556.869,30.41 C554.814,30.41 553.148,32.076 553.148,34.131 C553.148,36.186 554.814,37.852 556.869,37.852 C558.924,37.852 560.59,36.186 560.59,34.131 C560.59,32.076 558.924,30.41 556.869,30.41 M541,60.657 C535.114,60.657 530.342,55.887 530.342,50 C530.342,44.114 535.114,39.342 541,39.342 C546.887,39.342 551.658,44.114 551.658,50 C551.658,55.887 546.887,60.657 541,60.657 M541,33.886 C532.1,33.886 524.886,41.1 524.886,50 C524.886,58.899 532.1,66.113 541,66.113 C549.9,66.113 557.115,58.899 557.115,50 C557.115,41.1 549.9,33.886 541,33.886 M565.378,62.101 C565.244,65.022 564.756,66.606 564.346,67.663 C563.803,69.06 563.154,70.057 562.106,71.106 C561.058,72.155 560.06,72.803 558.662,73.347 C557.607,73.757 556.021,74.244 553.102,74.378 C549.944,74.521 548.997,74.552 541,74.552 C533.003,74.552 532.056,74.521 528.898,74.378 C525.979,74.244 524.393,73.757 523.338,73.347 C521.94,72.803 520.942,72.155 519.894,71.106 C518.846,70.057 518.197,69.06 517.654,67.663 C517.244,66.606 516.755,65.022 516.623,62.101 C516.479,58.943 516.448,57.996 516.448,50 C516.448,42.003 516.479,41.056 516.623,37.899 C516.755,34.978 517.244,33.391 517.654,32.338 C518.197,30.938 518.846,29.942 519.894,28.894 C520.942,27.846 521.94,27.196 523.338,26.654 C524.393,26.244 525.979,25.756 528.898,25.623 C532.057,25.479 533.004,25.448 541,25.448 C548.997,25.448 549.943,25.479 553.102,25.623 C556.021,25.756 557.607,26.244 558.662,26.654 C560.06,27.196 561.058,27.846 562.106,28.894 C563.154,29.942 563.803,30.938 564.346,32.338 C564.756,33.391 565.244,34.978 565.378,37.899 C565.522,41.056 565.552,42.003 565.552,50 C565.552,57.996 565.522,58.943 565.378,62.101 M570.82,37.631 C570.674,34.438 570.167,32.258 569.425,30.349 C568.659,28.377 567.633,26.702 565.965,25.035 C564.297,23.368 562.623,22.342 560.652,21.575 C558.743,20.834 556.562,20.326 553.369,20.18 C550.169,20.033 549.148,20 541,20 C532.853,20 531.831,20.033 528.631,20.18 C525.438,20.326 523.257,20.834 521.349,21.575 C519.376,22.342 517.703,23.368 516.035,25.035 C514.368,26.702 513.342,28.377 512.574,30.349 C511.834,32.258 511.326,34.438 511.181,37.631 C511.035,40.831 511,41.851 511,50 C511,58.147 511.035,59.17 511.181,62.369 C511.326,65.562 511.834,67.743 512.574,69.651 C513.342,71.625 514.368,73.296 516.035,74.965 C517.703,76.634 519.376,77.658 521.349,78.425 C523.257,79.167 525.438,79.673 528.631,79.82 C531.831,79.965 532.853,80.001 541,80.001 C549.148,80.001 550.169,79.965 553.369,79.82 C556.562,79.673 558.743,79.167 560.652,78.425 C562.623,77.658 564.297,76.634 565.965,74.965 C567.633,73.296 568.659,71.625 569.425,69.651 C570.167,67.743 570.674,65.562 570.82,62.369 C570.966,59.17 571,58.147 571,50 C571,41.851 570.966,40.831 570.82,37.631\"><\/path><\/g><\/g><\/g><\/svg><\/div>\n<div style=\"padding-top: 8px;\">\n<div style=\" color:#3897f0; font-family:Arial,sans-serif; font-size:14px; font-style:normal; font-weight:550; line-height:18px;\">Ver essa foto no Instagram<\/div>\n<\/div>\n<div style=\"padding: 12.5% 0;\"><\/div>\n<div style=\"display: flex; flex-direction: row; margin-bottom: 14px; align-items: center;\">\n<div>\n<div style=\"background-color: #F4F4F4; border-radius: 50%; height: 12.5px; width: 12.5px; transform: translateX(0px) translateY(7px);\"><\/div>\n<div style=\"background-color: #F4F4F4; height: 12.5px; transform: rotate(-45deg) translateX(3px) translateY(1px); width: 12.5px; flex-grow: 0; margin-right: 14px; margin-left: 2px;\"><\/div>\n<div style=\"background-color: #F4F4F4; border-radius: 50%; height: 12.5px; width: 12.5px; transform: translateX(9px) translateY(-18px);\"><\/div>\n<\/div>\n<div style=\"margin-left: 8px;\">\n<div style=\" background-color: #F4F4F4; border-radius: 50%; flex-grow: 0; height: 20px; width: 20px;\"><\/div>\n<div style=\" width: 0; height: 0; border-top: 2px solid transparent; border-left: 6px solid #f4f4f4; border-bottom: 2px solid transparent; transform: translateX(16px) translateY(-4px) rotate(30deg)\"><\/div>\n<\/div>\n<div style=\"margin-left: auto;\">\n<div style=\" width: 0px; border-top: 8px solid #F4F4F4; border-right: 8px solid transparent; transform: translateY(16px);\"><\/div>\n<div style=\" background-color: #F4F4F4; flex-grow: 0; height: 12px; width: 16px; transform: translateY(-4px);\"><\/div>\n<div style=\" width: 0; height: 0; border-top: 8px solid #F4F4F4; border-left: 8px solid transparent; transform: translateY(-4px) translateX(8px);\"><\/div>\n<\/div>\n<\/div>\n<div style=\"display: flex; flex-direction: column; flex-grow: 1; justify-content: center; margin-bottom: 24px;\">\n<div style=\" background-color: #F4F4F4; border-radius: 4px; flex-grow: 0; height: 14px; margin-bottom: 6px; width: 224px;\"><\/div>\n<div style=\" background-color: #F4F4F4; border-radius: 4px; flex-grow: 0; height: 14px; width: 144px;\"><\/div>\n<\/div>\n<p><\/a><\/p>\n<p style=\" color:#c9c8cd; font-family:Arial,sans-serif; font-size:14px; line-height:17px; margin-bottom:0; margin-top:8px; overflow:hidden; padding:8px 0 7px; text-align:center; text-overflow:ellipsis; white-space:nowrap;\"><a href=\"https:\/\/www.instagram.com\/reel\/DIZxEmOR_CR\/?utm_source=ig_embed&amp;utm_campaign=loading\" style=\" color:#c9c8cd; font-family:Arial,sans-serif; font-size:14px; font-style:normal; font-weight:normal; line-height:17px; text-decoration:none;\" target=\"_blank\">Uma publica\u00e7\u00e3o compartilhada por Vinicius Reis (@geladooh_famoziin)<\/a><\/p>\n<\/div>\n<\/blockquote>\n<p><script async src=\"\/\/www.instagram.com\/embed.js\"><\/script><\/p>\n<p>Vinicius come\u00e7ou a postar v\u00eddeos de humor e entretenimento aos 17 anos, por meio do Facebook. Se destacando com dan\u00e7as e um gingado diferenciado.<\/p>\n<p>\u201cAs pessoas falam muito da minha cintura, das minhas pernas, dizem que sou engra\u00e7ado. Meu foco \u00e9 continuar produzindo v\u00eddeos porque quero melhorar a vida da minha fam\u00edlia e dar um futuro melhor para minha filha, que tem 1 ano. Quero mudar nossa qualidade de vida e sei que, com a ajuda de Deus e muito esfor\u00e7o, tudo vai dar certo\u201d, afirmou.<\/p>\n<p>Como Vinicius disse, com a popularidade ele pretende realizar sonhos e ter qualidade proporcionar qualidade de vida para sua fam\u00edlia. \u201cQuero dar tudo para minha filha, tudo que eu n\u00e3o tive. Quero sair do aluguel, comprar meu terrenozinho, minha casa e conquistar as minhas coisas. Com a ajuda de Deus e muito esfor\u00e7o, tudo vai dar certo\u201d, disse esperan\u00e7oso.<\/p>\n<p><em>Siga o Acorda Cidade no<\/em><a href=\"https:\/\/news.google.com\/search?q=acorda%20cidade&amp;hl=pt-BR&amp;gl=BR&amp;ceid=BR%3Apt-419\"><strong><em>\u00a0Google Not\u00edcias<\/em><\/strong><\/a><em>\u00a0e receba os principais destaques do dia. Participe tamb\u00e9m dos nossos canais no\u00a0<\/em><a href=\"https:\/\/whatsapp.com\/channel\/0029Va6Rb4v3WHTNnsh8WI3N\"><strong><em>WhatsApp<\/em><\/strong><\/a><em>\u00a0e\u00a0<\/em><a href=\"https:\/\/www.youtube.com\/@acordacidadenoticias\/videos\"><strong>Youtube<\/strong><\/a><em>\u00a0e grupo de\u00a0<\/em><a href=\"https:\/\/t.me\/+sSz0khrgARA0ZmRh\"><strong><em>Telegram<\/em><\/strong><\/a><em>.<\/em><\/p>\n<\/div>\n","protected":false},"excerpt":{"rendered":"<div>\n<div>\n<figure><img decoding=\"async\" src=\"https:\/\/uploads.acordacidade.com.br\/2025\/06\/Gelado-em-protesto-de-MC-Poze-6.jpg\" alt=\"Conhe\u00e7a o \"><figcaption>Foto: Reprodu\u00e7\u00e3o\/ Redes Sociais<\/figcaption><\/figure>\n<\/div>\n<p>Ap\u00f3s a repercuss\u00e3o, \u201cGeladooh Famoziin\u201d ganhou milhares de seguidores no Instagram, passando de 160 mil.<\/p><\/div>\n","protected":false},"author":1,"featured_media":88861,"comment_status":"closed","ping_status":"closed","sticky":false,"template":"","format":"gallery","meta":{"footnotes":""},"categories":[8,9,6,57,56,10],"tags":[],"class_list":["post-88860","post","type-post","status-publish","format-gallery","has-post-thumbnail","hentry","category-bahia","category-brasil","category-feira-de-santana","category-mundo","category-policia","category-politica","post_format-post-format-gallery"],"featured_image_urls":{"full":["https:\/\/noticiasbahia360.com.br\/wp-content\/uploads\/2025\/06\/Gelado-em-protesto-de-MC-Poze-6.jpg",1200,675,false],"thumbnail":["https:\/\/noticiasbahia360.com.br\/wp-content\/uploads\/2025\/06\/Gelado-em-protesto-de-MC-Poze-6-150x150.jpg",150,150,true],"medium":["https:\/\/noticiasbahia360.com.br\/wp-content\/uploads\/2025\/06\/Gelado-em-protesto-de-MC-Poze-6-300x169.jpg",300,169,true],"medium_large":["https:\/\/noticiasbahia360.com.br\/wp-content\/uploads\/2025\/06\/Gelado-em-protesto-de-MC-Poze-6-768x432.jpg",640,360,true],"large":["https:\/\/noticiasbahia360.com.br\/wp-content\/uploads\/2025\/06\/Gelado-em-protesto-de-MC-Poze-6-1024x576.jpg",640,360,true],"1536x1536":["https:\/\/noticiasbahia360.com.br\/wp-content\/uploads\/2025\/06\/Gelado-em-protesto-de-MC-Poze-6.jpg",1200,675,false],"2048x2048":["https:\/\/noticiasbahia360.com.br\/wp-content\/uploads\/2025\/06\/Gelado-em-protesto-de-MC-Poze-6.jpg",1200,675,false],"chromenews-featured":["https:\/\/noticiasbahia360.com.br\/wp-content\/uploads\/2025\/06\/Gelado-em-protesto-de-MC-Poze-6-1024x576.jpg",1024,576,true],"chromenews-large":["https:\/\/noticiasbahia360.com.br\/wp-content\/uploads\/2025\/06\/Gelado-em-protesto-de-MC-Poze-6-825x575.jpg",825,575,true],"chromenews-medium":["https:\/\/noticiasbahia360.com.br\/wp-content\/uploads\/2025\/06\/Gelado-em-protesto-de-MC-Poze-6-590x410.jpg",590,410,true]},"author_info":{"display_name":"noticiasbahia360.com.br","author_link":"https:\/\/noticiasbahia360.com.br\/?author=1"},"category_info":"<a href=\"https:\/\/noticiasbahia360.com.br\/?cat=8\" rel=\"category\">Bahia<\/a> <a href=\"https:\/\/noticiasbahia360.com.br\/?cat=9\" rel=\"category\">Brasil<\/a> <a href=\"https:\/\/noticiasbahia360.com.br\/?cat=6\" rel=\"category\">Feira de Santana<\/a> <a href=\"https:\/\/noticiasbahia360.com.br\/?cat=57\" rel=\"category\">Mundo<\/a> <a href=\"https:\/\/noticiasbahia360.com.br\/?cat=56\" rel=\"category\">Pol\u00edcia<\/a> <a href=\"https:\/\/noticiasbahia360.com.br\/?cat=10\" rel=\"category\">Pol\u00edtica<\/a>","tag_info":"Pol\u00edtica","comment_count":"0","_links":{"self":[{"href":"https:\/\/noticiasbahia360.com.br\/index.php?rest_route=\/wp\/v2\/posts\/88860","targetHints":{"allow":["GET"]}}],"collection":[{"href":"https:\/\/noticiasbahia360.com.br\/index.php?rest_route=\/wp\/v2\/posts"}],"about":[{"href":"https:\/\/noticiasbahia360.com.br\/index.php?rest_route=\/wp\/v2\/types\/post"}],"author":[{"embeddable":true,"href":"https:\/\/noticiasbahia360.com.br\/index.php?rest_route=\/wp\/v2\/users\/1"}],"replies":[{"embeddable":true,"href":"https:\/\/noticiasbahia360.com.br\/index.php?rest_route=%2Fwp%2Fv2%2Fcomments&post=88860"}],"version-history":[{"count":0,"href":"https:\/\/noticiasbahia360.com.br\/index.php?rest_route=\/wp\/v2\/posts\/88860\/revisions"}],"wp:featuredmedia":[{"embeddable":true,"href":"https:\/\/noticiasbahia360.com.br\/index.php?rest_route=\/wp\/v2\/media\/88861"}],"wp:attachment":[{"href":"https:\/\/noticiasbahia360.com.br\/index.php?rest_route=%2Fwp%2Fv2%2Fmedia&parent=88860"}],"wp:term":[{"taxonomy":"category","embeddable":true,"href":"https:\/\/noticiasbahia360.com.br\/index.php?rest_route=%2Fwp%2Fv2%2Fcategories&post=88860"},{"taxonomy":"post_tag","embeddable":true,"href":"https:\/\/noticiasbahia360.com.br\/index.php?rest_route=%2Fwp%2Fv2%2Ftags&post=88860"}],"curies":[{"name":"wp","href":"https:\/\/api.w.org\/{rel}","templated":true}]}}