{"id":88869,"date":"2025-06-05T14:59:49","date_gmt":"2025-06-05T17:59:49","guid":{"rendered":"https:\/\/noticiasbahia360.com.br\/?p=88869"},"modified":"2025-06-05T14:59:49","modified_gmt":"2025-06-05T17:59:49","slug":"na-semana-do-meio-ambiente-prefeitura-anuncia-obras-de-preservacao-das-lagoas-e-curso-de-fotografia-nas-escolas","status":"publish","type":"post","link":"https:\/\/noticiasbahia360.com.br\/?p=88869","title":{"rendered":"Na Semana do Meio Ambiente, prefeitura anuncia obras de preserva\u00e7\u00e3o das lagoas e curso de fotografia nas escolas"},"content":{"rendered":"<div>\n<div>\n<figure><img decoding=\"async\" src=\"http:\/\/noticiasbahia360.com.br\/wp-content\/uploads\/2025\/06\/APk3kL6c-Semana-do-Meio-Ambiente-em-Feira-de-Santana-prefeito-Jose-Ronaldo-ft-ney-silva-acorda-cidade3.webp\" alt=\"Semana do Meio Ambiente em Feira de Santana\"><figcaption>Foto: Ney Silva\/Acorda Cidade<\/figcaption><\/figure>\n<\/div>\n<p>A Prefeitura de Feira de Santana, por meio da Secretaria de Meio Ambiente (Semmam), preparou uma programa\u00e7\u00e3o especial para a <a href=\"https:\/\/www.acordacidade.com.br\/feira-de-santana\/feira-de-santana-celebra-semana-mundial-do-meio-ambiente-com-programacao-especial\/\">Semana Mundial do Meio Ambiente<\/a>, com atividades voltadas \u00e0 conscientiza\u00e7\u00e3o sobre os impactos das <strong>mudan\u00e7as clim\u00e1ticas<\/strong>. As a\u00e7\u00f5es, que tiveram in\u00edcio na \u00faltima ter\u00e7a-feira (3), se encerra nesta quinta-feira (5), <a href=\"https:\/\/www.acordacidade.com.br\/tag\/meio-ambiente\/\">Dia Mundial do Meio Ambiente<\/a>, com palestras, rodas de conversa, exibi\u00e7\u00e3o de v\u00eddeos, e a\u00e7\u00f5es educativas.<\/p>\n<p>Ao longo da semana, escolas, universidades e a comunidade participaram ativamente das atividades ligadas ao Meio Ambiente. Na quarta (4), a roda de conversa foi com os alunos da Universidade Federal do Rec\u00f4ncavo da Bahia (UFRB) e plantio de \u00e1rvores.<\/p>\n<figure class=\"wp-block-image size-full\"><img fetchpriority=\"high\" data-dominant-color=\"6f6a6b\" data-has-transparency=\"false\" style=\"--dominant-color: #6f6a6b;\" fetchpriority=\"high\" decoding=\"async\" width=\"1200\" height=\"679\" sizes=\"(max-width: 1200px) 100vw, 1200px\" src=\"http:\/\/noticiasbahia360.com.br\/wp-content\/uploads\/2025\/06\/nWQAy3xB-Semana-do-Meio-Ambiente-em-Feira-de-Santana-prefeito-Jose-Ronaldo-ft-ney-silva-acorda-cidade2.webp\" alt=\"Semana do Meio Ambiente em Feira de Santana\" class=\"wp-image-562498 not-transparent\" srcset=\"https:\/\/uploads.acordacidade.com.br\/2025\/06\/nWQAy3xB-Semana-do-Meio-Ambiente-em-Feira-de-Santana-prefeito-Jose-Ronaldo-ft-ney-silva-acorda-cidade2-645x365.webp 645w, https:\/\/uploads.acordacidade.com.br\/2025\/06\/nWQAy3xB-Semana-do-Meio-Ambiente-em-Feira-de-Santana-prefeito-Jose-Ronaldo-ft-ney-silva-acorda-cidade2-977x553.webp 977w, https:\/\/uploads.acordacidade.com.br\/2025\/06\/nWQAy3xB-Semana-do-Meio-Ambiente-em-Feira-de-Santana-prefeito-Jose-Ronaldo-ft-ney-silva-acorda-cidade2-150x85.webp 150w, http:\/\/noticiasbahia360.com.br\/wp-content\/uploads\/2025\/06\/nWQAy3xB-Semana-do-Meio-Ambiente-em-Feira-de-Santana-prefeito-Jose-Ronaldo-ft-ney-silva-acorda-cidade2.webp 1200w\"><figcaption class=\"wp-element-caption\">Foto: Ney Silva\/Acorda Cidade<\/figcaption><\/figure>\n<p>Ao Acorda Cidade, o ambientalista, Jo\u00e3o Dias, diretor de Planejamento e Educa\u00e7\u00e3o Ambiental da Semmam falou sobre a programa\u00e7\u00e3o desta quinta (5) que continuam no Centro de Cultura Maestro Miro, com discuss\u00f5es sobre temas urgentes como mobilidade urbana, cidades verdes, transi\u00e7\u00e3o e transforma\u00e7\u00e3o ecol\u00f3gica \u2014 assuntos alinhados \u00e0s diretrizes da Unesco, que tamb\u00e9m refor\u00e7am a import\u00e2ncia do enfrentamento \u00e0s mudan\u00e7as clim\u00e1ticas no cen\u00e1rio global. Pela manh\u00e3, o encontro aconteceu no Pa\u00e7o Municipal.<\/p>\n<figure class=\"wp-block-image size-large\"><img data-dominant-color=\"9298a7\" data-has-transparency=\"false\" style=\"--dominant-color: #9298a7;\" decoding=\"async\" width=\"1125\" height=\"768\" sizes=\"(max-width: 1125px) 100vw, 1125px\" src=\"http:\/\/noticiasbahia360.com.br\/wp-content\/uploads\/2025\/06\/xpf5QuMz-Semana-do-Meio-Ambiente-em-Feira-de-Santana-prefeito-Jose-Ronaldo-ft-ney-silva-acorda-cidade6-1125x768-1.webp\" alt=\"Semana do Meio Ambiente em Feira de Santana\" class=\"wp-image-562494 not-transparent\" srcset=\"https:\/\/uploads.acordacidade.com.br\/2025\/06\/xpf5QuMz-Semana-do-Meio-Ambiente-em-Feira-de-Santana-prefeito-Jose-Ronaldo-ft-ney-silva-acorda-cidade6-535x365.webp 535w, http:\/\/noticiasbahia360.com.br\/wp-content\/uploads\/2025\/06\/xpf5QuMz-Semana-do-Meio-Ambiente-em-Feira-de-Santana-prefeito-Jose-Ronaldo-ft-ney-silva-acorda-cidade6-1125x768-1.webp 1125w, https:\/\/uploads.acordacidade.com.br\/2025\/06\/xpf5QuMz-Semana-do-Meio-Ambiente-em-Feira-de-Santana-prefeito-Jose-Ronaldo-ft-ney-silva-acorda-cidade6-810x553.webp 810w, https:\/\/uploads.acordacidade.com.br\/2025\/06\/xpf5QuMz-Semana-do-Meio-Ambiente-em-Feira-de-Santana-prefeito-Jose-Ronaldo-ft-ney-silva-acorda-cidade6-150x102.webp 150w, https:\/\/uploads.acordacidade.com.br\/2025\/06\/xpf5QuMz-Semana-do-Meio-Ambiente-em-Feira-de-Santana-prefeito-Jose-Ronaldo-ft-ney-silva-acorda-cidade6.webp 1200w\"><figcaption class=\"wp-element-caption\">Jo\u00e3o Dias | Foto: Ney Silva\/Acorda Cidade<\/figcaption><\/figure>\n<p>\u201cInclusive, j\u00e1 est\u00e1 chegando agora a informa\u00e7\u00e3o do governo federal para que as escolas municipais realizem confer\u00eancias de meio ambiente infantil juvenil, tamb\u00e9m com o tema mudan\u00e7as clim\u00e1ticas, porque existe uma preocupa\u00e7\u00e3o mundial com o aquecimento do planeta\u201d, disse Jo\u00e3o Dias<\/p>\n<h2 class=\"wp-block-heading\" id=\"h-1\u00ba-concurso-estudantil-de-fotografia\">1\u00ba Concurso Estudantil de Fotografia<\/h2>\n<p>Uma das novidades \u00e9 o lan\u00e7amento do 1\u00ba Concurso Estudantil de Fotografia de Feira de Santana, que mobiliza estudantes de 40 escolas municipais. O tema \u00e9 trazer as \u201cLagoas de Feira de Santana\u201d proposta \u00e9 estimular o olhar atento para os recursos naturais da cidade.<\/p>\n<p>\u201cAs escolas far\u00e3o uma etapa interna e escolher\u00e3o a melhor foto, que ser\u00e1 encaminhada \u00e0 Secretaria de Meio Ambiente. Vai ter uma equipe da Secom de profissionais para analisar as fotos e vai ter uma equipe tamb\u00e9m de pessoas da \u00e1rea de meio ambiente. N\u00f3s vamos analisar a parte profissional e a parte ambiental de cada fotos\u201d, detalhou Jo\u00e3o Dias.<\/p>\n<figure class=\"wp-block-image size-full\"><img data-dominant-color=\"675c5a\" data-has-transparency=\"false\" style=\"--dominant-color: #675c5a;\" decoding=\"async\" width=\"1200\" height=\"695\" sizes=\"(max-width: 1200px) 100vw, 1200px\" src=\"http:\/\/noticiasbahia360.com.br\/wp-content\/uploads\/2025\/06\/npm2pkqk-Semana-do-Meio-Ambiente-em-Feira-de-Santana-prefeito-Jose-Ronaldo-ft-ney-silva-acorda-cidade5.webp\" alt=\"Semana do Meio Ambiente em Feira de Santana\" class=\"wp-image-562495 not-transparent\" srcset=\"https:\/\/uploads.acordacidade.com.br\/2025\/06\/npm2pkqk-Semana-do-Meio-Ambiente-em-Feira-de-Santana-prefeito-Jose-Ronaldo-ft-ney-silva-acorda-cidade5-630x365.webp 630w, https:\/\/uploads.acordacidade.com.br\/2025\/06\/npm2pkqk-Semana-do-Meio-Ambiente-em-Feira-de-Santana-prefeito-Jose-Ronaldo-ft-ney-silva-acorda-cidade5-955x553.webp 955w, https:\/\/uploads.acordacidade.com.br\/2025\/06\/npm2pkqk-Semana-do-Meio-Ambiente-em-Feira-de-Santana-prefeito-Jose-Ronaldo-ft-ney-silva-acorda-cidade5-150x87.webp 150w, http:\/\/noticiasbahia360.com.br\/wp-content\/uploads\/2025\/06\/npm2pkqk-Semana-do-Meio-Ambiente-em-Feira-de-Santana-prefeito-Jose-Ronaldo-ft-ney-silva-acorda-cidade5.webp 1200w\"><figcaption class=\"wp-element-caption\">Foto: Ney Silva\/Acorda Cidade<\/figcaption><\/figure>\n<h2 class=\"wp-block-heading\" id=\"h-confira-as-regras-inscricoes-e-premiacao\">Confira as regras, inscri\u00e7\u00f5es e premia\u00e7\u00e3o<\/h2>\n<p>N\u00e3o ser\u00e3o permitidas fotos de iPhone, s\u00f3 de smartphone, tamanho 10\u00d715, para que todos tenham as mesmas condi\u00e7\u00f5es. As fotos precisam ser recentes, do jeito que foram tiradas, sem edi\u00e7\u00e3o, acompanhadas de um texto com informa\u00e7\u00f5es como nome do aluno, local e data da captura.<\/p>\n<p>As inscri\u00e7\u00f5es ser\u00e3o abertas no dia 8 de junho e segue at\u00e9 8 de agosto e devem ser realizadas pelo diretor ou uma pessoa delegada da unidade escolar. Podem participar estudantes do Ensino Fundamental ll, dos 8\u00ba e 9\u00ba anos. A premia\u00e7\u00e3o ser\u00e1 no dia 21 de setembro.<\/p>\n<p>A foto vencedora vai receber um notebook. O segundo colocado vai receber um celular smartphone e o terceiro uma bicicleta aro 29. Ainda haver\u00e1 premia\u00e7\u00e3o para o quarto lugar, que ganhar\u00e1 um tablet e o quinto, um rel\u00f3gio de pulso. Al\u00e9m disso, do 1\u00ba ao 20\u00ba colocados, todos os participantes e os professores respons\u00e1veis pelos alunos receber\u00e3o certificado de participa\u00e7\u00e3o no concurso de fotografia.<\/p>\n<figure class=\"wp-block-image size-full\"><img data-dominant-color=\"706a69\" data-has-transparency=\"false\" style=\"--dominant-color: #706a69;\" decoding=\"async\" width=\"1200\" height=\"695\" sizes=\"(max-width: 1200px) 100vw, 1200px\" src=\"http:\/\/noticiasbahia360.com.br\/wp-content\/uploads\/2025\/06\/xaXmTlh8-Semana-do-Meio-Ambiente-em-Feira-de-Santana-prefeito-Jose-Ronaldo-ft-ney-silva-acorda-cidade4.webp\" alt=\"Semana do Meio Ambiente em Feira de Santana\" class=\"wp-image-562496 not-transparent\" srcset=\"https:\/\/uploads.acordacidade.com.br\/2025\/06\/xaXmTlh8-Semana-do-Meio-Ambiente-em-Feira-de-Santana-prefeito-Jose-Ronaldo-ft-ney-silva-acorda-cidade4-630x365.webp 630w, https:\/\/uploads.acordacidade.com.br\/2025\/06\/xaXmTlh8-Semana-do-Meio-Ambiente-em-Feira-de-Santana-prefeito-Jose-Ronaldo-ft-ney-silva-acorda-cidade4-955x553.webp 955w, https:\/\/uploads.acordacidade.com.br\/2025\/06\/xaXmTlh8-Semana-do-Meio-Ambiente-em-Feira-de-Santana-prefeito-Jose-Ronaldo-ft-ney-silva-acorda-cidade4-150x87.webp 150w, http:\/\/noticiasbahia360.com.br\/wp-content\/uploads\/2025\/06\/xaXmTlh8-Semana-do-Meio-Ambiente-em-Feira-de-Santana-prefeito-Jose-Ronaldo-ft-ney-silva-acorda-cidade4.webp 1200w\"><figcaption class=\"wp-element-caption\">Foto: Ney Silva\/Acorda Cidade<\/figcaption><\/figure>\n<h2 class=\"wp-block-heading\" id=\"h-compromissos-pela-preservacao\">Compromissos pela preserva\u00e7\u00e3o<\/h2>\n<p>Al\u00e9m das a\u00e7\u00f5es educativas, a gest\u00e3o municipal refor\u00e7ou seu compromisso com a preserva\u00e7\u00e3o ambiental, anunciando obras de urbaniza\u00e7\u00e3o de importantes corpos h\u00eddricos da cidade, as lagoas.<\/p>\n<figure class=\"wp-block-image size-full\"><img loading=\"lazy\" data-dominant-color=\"8c8889\" data-has-transparency=\"false\" style=\"--dominant-color: #8c8889;\" decoding=\"async\" width=\"1200\" height=\"722\" sizes=\"(max-width: 1200px) 100vw, 1200px\" src=\"http:\/\/noticiasbahia360.com.br\/wp-content\/uploads\/2025\/06\/feny2XMj-Semana-do-Meio-Ambiente-em-Feira-de-Santana-prefeito-Jose-Ronaldo-ft-ney-silva-acorda-cidade.webp\" alt=\"Semana do Meio Ambiente em Feira de Santana\" class=\"wp-image-562499 not-transparent\" srcset=\"https:\/\/uploads.acordacidade.com.br\/2025\/06\/feny2XMj-Semana-do-Meio-Ambiente-em-Feira-de-Santana-prefeito-Jose-Ronaldo-ft-ney-silva-acorda-cidade-607x365.webp 607w, https:\/\/uploads.acordacidade.com.br\/2025\/06\/feny2XMj-Semana-do-Meio-Ambiente-em-Feira-de-Santana-prefeito-Jose-Ronaldo-ft-ney-silva-acorda-cidade-919x553.webp 919w, https:\/\/uploads.acordacidade.com.br\/2025\/06\/feny2XMj-Semana-do-Meio-Ambiente-em-Feira-de-Santana-prefeito-Jose-Ronaldo-ft-ney-silva-acorda-cidade-150x90.webp 150w, http:\/\/noticiasbahia360.com.br\/wp-content\/uploads\/2025\/06\/feny2XMj-Semana-do-Meio-Ambiente-em-Feira-de-Santana-prefeito-Jose-Ronaldo-ft-ney-silva-acorda-cidade.webp 1200w\"><figcaption class=\"wp-element-caption\">Jos\u00e9 Ronaldo | Foto: Ney Silva\/Acorda Cidade<\/figcaption><\/figure>\n<p>\u201cEstamos aqui aproveitando o dia 5 de junho para reafirmarmos nossos compromissos que fizemos no per\u00edodo eleitoral, de urbanizarmos a Lagoa do Prato Raso, da Queimadinha, da Berreca, do Feira X com a urbaniza\u00e7\u00e3o do canal, a regi\u00e3o da Lagoa Salgada. S\u00e3o obras que n\u00f3s firmamos compromisso e que estamos trabalhando arduamente com o objetivo de realizarmos todas elas. Todas est\u00e3o aprovadas dentro do financiamento que estamos concluindo com o Banco Internacional\u201d, afirmou o prefeito Jos\u00e9 Ronaldo ao Acorda Cidade.<\/p>\n<p>A secret\u00e1ria de Meio Ambiente, Jaciara Costa, destacou a import\u00e2ncia das a\u00e7\u00f5es que v\u00eam sendo realizadas para al\u00e9m da Semana do Meio Ambiente, como a revitaliza\u00e7\u00e3o do Tanque da Matinha dos Pretos.<\/p>\n<figure class=\"wp-block-image size-large\"><img loading=\"lazy\" data-dominant-color=\"888581\" data-has-transparency=\"false\" style=\"--dominant-color: #888581;\" decoding=\"async\" width=\"1024\" height=\"768\" sizes=\"(max-width: 1024px) 100vw, 1024px\" src=\"http:\/\/noticiasbahia360.com.br\/wp-content\/uploads\/2025\/06\/AVKaq5mc-Semana-do-Meio-Ambiente-em-Feira-de-Santana-ft-ney-silva-acorda-cidade-1024x768-1.webp\" alt=\"Semana do Meio Ambiente em Feira de Santana\" class=\"wp-image-562500 not-transparent\" srcset=\"https:\/\/uploads.acordacidade.com.br\/2025\/06\/AVKaq5mc-Semana-do-Meio-Ambiente-em-Feira-de-Santana-ft-ney-silva-acorda-cidade-487x365.webp 487w, http:\/\/noticiasbahia360.com.br\/wp-content\/uploads\/2025\/06\/AVKaq5mc-Semana-do-Meio-Ambiente-em-Feira-de-Santana-ft-ney-silva-acorda-cidade-1024x768-1.webp 1024w, https:\/\/uploads.acordacidade.com.br\/2025\/06\/AVKaq5mc-Semana-do-Meio-Ambiente-em-Feira-de-Santana-ft-ney-silva-acorda-cidade-737x553.webp 737w, https:\/\/uploads.acordacidade.com.br\/2025\/06\/AVKaq5mc-Semana-do-Meio-Ambiente-em-Feira-de-Santana-ft-ney-silva-acorda-cidade-150x113.webp 150w, https:\/\/uploads.acordacidade.com.br\/2025\/06\/AVKaq5mc-Semana-do-Meio-Ambiente-em-Feira-de-Santana-ft-ney-silva-acorda-cidade.webp 1200w\"><figcaption class=\"wp-element-caption\">Juciara Costa | Foto: Ney Silva\/Acorda Cidade<\/figcaption><\/figure>\n<p>\u201cO dia todo teremos atividades, sairemos daqui, iremos para o Joselito Amorim que teremos dias de palestras, rodas de conversas e a\u00e7\u00f5es sobre as quest\u00f5es clim\u00e1ticas emergentes e que a gente precisa cuidar do nosso planeta.\u201d, pontuou.<\/p>\n<p>Jaciara tamb\u00e9m destacou a intensifica\u00e7\u00e3o da prefeitura na fiscaliza\u00e7\u00e3o ambiental da cidade para coibir pr\u00e1ticas degradativas ao meio ambiente. \u201cA ideia \u00e9 coibir qualquer a\u00e7\u00e3o que venha de fato destruir os nossos corpos h\u00eddricos. Pelo contr\u00e1rio, queremos conservar\u201d, garantiu.<\/p>\n<p><em>Com informa\u00e7\u00f5es do rep\u00f3rter Ney Silva do Acorda Cidade<\/em><\/p>\n<p><em>Siga o Acorda Cidade no<\/em><a href=\"https:\/\/news.google.com\/search?q=acorda%20cidade&amp;hl=pt-BR&amp;gl=BR&amp;ceid=BR%3Apt-419\"><strong><em>\u00a0Google Not\u00edcias<\/em><\/strong><\/a><em>\u00a0e receba os principais destaques do dia. Participe tamb\u00e9m dos nossos canais no\u00a0<\/em><a href=\"https:\/\/whatsapp.com\/channel\/0029Va6Rb4v3WHTNnsh8WI3N\"><strong><em>WhatsApp<\/em><\/strong><\/a><em>\u00a0e\u00a0<\/em><a href=\"https:\/\/www.youtube.com\/@acordacidadenoticias\/videos\"><strong>Youtube<\/strong><\/a><em>\u00a0e grupo de\u00a0<\/em><a href=\"https:\/\/t.me\/+sSz0khrgARA0ZmRh\"><strong><em>Telegram<\/em><\/strong><\/a><em>.<\/em><\/p>\n<\/div>\n","protected":false},"excerpt":{"rendered":"<div>\n<div>\n<figure><img decoding=\"async\" src=\"https:\/\/uploads.acordacidade.com.br\/2025\/06\/APk3kL6c-Semana-do-Meio-Ambiente-em-Feira-de-Santana-prefeito-Jose-Ronaldo-ft-ney-silva-acorda-cidade3.webp\" alt=\"Semana do Meio Ambiente em Feira de Santana\"><figcaption>Foto: Ney Silva\/Acorda Cidade<\/figcaption><\/figure>\n<\/div>\n<p>O 1\u00ba Concurso Estudantil de Fotografia de Feira de Santana, que mobiliza estudantes de 40 escolas municipais.<\/p><\/div>\n","protected":false},"author":1,"featured_media":88870,"comment_status":"closed","ping_status":"closed","sticky":false,"template":"","format":"gallery","meta":{"footnotes":""},"categories":[8,9,6,57,56,10],"tags":[],"class_list":["post-88869","post","type-post","status-publish","format-gallery","has-post-thumbnail","hentry","category-bahia","category-brasil","category-feira-de-santana","category-mundo","category-policia","category-politica","post_format-post-format-gallery"],"featured_image_urls":{"full":["https:\/\/noticiasbahia360.com.br\/wp-content\/uploads\/2025\/06\/APk3kL6c-Semana-do-Meio-Ambiente-em-Feira-de-Santana-prefeito-Jose-Ronaldo-ft-ney-silva-acorda-cidade3.webp",1200,679,false],"thumbnail":["https:\/\/noticiasbahia360.com.br\/wp-content\/uploads\/2025\/06\/APk3kL6c-Semana-do-Meio-Ambiente-em-Feira-de-Santana-prefeito-Jose-Ronaldo-ft-ney-silva-acorda-cidade3-150x150.webp",150,150,true],"medium":["https:\/\/noticiasbahia360.com.br\/wp-content\/uploads\/2025\/06\/APk3kL6c-Semana-do-Meio-Ambiente-em-Feira-de-Santana-prefeito-Jose-Ronaldo-ft-ney-silva-acorda-cidade3-300x170.webp",300,170,true],"medium_large":["https:\/\/noticiasbahia360.com.br\/wp-content\/uploads\/2025\/06\/APk3kL6c-Semana-do-Meio-Ambiente-em-Feira-de-Santana-prefeito-Jose-Ronaldo-ft-ney-silva-acorda-cidade3-768x435.webp",640,363,true],"large":["https:\/\/noticiasbahia360.com.br\/wp-content\/uploads\/2025\/06\/APk3kL6c-Semana-do-Meio-Ambiente-em-Feira-de-Santana-prefeito-Jose-Ronaldo-ft-ney-silva-acorda-cidade3-1024x579.webp",640,362,true],"1536x1536":["https:\/\/noticiasbahia360.com.br\/wp-content\/uploads\/2025\/06\/APk3kL6c-Semana-do-Meio-Ambiente-em-Feira-de-Santana-prefeito-Jose-Ronaldo-ft-ney-silva-acorda-cidade3.webp",1200,679,false],"2048x2048":["https:\/\/noticiasbahia360.com.br\/wp-content\/uploads\/2025\/06\/APk3kL6c-Semana-do-Meio-Ambiente-em-Feira-de-Santana-prefeito-Jose-Ronaldo-ft-ney-silva-acorda-cidade3.webp",1200,679,false],"chromenews-featured":["https:\/\/noticiasbahia360.com.br\/wp-content\/uploads\/2025\/06\/APk3kL6c-Semana-do-Meio-Ambiente-em-Feira-de-Santana-prefeito-Jose-Ronaldo-ft-ney-silva-acorda-cidade3-1024x579.webp",1024,579,true],"chromenews-large":["https:\/\/noticiasbahia360.com.br\/wp-content\/uploads\/2025\/06\/APk3kL6c-Semana-do-Meio-Ambiente-em-Feira-de-Santana-prefeito-Jose-Ronaldo-ft-ney-silva-acorda-cidade3-825x575.webp",825,575,true],"chromenews-medium":["https:\/\/noticiasbahia360.com.br\/wp-content\/uploads\/2025\/06\/APk3kL6c-Semana-do-Meio-Ambiente-em-Feira-de-Santana-prefeito-Jose-Ronaldo-ft-ney-silva-acorda-cidade3-590x410.webp",590,410,true]},"author_info":{"display_name":"noticiasbahia360.com.br","author_link":"https:\/\/noticiasbahia360.com.br\/?author=1"},"category_info":"<a href=\"https:\/\/noticiasbahia360.com.br\/?cat=8\" rel=\"category\">Bahia<\/a> <a href=\"https:\/\/noticiasbahia360.com.br\/?cat=9\" rel=\"category\">Brasil<\/a> <a href=\"https:\/\/noticiasbahia360.com.br\/?cat=6\" rel=\"category\">Feira de Santana<\/a> <a href=\"https:\/\/noticiasbahia360.com.br\/?cat=57\" rel=\"category\">Mundo<\/a> <a href=\"https:\/\/noticiasbahia360.com.br\/?cat=56\" rel=\"category\">Pol\u00edcia<\/a> <a href=\"https:\/\/noticiasbahia360.com.br\/?cat=10\" rel=\"category\">Pol\u00edtica<\/a>","tag_info":"Pol\u00edtica","comment_count":"0","_links":{"self":[{"href":"https:\/\/noticiasbahia360.com.br\/index.php?rest_route=\/wp\/v2\/posts\/88869","targetHints":{"allow":["GET"]}}],"collection":[{"href":"https:\/\/noticiasbahia360.com.br\/index.php?rest_route=\/wp\/v2\/posts"}],"about":[{"href":"https:\/\/noticiasbahia360.com.br\/index.php?rest_route=\/wp\/v2\/types\/post"}],"author":[{"embeddable":true,"href":"https:\/\/noticiasbahia360.com.br\/index.php?rest_route=\/wp\/v2\/users\/1"}],"replies":[{"embeddable":true,"href":"https:\/\/noticiasbahia360.com.br\/index.php?rest_route=%2Fwp%2Fv2%2Fcomments&post=88869"}],"version-history":[{"count":0,"href":"https:\/\/noticiasbahia360.com.br\/index.php?rest_route=\/wp\/v2\/posts\/88869\/revisions"}],"wp:featuredmedia":[{"embeddable":true,"href":"https:\/\/noticiasbahia360.com.br\/index.php?rest_route=\/wp\/v2\/media\/88870"}],"wp:attachment":[{"href":"https:\/\/noticiasbahia360.com.br\/index.php?rest_route=%2Fwp%2Fv2%2Fmedia&parent=88869"}],"wp:term":[{"taxonomy":"category","embeddable":true,"href":"https:\/\/noticiasbahia360.com.br\/index.php?rest_route=%2Fwp%2Fv2%2Fcategories&post=88869"},{"taxonomy":"post_tag","embeddable":true,"href":"https:\/\/noticiasbahia360.com.br\/index.php?rest_route=%2Fwp%2Fv2%2Ftags&post=88869"}],"curies":[{"name":"wp","href":"https:\/\/api.w.org\/{rel}","templated":true}]}}