{"id":88877,"date":"2025-06-05T15:06:02","date_gmt":"2025-06-05T18:06:02","guid":{"rendered":"https:\/\/noticiasbahia360.com.br\/?p=88877"},"modified":"2025-06-05T15:06:02","modified_gmt":"2025-06-05T18:06:02","slug":"vereador-ismael-bastos-repudia-projeto-que-cria-dia-municipal-da-prostituta-em-salvador","status":"publish","type":"post","link":"https:\/\/noticiasbahia360.com.br\/?p=88877","title":{"rendered":"Vereador Ismael Bastos repudia projeto que cria Dia Municipal da Prostituta em Salvador"},"content":{"rendered":"<div>\n<div>\n<figure><img decoding=\"async\" src=\"http:\/\/noticiasbahia360.com.br\/wp-content\/uploads\/2025\/06\/ismaelbastos_pj_acordacidade.jpeg\" alt=\"Vereador Ismael Bastos repudia projeto que cria Dia Municipal da Prostituta em Salvador\"><figcaption>Foto: Paulo Jos\u00e9\/Acorda Cidade<\/figcaption><\/figure>\n<\/div>\n<p>Um projeto de lei, que foi protocolado na <a href=\"https:\/\/www.acordacidade.com.br\/tag\/camara-de-salvador\/\">C\u00e2mara de Salvador<\/a>, prevendo a cria\u00e7\u00e3o do Dia Municipal da Prostituta, est\u00e1 sendo repudiado pelo vereador Ismael Bastos (PL). A proposta, de autoria da vereadora Marta Rodrigues, do Partido dos Trabalhadores (PT), foi criticada, por ele, na Tribuna do Legislativo Feirense. \u201cA pergunta \u00e9: ser\u00e1 que vai ter feriado? Ser\u00e1 que a Prefeitura vai abrir? E a C\u00e2mara vai funcionar na data?\u201d, indagou. Ismael ressaltou que, inicialmente, imaginou se tratar de alguma \u201cfake news\u201d ou piada, mas acabou constatando a veracidade da exist\u00eancia da proposta.<\/p>\n<p>\u201cSoube que \u00e9 verdade. A vereadora teve a desfa\u00e7atez de apresentar este projeto de lei. N\u00e3o \u00e9 o Dia Municipal da Professora, da Guarda ou da Pol\u00edcia Feminina. Parab\u00e9ns, PT. Voc\u00eas t\u00eam a capacidade incr\u00edvel de, cada vez mais, cavar um buraco bem fundo\u201d, reclamou, acusando a legenda de adotar comportamento diferente durante disputa eleitoral.<\/p>\n<p>Na elei\u00e7\u00e3o, afirmou o vereador, o PT quer ganhar o voto dos evang\u00e9licos, das m\u00e3es e dos pais de \u201cfam\u00edlia de bem\u201d. Mas, quando assume o poder, \u201ctenta empurrar a ideologia dele \u00e0 sociedade\u201d. O vereador disse ainda que, na vis\u00e3o do PT, quando h\u00e1 uma defesa da fam\u00edlia tradicional \u201ccomo Deus criou, os valores e princ\u00edpios crist\u00e3os, somos retr\u00f3grados, homof\u00f3bicos e fundamentalistas e querem at\u00e9 ca\u00e7ar nosso mandato\u201d, protestou.<\/p>\n<p>Ele acusou o Partido dos Trabalhadores de \u201cexaltar a prostitui\u00e7\u00e3o, mais uma vez mostrando sua verdadeira face\u201d. Faltando um ano e pouco para as elei\u00e7\u00f5es, ele diz, seus militantes v\u00e3o \u201cquerer fazer Carta aos Evang\u00e9licos novamente\u201d. Sua inten\u00e7\u00e3o, afirmou Ismael, \u00e9 \u201calertar a sociedade e as pessoas que se deixaram enganar pela ideologia petista\u201d.<\/p>\n<p>Quando (o PT) est\u00e1 no poder, observou o vereador, \u201co que eles querem \u00e9 a desconstru\u00e7\u00e3o da fam\u00edlia como Deus fez\u201d. O vereador ainda manifestou preocupa\u00e7\u00e3o por acreditar na possibilidade do partido querer, no futuro, \u201ccriar o Dia do Viciado em Drogas, Dia do Aborto e Dia da Corrup\u00e7\u00e3o\u201d.<\/p>\n<p>Ele considera o projeto propondo homenagem \u00e0 prostituta \u201cmais uma prova que, quando est\u00e3o fora do poder, prometem o para\u00edso, mas quando chegam, entregam o inferno\u201d. Garantiu Ismael que, \u201cenquanto Deus me der voz e mandato, ataques aos princ\u00edpios crist\u00e3os e \u00e0s tradi\u00e7\u00f5es familiares n\u00e3o v\u00e3o passar, pois sou uma voz firme contra a ideologia esquerdista e marxista do PT\u201d.<\/p>\n<p><em>Siga o Acorda Cidade no<\/em><a href=\"https:\/\/news.google.com\/search?q=acorda%20cidade&amp;hl=pt-BR&amp;gl=BR&amp;ceid=BR%3Apt-419\"><strong><em>\u00a0Google Not\u00edcias<\/em><\/strong><\/a><em>\u00a0e receba os principais destaques do dia. Participe tamb\u00e9m dos nossos canais no\u00a0<\/em><a href=\"https:\/\/whatsapp.com\/channel\/0029Va6Rb4v3WHTNnsh8WI3N\"><strong><em>WhatsApp<\/em><\/strong><\/a><em>\u00a0e\u00a0<\/em><a href=\"https:\/\/www.youtube.com\/@acordacidadenoticias\/videos\"><strong>Youtube<\/strong><\/a><em>\u00a0e grupo de\u00a0<\/em><a href=\"https:\/\/t.me\/+sSz0khrgARA0ZmRh\"><strong><em>Telegram<\/em><\/strong><\/a><em>.<\/em><\/p>\n<\/div>\n","protected":false},"excerpt":{"rendered":"<div>\n<div>\n<figure><img decoding=\"async\" src=\"https:\/\/uploads.acordacidade.com.br\/2025\/02\/ismaelbastos_pj_acordacidade.jpeg\" alt=\"Vereador Ismael Bastos repudia projeto que cria Dia Municipal da Prostituta em Salvador\"><figcaption>Foto: Paulo Jos\u00e9\/Acorda Cidade<\/figcaption><\/figure>\n<\/div>\n<p>Na elei\u00e7\u00e3o, afirmou o vereador, o PT quer ganhar o voto dos evang\u00e9licos, das m\u00e3es e dos pais de \u201cfam\u00edlia de bem\u201d.<\/p><\/div>\n","protected":false},"author":1,"featured_media":88878,"comment_status":"closed","ping_status":"closed","sticky":false,"template":"","format":"gallery","meta":{"footnotes":""},"categories":[8,9,6,57,56,10],"tags":[],"class_list":["post-88877","post","type-post","status-publish","format-gallery","has-post-thumbnail","hentry","category-bahia","category-brasil","category-feira-de-santana","category-mundo","category-policia","category-politica","post_format-post-format-gallery"],"featured_image_urls":{"full":["https:\/\/noticiasbahia360.com.br\/wp-content\/uploads\/2025\/06\/ismaelbastos_pj_acordacidade.jpeg",1920,886,false],"thumbnail":["https:\/\/noticiasbahia360.com.br\/wp-content\/uploads\/2025\/06\/ismaelbastos_pj_acordacidade-150x150.jpeg",150,150,true],"medium":["https:\/\/noticiasbahia360.com.br\/wp-content\/uploads\/2025\/06\/ismaelbastos_pj_acordacidade-300x138.jpeg",300,138,true],"medium_large":["https:\/\/noticiasbahia360.com.br\/wp-content\/uploads\/2025\/06\/ismaelbastos_pj_acordacidade-768x354.jpeg",640,295,true],"large":["https:\/\/noticiasbahia360.com.br\/wp-content\/uploads\/2025\/06\/ismaelbastos_pj_acordacidade-1024x473.jpeg",640,296,true],"1536x1536":["https:\/\/noticiasbahia360.com.br\/wp-content\/uploads\/2025\/06\/ismaelbastos_pj_acordacidade-1536x709.jpeg",1536,709,true],"2048x2048":["https:\/\/noticiasbahia360.com.br\/wp-content\/uploads\/2025\/06\/ismaelbastos_pj_acordacidade.jpeg",1920,886,false],"chromenews-featured":["https:\/\/noticiasbahia360.com.br\/wp-content\/uploads\/2025\/06\/ismaelbastos_pj_acordacidade-1024x473.jpeg",1024,473,true],"chromenews-large":["https:\/\/noticiasbahia360.com.br\/wp-content\/uploads\/2025\/06\/ismaelbastos_pj_acordacidade-825x575.jpeg",825,575,true],"chromenews-medium":["https:\/\/noticiasbahia360.com.br\/wp-content\/uploads\/2025\/06\/ismaelbastos_pj_acordacidade-590x410.jpeg",590,410,true]},"author_info":{"display_name":"noticiasbahia360.com.br","author_link":"https:\/\/noticiasbahia360.com.br\/?author=1"},"category_info":"<a href=\"https:\/\/noticiasbahia360.com.br\/?cat=8\" rel=\"category\">Bahia<\/a> <a href=\"https:\/\/noticiasbahia360.com.br\/?cat=9\" rel=\"category\">Brasil<\/a> <a href=\"https:\/\/noticiasbahia360.com.br\/?cat=6\" rel=\"category\">Feira de Santana<\/a> <a href=\"https:\/\/noticiasbahia360.com.br\/?cat=57\" rel=\"category\">Mundo<\/a> <a href=\"https:\/\/noticiasbahia360.com.br\/?cat=56\" rel=\"category\">Pol\u00edcia<\/a> <a href=\"https:\/\/noticiasbahia360.com.br\/?cat=10\" rel=\"category\">Pol\u00edtica<\/a>","tag_info":"Pol\u00edtica","comment_count":"0","_links":{"self":[{"href":"https:\/\/noticiasbahia360.com.br\/index.php?rest_route=\/wp\/v2\/posts\/88877","targetHints":{"allow":["GET"]}}],"collection":[{"href":"https:\/\/noticiasbahia360.com.br\/index.php?rest_route=\/wp\/v2\/posts"}],"about":[{"href":"https:\/\/noticiasbahia360.com.br\/index.php?rest_route=\/wp\/v2\/types\/post"}],"author":[{"embeddable":true,"href":"https:\/\/noticiasbahia360.com.br\/index.php?rest_route=\/wp\/v2\/users\/1"}],"replies":[{"embeddable":true,"href":"https:\/\/noticiasbahia360.com.br\/index.php?rest_route=%2Fwp%2Fv2%2Fcomments&post=88877"}],"version-history":[{"count":0,"href":"https:\/\/noticiasbahia360.com.br\/index.php?rest_route=\/wp\/v2\/posts\/88877\/revisions"}],"wp:featuredmedia":[{"embeddable":true,"href":"https:\/\/noticiasbahia360.com.br\/index.php?rest_route=\/wp\/v2\/media\/88878"}],"wp:attachment":[{"href":"https:\/\/noticiasbahia360.com.br\/index.php?rest_route=%2Fwp%2Fv2%2Fmedia&parent=88877"}],"wp:term":[{"taxonomy":"category","embeddable":true,"href":"https:\/\/noticiasbahia360.com.br\/index.php?rest_route=%2Fwp%2Fv2%2Fcategories&post=88877"},{"taxonomy":"post_tag","embeddable":true,"href":"https:\/\/noticiasbahia360.com.br\/index.php?rest_route=%2Fwp%2Fv2%2Ftags&post=88877"}],"curies":[{"name":"wp","href":"https:\/\/api.w.org\/{rel}","templated":true}]}}