{"id":88879,"date":"2025-06-05T15:27:03","date_gmt":"2025-06-05T18:27:03","guid":{"rendered":"https:\/\/noticiasbahia360.com.br\/?p=88879"},"modified":"2025-06-05T15:27:03","modified_gmt":"2025-06-05T18:27:03","slug":"aprovada-nova-redacao-que-autoriza-o-executivo-obter-emprestimo","status":"publish","type":"post","link":"https:\/\/noticiasbahia360.com.br\/?p=88879","title":{"rendered":"Aprovada nova reda\u00e7\u00e3o que autoriza o Executivo obter empr\u00e9stimo"},"content":{"rendered":"<div>\n<div>\n<figure><img decoding=\"async\" src=\"http:\/\/noticiasbahia360.com.br\/wp-content\/uploads\/2025\/06\/Camara-Municipal-050625.jpg\" alt=\"Aprovada nova reda\u00e7\u00e3o que autoriza o Executivo obter empr\u00e9stimo\"><figcaption>Foto: Ascom\/ C\u00e2mara Municipal <\/figcaption><\/figure>\n<\/div>\n<p>Foi aprovado na sess\u00e3o desta quinta-feira (5), na <a href=\"https:\/\/www.acordacidade.com.br\/tag\/camara-municipal-de-feira-de-santana\/\">C\u00e2mara Municipal de Feira de Santana<\/a>, em primeira e segunda vota\u00e7\u00f5es (para tal, o Legislativo realizou uma sess\u00e3o extraordin\u00e1ria), nova reda\u00e7\u00e3o ao projeto de lei que tramitou recentemente na Casa, tamb\u00e9m aprovado pelos vereadores, concedendo autoriza\u00e7\u00e3o legislativa, ao Poder Executivo, para contratar opera\u00e7\u00f5es de cr\u00e9dito com a Caixa Econ\u00f4mica Federal. <\/p>\n<p>A mat\u00e9ria obteve a maioria no plen\u00e1rio, com votos contr\u00e1rios dos vereadores Eremita Mota (PP), Professor Ivamberg Lima e Silvio Dias, ambos do PT.<\/p>\n<p>A nova reda\u00e7\u00e3o prev\u00ea que, caso a opera\u00e7\u00e3o seja contratada com garantia da Uni\u00e3o, fica o Poder Executivo autorizado a vincular, como contragarantia \u00e0 garantia da Uni\u00e3o, a opera\u00e7\u00e3o de cr\u00e9dito de que trata a lei, em car\u00e1ter irrevog\u00e1vel e irretrat\u00e1vel, a modo \u201cpro solvendo\u201d, as receitas discriminadas no \u00a74\u00ba do art. 167 da Constitui\u00e7\u00e3o Federal, no que couber, bem como outras garantias admitidas em direito.<\/p>\n<p>Caso a opera\u00e7\u00e3o seja contratada sem garantia da Uni\u00e3o, para garantia do principal e encargos da opera\u00e7\u00e3o de cr\u00e9dito, o Poder Executivo est\u00e1 autorizado a ceder ou vincular em garantia as receitas a que se referem o artigo 159, inciso I, al\u00edneas \u201cb\u201d, \u201ca\u201d, \u201ce\u201d e \u201cf\u201d, da CF, nos termos da ressalva apresentada pelos artigos 167, inciso IV, da CF ou outros recursos que, com id\u00eantica finalidade, venham a substitu\u00ed-los, bem como outras garantias admitidas em direito.<\/p>\n<p><em>As informa\u00e7\u00f5es s\u00e3o da Secom da C\u00e2mara Municipal de Feira de Santana <\/em><\/p>\n<p><em>Siga o Acorda Cidade no<\/em><a href=\"https:\/\/news.google.com\/search?q=acorda%20cidade&amp;hl=pt-BR&amp;gl=BR&amp;ceid=BR%3Apt-419\"><strong><em>\u00a0Google Not\u00edcias<\/em><\/strong><\/a><em>\u00a0e receba os principais destaques do dia. Participe tamb\u00e9m dos nossos canais no\u00a0<\/em><a href=\"https:\/\/whatsapp.com\/channel\/0029Va6Rb4v3WHTNnsh8WI3N\"><strong><em>WhatsApp<\/em><\/strong><\/a><em>\u00a0e\u00a0<\/em><a href=\"https:\/\/www.youtube.com\/@acordacidadenoticias\/videos\"><strong>Youtube<\/strong><\/a><em>\u00a0e grupo de\u00a0<\/em><a href=\"https:\/\/t.me\/+sSz0khrgARA0ZmRh\"><strong><em>Telegram<\/em><\/strong><\/a><em>.<\/em><\/p>\n<\/div>\n","protected":false},"excerpt":{"rendered":"<div>\n<div>\n<figure><img decoding=\"async\" src=\"https:\/\/uploads.acordacidade.com.br\/2025\/06\/Camara-Municipal-050625.jpg\" alt=\"Aprovada nova reda\u00e7\u00e3o que autoriza o Executivo obter empr\u00e9stimo\"><figcaption>Foto: Ascom\/ C\u00e2mara Municipal <\/figcaption><\/figure>\n<\/div>\n<p>A mat\u00e9ria obteve a maioria no plen\u00e1rio, com tr\u00eas votos contr\u00e1rios.<\/p><\/div>\n","protected":false},"author":1,"featured_media":88880,"comment_status":"closed","ping_status":"closed","sticky":false,"template":"","format":"gallery","meta":{"footnotes":""},"categories":[8,9,6,57,56,10],"tags":[],"class_list":["post-88879","post","type-post","status-publish","format-gallery","has-post-thumbnail","hentry","category-bahia","category-brasil","category-feira-de-santana","category-mundo","category-policia","category-politica","post_format-post-format-gallery"],"featured_image_urls":{"full":["https:\/\/noticiasbahia360.com.br\/wp-content\/uploads\/2025\/06\/Camara-Municipal-050625.jpg",1200,644,false],"thumbnail":["https:\/\/noticiasbahia360.com.br\/wp-content\/uploads\/2025\/06\/Camara-Municipal-050625-150x150.jpg",150,150,true],"medium":["https:\/\/noticiasbahia360.com.br\/wp-content\/uploads\/2025\/06\/Camara-Municipal-050625-300x161.jpg",300,161,true],"medium_large":["https:\/\/noticiasbahia360.com.br\/wp-content\/uploads\/2025\/06\/Camara-Municipal-050625-768x412.jpg",640,343,true],"large":["https:\/\/noticiasbahia360.com.br\/wp-content\/uploads\/2025\/06\/Camara-Municipal-050625-1024x550.jpg",640,344,true],"1536x1536":["https:\/\/noticiasbahia360.com.br\/wp-content\/uploads\/2025\/06\/Camara-Municipal-050625.jpg",1200,644,false],"2048x2048":["https:\/\/noticiasbahia360.com.br\/wp-content\/uploads\/2025\/06\/Camara-Municipal-050625.jpg",1200,644,false],"chromenews-featured":["https:\/\/noticiasbahia360.com.br\/wp-content\/uploads\/2025\/06\/Camara-Municipal-050625-1024x550.jpg",1024,550,true],"chromenews-large":["https:\/\/noticiasbahia360.com.br\/wp-content\/uploads\/2025\/06\/Camara-Municipal-050625-825x575.jpg",825,575,true],"chromenews-medium":["https:\/\/noticiasbahia360.com.br\/wp-content\/uploads\/2025\/06\/Camara-Municipal-050625-590x410.jpg",590,410,true]},"author_info":{"display_name":"noticiasbahia360.com.br","author_link":"https:\/\/noticiasbahia360.com.br\/?author=1"},"category_info":"<a href=\"https:\/\/noticiasbahia360.com.br\/?cat=8\" rel=\"category\">Bahia<\/a> <a href=\"https:\/\/noticiasbahia360.com.br\/?cat=9\" rel=\"category\">Brasil<\/a> <a href=\"https:\/\/noticiasbahia360.com.br\/?cat=6\" rel=\"category\">Feira de Santana<\/a> <a href=\"https:\/\/noticiasbahia360.com.br\/?cat=57\" rel=\"category\">Mundo<\/a> <a href=\"https:\/\/noticiasbahia360.com.br\/?cat=56\" rel=\"category\">Pol\u00edcia<\/a> <a href=\"https:\/\/noticiasbahia360.com.br\/?cat=10\" rel=\"category\">Pol\u00edtica<\/a>","tag_info":"Pol\u00edtica","comment_count":"0","_links":{"self":[{"href":"https:\/\/noticiasbahia360.com.br\/index.php?rest_route=\/wp\/v2\/posts\/88879","targetHints":{"allow":["GET"]}}],"collection":[{"href":"https:\/\/noticiasbahia360.com.br\/index.php?rest_route=\/wp\/v2\/posts"}],"about":[{"href":"https:\/\/noticiasbahia360.com.br\/index.php?rest_route=\/wp\/v2\/types\/post"}],"author":[{"embeddable":true,"href":"https:\/\/noticiasbahia360.com.br\/index.php?rest_route=\/wp\/v2\/users\/1"}],"replies":[{"embeddable":true,"href":"https:\/\/noticiasbahia360.com.br\/index.php?rest_route=%2Fwp%2Fv2%2Fcomments&post=88879"}],"version-history":[{"count":0,"href":"https:\/\/noticiasbahia360.com.br\/index.php?rest_route=\/wp\/v2\/posts\/88879\/revisions"}],"wp:featuredmedia":[{"embeddable":true,"href":"https:\/\/noticiasbahia360.com.br\/index.php?rest_route=\/wp\/v2\/media\/88880"}],"wp:attachment":[{"href":"https:\/\/noticiasbahia360.com.br\/index.php?rest_route=%2Fwp%2Fv2%2Fmedia&parent=88879"}],"wp:term":[{"taxonomy":"category","embeddable":true,"href":"https:\/\/noticiasbahia360.com.br\/index.php?rest_route=%2Fwp%2Fv2%2Fcategories&post=88879"},{"taxonomy":"post_tag","embeddable":true,"href":"https:\/\/noticiasbahia360.com.br\/index.php?rest_route=%2Fwp%2Fv2%2Ftags&post=88879"}],"curies":[{"name":"wp","href":"https:\/\/api.w.org\/{rel}","templated":true}]}}