{"id":88881,"date":"2025-06-05T15:27:06","date_gmt":"2025-06-05T18:27:06","guid":{"rendered":"https:\/\/noticiasbahia360.com.br\/?p=88881"},"modified":"2025-06-05T15:27:06","modified_gmt":"2025-06-05T18:27:06","slug":"operacao-desarticula-esquema-de-roubos-de-cargas-no-sudoeste-da-bahia","status":"publish","type":"post","link":"https:\/\/noticiasbahia360.com.br\/?p=88881","title":{"rendered":"Opera\u00e7\u00e3o desarticula esquema de roubos de cargas no sudoeste da Bahia"},"content":{"rendered":"<div>\n<div>\n<figure><img decoding=\"async\" src=\"http:\/\/noticiasbahia360.com.br\/wp-content\/uploads\/2025\/06\/0jdZvAZH-Operacao-Piratas-no-Asfalto-.webp\" alt=\"Opera\u00e7\u00e3o Piratas no Asfalto\"><figcaption>Foto: Divulga\u00e7\u00e3o\/ Ascom PC<\/figcaption><\/figure>\n<\/div>\n<p>A Pol\u00edcia Civil da Bahia, em parceria com a Pol\u00edcia Rodovi\u00e1ria Federal (PRF), deflagrou nesta quinta-feira (5) a Opera\u00e7\u00e3o Piratas no Asfalto, com o objetivo de desarticular grupos criminosos envolvidos em roubos e furtos de cargas na regi\u00e3o sudoeste do estado. A a\u00e7\u00e3o resultou na pris\u00e3o de 18 suspeitos, sendo sete no munic\u00edpio de Boa Nova, seis em Manoel Vitorino e cinco em Po\u00e7\u00f5es. Eles s\u00e3o investigados por participa\u00e7\u00e3o direta em crimes de furto, roubo e recepta\u00e7\u00e3o de cargas.<\/p>\n<figure class=\"wp-block-image size-full\"><img fetchpriority=\"high\" data-dominant-color=\"797062\" data-has-transparency=\"false\" style=\"--dominant-color: #797062;\" fetchpriority=\"high\" decoding=\"async\" width=\"1200\" height=\"675\" sizes=\"(max-width: 1200px) 100vw, 1200px\" src=\"http:\/\/noticiasbahia360.com.br\/wp-content\/uploads\/2025\/06\/hryrhFxO-Operacao-Piratas-no-Asfalto-1.webp\" alt=\"Opera\u00e7\u00e3o Piratas no Asfalto\" class=\"wp-image-562596 not-transparent\" srcset=\"https:\/\/uploads.acordacidade.com.br\/2025\/06\/hryrhFxO-Operacao-Piratas-no-Asfalto-1-648x365.webp 648w, https:\/\/uploads.acordacidade.com.br\/2025\/06\/hryrhFxO-Operacao-Piratas-no-Asfalto-1-150x84.webp 150w, http:\/\/noticiasbahia360.com.br\/wp-content\/uploads\/2025\/06\/hryrhFxO-Operacao-Piratas-no-Asfalto-1.webp 1200w\"><figcaption class=\"wp-element-caption\">Foto: Divulga\u00e7\u00e3o\/ Ascom PC<\/figcaption><\/figure>\n<p>Durante a opera\u00e7\u00e3o, foram apreendidas seis armas de fogo, dois simulacros de arma (um fuzil e uma pistola), sete ve\u00edculos utilizados nos crimes e mercadorias avaliadas em aproximadamente R$ 100 mil. Entre os itens recuperados est\u00e3o 36 placas solares, defensivos agr\u00edcolas, tecidos, g\u00eaneros aliment\u00edcios, ferramentas, t\u00eanis e produtos eletr\u00f4nicos.<\/p>\n<p>A ofensiva foi coordenada pela 10\u00aa Coordenadoria Regional de Pol\u00edcia do Interior (10\u00aa Coorpin\/Vit\u00f3ria da Conquista) e pela Delegacia Territorial de Po\u00e7\u00f5es, com apoio da PRF, do Grupo de Atua\u00e7\u00e3o Especial de Combate \u00e0s Organiza\u00e7\u00f5es Criminosas e Investiga\u00e7\u00f5es Criminais (Gaeco), vinculado ao Minist\u00e9rio P\u00fablico do Estado da Bahia, e da Promotoria de Justi\u00e7a de Po\u00e7\u00f5es.<\/p>\n<figure class=\"wp-block-image size-full\"><img data-dominant-color=\"9b9b96\" data-has-transparency=\"false\" style=\"--dominant-color: #9b9b96;\" decoding=\"async\" width=\"1200\" height=\"675\" sizes=\"(max-width: 1200px) 100vw, 1200px\" src=\"http:\/\/noticiasbahia360.com.br\/wp-content\/uploads\/2025\/06\/hCCIADEO-Operacao-Piratas-no-Asfalto.webp\" alt=\"Opera\u00e7\u00e3o Piratas no Asfalto\" class=\"wp-image-562598 not-transparent\" srcset=\"https:\/\/uploads.acordacidade.com.br\/2025\/06\/hCCIADEO-Operacao-Piratas-no-Asfalto-648x365.webp 648w, https:\/\/uploads.acordacidade.com.br\/2025\/06\/hCCIADEO-Operacao-Piratas-no-Asfalto-150x84.webp 150w, http:\/\/noticiasbahia360.com.br\/wp-content\/uploads\/2025\/06\/hCCIADEO-Operacao-Piratas-no-Asfalto.webp 1200w\"><figcaption class=\"wp-element-caption\">Foto: Divulga\u00e7\u00e3o\/ Ascom PC<\/figcaption><\/figure>\n<p>De acordo com o delegado Roberto J\u00fanior, diretor da Diretoria de Pol\u00edcia do Interior \u2013 Sudeste\/Sul (Dirpin), a opera\u00e7\u00e3o representa uma resposta eficaz contra o crime organizado. \u201cMais de 200 policiais civis e rodovi\u00e1rios federais participaram da a\u00e7\u00e3o, que foi conduzida com rigor t\u00e9cnico. A Opera\u00e7\u00e3o Piratas no Asfalto conseguiu descapitalizar e desarticular esse grupo criminoso. As investiga\u00e7\u00f5es continuam para localizar outros envolvidos e responsabiliz\u00e1-los judicialmente\u201d, afirmou.<\/p>\n<p><em>Siga o Acorda Cidade no<\/em><a href=\"https:\/\/news.google.com\/search?q=acorda%20cidade&amp;hl=pt-BR&amp;gl=BR&amp;ceid=BR%3Apt-419\"><strong><em>\u00a0Google Not\u00edcias<\/em><\/strong><\/a><em>\u00a0e receba os principais destaques do dia. Participe tamb\u00e9m dos nossos canais no\u00a0<\/em><a href=\"https:\/\/whatsapp.com\/channel\/0029Va6Rb4v3WHTNnsh8WI3N\"><strong><em>WhatsApp<\/em><\/strong><\/a><em>\u00a0e\u00a0<\/em><a href=\"https:\/\/www.youtube.com\/@acordacidadenoticias\/videos\"><strong>Youtube<\/strong><\/a><em>\u00a0e grupo de\u00a0<\/em><a href=\"https:\/\/t.me\/+sSz0khrgARA0ZmRh\"><strong><em>Telegram<\/em><\/strong><\/a><em>.<\/em><\/p>\n<\/div>\n","protected":false},"excerpt":{"rendered":"<div>\n<div>\n<figure><img decoding=\"async\" src=\"https:\/\/uploads.acordacidade.com.br\/2025\/06\/0jdZvAZH-Operacao-Piratas-no-Asfalto-.webp\" alt=\"Opera\u00e7\u00e3o Piratas no Asfalto\"><figcaption>Foto: Divulga\u00e7\u00e3o\/ Ascom PC<\/figcaption><\/figure>\n<\/div>\n<p>A a\u00e7\u00e3o integrada prendeu 18 suspeitos e recuperou mercadorias avaliadas em R$ 100 mil.<\/p><\/div>\n","protected":false},"author":1,"featured_media":88882,"comment_status":"closed","ping_status":"closed","sticky":false,"template":"","format":"gallery","meta":{"footnotes":""},"categories":[8,9,6,57,56,10],"tags":[],"class_list":["post-88881","post","type-post","status-publish","format-gallery","has-post-thumbnail","hentry","category-bahia","category-brasil","category-feira-de-santana","category-mundo","category-policia","category-politica","post_format-post-format-gallery"],"featured_image_urls":{"full":["https:\/\/noticiasbahia360.com.br\/wp-content\/uploads\/2025\/06\/0jdZvAZH-Operacao-Piratas-no-Asfalto-.webp",1200,675,false],"thumbnail":["https:\/\/noticiasbahia360.com.br\/wp-content\/uploads\/2025\/06\/0jdZvAZH-Operacao-Piratas-no-Asfalto--150x150.webp",150,150,true],"medium":["https:\/\/noticiasbahia360.com.br\/wp-content\/uploads\/2025\/06\/0jdZvAZH-Operacao-Piratas-no-Asfalto--300x169.webp",300,169,true],"medium_large":["https:\/\/noticiasbahia360.com.br\/wp-content\/uploads\/2025\/06\/0jdZvAZH-Operacao-Piratas-no-Asfalto--768x432.webp",640,360,true],"large":["https:\/\/noticiasbahia360.com.br\/wp-content\/uploads\/2025\/06\/0jdZvAZH-Operacao-Piratas-no-Asfalto--1024x576.webp",640,360,true],"1536x1536":["https:\/\/noticiasbahia360.com.br\/wp-content\/uploads\/2025\/06\/0jdZvAZH-Operacao-Piratas-no-Asfalto-.webp",1200,675,false],"2048x2048":["https:\/\/noticiasbahia360.com.br\/wp-content\/uploads\/2025\/06\/0jdZvAZH-Operacao-Piratas-no-Asfalto-.webp",1200,675,false],"chromenews-featured":["https:\/\/noticiasbahia360.com.br\/wp-content\/uploads\/2025\/06\/0jdZvAZH-Operacao-Piratas-no-Asfalto--1024x576.webp",1024,576,true],"chromenews-large":["https:\/\/noticiasbahia360.com.br\/wp-content\/uploads\/2025\/06\/0jdZvAZH-Operacao-Piratas-no-Asfalto--825x575.webp",825,575,true],"chromenews-medium":["https:\/\/noticiasbahia360.com.br\/wp-content\/uploads\/2025\/06\/0jdZvAZH-Operacao-Piratas-no-Asfalto--590x410.webp",590,410,true]},"author_info":{"display_name":"noticiasbahia360.com.br","author_link":"https:\/\/noticiasbahia360.com.br\/?author=1"},"category_info":"<a href=\"https:\/\/noticiasbahia360.com.br\/?cat=8\" rel=\"category\">Bahia<\/a> <a href=\"https:\/\/noticiasbahia360.com.br\/?cat=9\" rel=\"category\">Brasil<\/a> <a href=\"https:\/\/noticiasbahia360.com.br\/?cat=6\" rel=\"category\">Feira de Santana<\/a> <a href=\"https:\/\/noticiasbahia360.com.br\/?cat=57\" rel=\"category\">Mundo<\/a> <a href=\"https:\/\/noticiasbahia360.com.br\/?cat=56\" rel=\"category\">Pol\u00edcia<\/a> <a href=\"https:\/\/noticiasbahia360.com.br\/?cat=10\" rel=\"category\">Pol\u00edtica<\/a>","tag_info":"Pol\u00edtica","comment_count":"0","_links":{"self":[{"href":"https:\/\/noticiasbahia360.com.br\/index.php?rest_route=\/wp\/v2\/posts\/88881","targetHints":{"allow":["GET"]}}],"collection":[{"href":"https:\/\/noticiasbahia360.com.br\/index.php?rest_route=\/wp\/v2\/posts"}],"about":[{"href":"https:\/\/noticiasbahia360.com.br\/index.php?rest_route=\/wp\/v2\/types\/post"}],"author":[{"embeddable":true,"href":"https:\/\/noticiasbahia360.com.br\/index.php?rest_route=\/wp\/v2\/users\/1"}],"replies":[{"embeddable":true,"href":"https:\/\/noticiasbahia360.com.br\/index.php?rest_route=%2Fwp%2Fv2%2Fcomments&post=88881"}],"version-history":[{"count":0,"href":"https:\/\/noticiasbahia360.com.br\/index.php?rest_route=\/wp\/v2\/posts\/88881\/revisions"}],"wp:featuredmedia":[{"embeddable":true,"href":"https:\/\/noticiasbahia360.com.br\/index.php?rest_route=\/wp\/v2\/media\/88882"}],"wp:attachment":[{"href":"https:\/\/noticiasbahia360.com.br\/index.php?rest_route=%2Fwp%2Fv2%2Fmedia&parent=88881"}],"wp:term":[{"taxonomy":"category","embeddable":true,"href":"https:\/\/noticiasbahia360.com.br\/index.php?rest_route=%2Fwp%2Fv2%2Fcategories&post=88881"},{"taxonomy":"post_tag","embeddable":true,"href":"https:\/\/noticiasbahia360.com.br\/index.php?rest_route=%2Fwp%2Fv2%2Ftags&post=88881"}],"curies":[{"name":"wp","href":"https:\/\/api.w.org\/{rel}","templated":true}]}}