{"id":88885,"date":"2025-06-05T15:35:08","date_gmt":"2025-06-05T18:35:08","guid":{"rendered":"https:\/\/noticiasbahia360.com.br\/?p=88885"},"modified":"2025-06-05T15:35:08","modified_gmt":"2025-06-05T18:35:08","slug":"jeronimo-inaugura-hospital-de-excelencia-e-amplia-rede-de-saude-em-todo-o-estado","status":"publish","type":"post","link":"https:\/\/noticiasbahia360.com.br\/?p=88885","title":{"rendered":"Jer\u00f4nimo inaugura hospital de excel\u00eancia e amplia rede de sa\u00fade em todo o estado"},"content":{"rendered":"<div>\n<div>\n<figure><img decoding=\"async\" src=\"http:\/\/noticiasbahia360.com.br\/wp-content\/uploads\/2025\/06\/Governador-050625.jpg\" alt=\"Jer\u00f4nimo inaugura hospital de excel\u00eancia e amplia rede de sa\u00fade em todo o estado\"><figcaption>Foto: Feij\u00e3o Almeida\/GOVBA<\/figcaption><\/figure>\n<\/div>\n<p>O governador Jer\u00f4nimo Rodrigues reinaugurou nesta quinta-feira (5) o Hospital Oct\u00e1vio Mangabeira, em Salvador, totalmente reformado e modernizado ap\u00f3s um investimento de 70 milh\u00f5es e 700 mil reais do <a href=\"https:\/\/www.acordacidade.com.br\/tag\/governo-do-estado\/\">Governo do Estado<\/a>. A unidade, que \u00e9 refer\u00eancia no tratamento de doen\u00e7as pulmonares e c\u00e2ncer h\u00e1 mais de 20 anos, agora conta com 160 leitos, incluindo 29 UTIs para adultos e 10 pedi\u00e1tricas. O hospital tamb\u00e9m est\u00e1 se preparando para oferecer transplante de pulm\u00e3o, um avan\u00e7o in\u00e9dito na rede p\u00fablica estadual.<\/p>\n<figure class=\"wp-block-image size-large\"><img fetchpriority=\"high\" data-dominant-color=\"8e9799\" data-has-transparency=\"false\" style=\"--dominant-color: #8e9799;\" fetchpriority=\"high\" decoding=\"async\" width=\"1186\" height=\"768\" sizes=\"(max-width: 1186px) 100vw, 1186px\" src=\"http:\/\/noticiasbahia360.com.br\/wp-content\/uploads\/2025\/06\/XKDcOGJQ-Jeronimo-inaugura-hospital-050625-1186x768-1.webp\" alt=\"\" class=\"wp-image-562657 not-transparent\" srcset=\"https:\/\/uploads.acordacidade.com.br\/2025\/06\/XKDcOGJQ-Jeronimo-inaugura-hospital-050625-564x365.webp 564w, http:\/\/noticiasbahia360.com.br\/wp-content\/uploads\/2025\/06\/XKDcOGJQ-Jeronimo-inaugura-hospital-050625-1186x768-1.webp 1186w, https:\/\/uploads.acordacidade.com.br\/2025\/06\/XKDcOGJQ-Jeronimo-inaugura-hospital-050625-854x553.webp 854w, https:\/\/uploads.acordacidade.com.br\/2025\/06\/XKDcOGJQ-Jeronimo-inaugura-hospital-050625-150x97.webp 150w, https:\/\/uploads.acordacidade.com.br\/2025\/06\/XKDcOGJQ-Jeronimo-inaugura-hospital-050625.webp 1200w\"><figcaption class=\"wp-element-caption\">Foto: Feij\u00e3o Almeida\/GOVBA<\/figcaption><\/figure>\n<p>Al\u00e9m da capital, outros 54 munic\u00edpios baianos foram beneficiados com a entrega de 55 novas ambul\u00e2ncias para o Samu 192, num investimento federal de 15 milh\u00f5es e 900 mil reais. Cidades como Barreiras, Vit\u00f3ria da Conquista e Teixeira de Freitas est\u00e3o entre as contempladas. O governo estadual ainda anunciou a amplia\u00e7\u00e3o de recursos para m\u00e9dia e alta complexidade, garantindo mais exames e cirurgias especializadas em todo o estado.<\/p>\n<figure class=\"wp-block-image size-full\"><img data-dominant-color=\"a59c9a\" data-has-transparency=\"false\" style=\"--dominant-color: #a59c9a;\" decoding=\"async\" width=\"1200\" height=\"675\" sizes=\"(max-width: 1200px) 100vw, 1200px\" src=\"http:\/\/noticiasbahia360.com.br\/wp-content\/uploads\/2025\/06\/2zKFzbsX-Jeronimo-inaugura-hospital-2-050625.webp\" alt=\"Jer\u00f4nimo inaugura hospital de excel\u00eancia e amplia rede de sa\u00fade em todo o estado\" class=\"wp-image-562658 not-transparent\" srcset=\"https:\/\/uploads.acordacidade.com.br\/2025\/06\/2zKFzbsX-Jeronimo-inaugura-hospital-2-050625-648x365.webp 648w, https:\/\/uploads.acordacidade.com.br\/2025\/06\/2zKFzbsX-Jeronimo-inaugura-hospital-2-050625-150x84.webp 150w, http:\/\/noticiasbahia360.com.br\/wp-content\/uploads\/2025\/06\/2zKFzbsX-Jeronimo-inaugura-hospital-2-050625.webp 1200w\"><figcaption class=\"wp-element-caption\">Foto: Feij\u00e3o Almeida\/GOVBA<\/figcaption><\/figure>\n<p>O Hospital Oct\u00e1vio Mangabeira, que passou por refor\u00e7o estrutural e ganhou novos equipamentos, contratou 702 profissionais para atuar na unidade. A gest\u00e3o ficar\u00e1 a cargo da Funda\u00e7\u00e3o Jos\u00e9 Silveira. O governador Jer\u00f4nimo Rodrigues destacou o compromisso com uma sa\u00fade p\u00fablica de qualidade em toda a Bahia.<\/p>\n<p><em>Siga o Acorda Cidade no<\/em><a href=\"https:\/\/news.google.com\/search?q=acorda%20cidade&amp;hl=pt-BR&amp;gl=BR&amp;ceid=BR%3Apt-419\"><strong><em>\u00a0Google Not\u00edcias<\/em><\/strong><\/a><em>\u00a0e receba os principais destaques do dia. Participe tamb\u00e9m dos nossos canais no\u00a0<\/em><a href=\"https:\/\/whatsapp.com\/channel\/0029Va6Rb4v3WHTNnsh8WI3N\"><strong><em>WhatsApp<\/em><\/strong><\/a><em>\u00a0e\u00a0<\/em><a href=\"https:\/\/www.youtube.com\/@acordacidadenoticias\/videos\"><strong>Youtube<\/strong><\/a><em>\u00a0e grupo de\u00a0<\/em><a href=\"https:\/\/t.me\/+sSz0khrgARA0ZmRh\"><strong><em>Telegram<\/em><\/strong><\/a><em>.<\/em><\/p>\n<\/div>\n","protected":false},"excerpt":{"rendered":"<div>\n<div>\n<figure><img decoding=\"async\" src=\"https:\/\/uploads.acordacidade.com.br\/2025\/06\/Governador-050625.jpg\" alt=\"Jer\u00f4nimo inaugura hospital de excel\u00eancia e amplia rede de sa\u00fade em todo o estado\"><figcaption>Foto: Feij\u00e3o Almeida\/GOVBA<\/figcaption><\/figure>\n<\/div>\n<p>Em Salvador, nova unidade refor\u00e7a atendimento de alta complexidade em tratamento do c\u00e2ncer e doen\u00e7as pulmonares.<\/p><\/div>\n","protected":false},"author":1,"featured_media":88886,"comment_status":"closed","ping_status":"closed","sticky":false,"template":"","format":"gallery","meta":{"footnotes":""},"categories":[8,9,6,57,56,10],"tags":[],"class_list":["post-88885","post","type-post","status-publish","format-gallery","has-post-thumbnail","hentry","category-bahia","category-brasil","category-feira-de-santana","category-mundo","category-policia","category-politica","post_format-post-format-gallery"],"featured_image_urls":{"full":["https:\/\/noticiasbahia360.com.br\/wp-content\/uploads\/2025\/06\/Governador-050625.jpg",1200,664,false],"thumbnail":["https:\/\/noticiasbahia360.com.br\/wp-content\/uploads\/2025\/06\/Governador-050625-150x150.jpg",150,150,true],"medium":["https:\/\/noticiasbahia360.com.br\/wp-content\/uploads\/2025\/06\/Governador-050625-300x166.jpg",300,166,true],"medium_large":["https:\/\/noticiasbahia360.com.br\/wp-content\/uploads\/2025\/06\/Governador-050625-768x425.jpg",640,354,true],"large":["https:\/\/noticiasbahia360.com.br\/wp-content\/uploads\/2025\/06\/Governador-050625-1024x567.jpg",640,354,true],"1536x1536":["https:\/\/noticiasbahia360.com.br\/wp-content\/uploads\/2025\/06\/Governador-050625.jpg",1200,664,false],"2048x2048":["https:\/\/noticiasbahia360.com.br\/wp-content\/uploads\/2025\/06\/Governador-050625.jpg",1200,664,false],"chromenews-featured":["https:\/\/noticiasbahia360.com.br\/wp-content\/uploads\/2025\/06\/Governador-050625-1024x567.jpg",1024,567,true],"chromenews-large":["https:\/\/noticiasbahia360.com.br\/wp-content\/uploads\/2025\/06\/Governador-050625-825x575.jpg",825,575,true],"chromenews-medium":["https:\/\/noticiasbahia360.com.br\/wp-content\/uploads\/2025\/06\/Governador-050625-590x410.jpg",590,410,true]},"author_info":{"display_name":"noticiasbahia360.com.br","author_link":"https:\/\/noticiasbahia360.com.br\/?author=1"},"category_info":"<a href=\"https:\/\/noticiasbahia360.com.br\/?cat=8\" rel=\"category\">Bahia<\/a> <a href=\"https:\/\/noticiasbahia360.com.br\/?cat=9\" rel=\"category\">Brasil<\/a> <a href=\"https:\/\/noticiasbahia360.com.br\/?cat=6\" rel=\"category\">Feira de Santana<\/a> <a href=\"https:\/\/noticiasbahia360.com.br\/?cat=57\" rel=\"category\">Mundo<\/a> <a href=\"https:\/\/noticiasbahia360.com.br\/?cat=56\" rel=\"category\">Pol\u00edcia<\/a> <a href=\"https:\/\/noticiasbahia360.com.br\/?cat=10\" rel=\"category\">Pol\u00edtica<\/a>","tag_info":"Pol\u00edtica","comment_count":"0","_links":{"self":[{"href":"https:\/\/noticiasbahia360.com.br\/index.php?rest_route=\/wp\/v2\/posts\/88885","targetHints":{"allow":["GET"]}}],"collection":[{"href":"https:\/\/noticiasbahia360.com.br\/index.php?rest_route=\/wp\/v2\/posts"}],"about":[{"href":"https:\/\/noticiasbahia360.com.br\/index.php?rest_route=\/wp\/v2\/types\/post"}],"author":[{"embeddable":true,"href":"https:\/\/noticiasbahia360.com.br\/index.php?rest_route=\/wp\/v2\/users\/1"}],"replies":[{"embeddable":true,"href":"https:\/\/noticiasbahia360.com.br\/index.php?rest_route=%2Fwp%2Fv2%2Fcomments&post=88885"}],"version-history":[{"count":0,"href":"https:\/\/noticiasbahia360.com.br\/index.php?rest_route=\/wp\/v2\/posts\/88885\/revisions"}],"wp:featuredmedia":[{"embeddable":true,"href":"https:\/\/noticiasbahia360.com.br\/index.php?rest_route=\/wp\/v2\/media\/88886"}],"wp:attachment":[{"href":"https:\/\/noticiasbahia360.com.br\/index.php?rest_route=%2Fwp%2Fv2%2Fmedia&parent=88885"}],"wp:term":[{"taxonomy":"category","embeddable":true,"href":"https:\/\/noticiasbahia360.com.br\/index.php?rest_route=%2Fwp%2Fv2%2Fcategories&post=88885"},{"taxonomy":"post_tag","embeddable":true,"href":"https:\/\/noticiasbahia360.com.br\/index.php?rest_route=%2Fwp%2Fv2%2Ftags&post=88885"}],"curies":[{"name":"wp","href":"https:\/\/api.w.org\/{rel}","templated":true}]}}