{"id":88889,"date":"2025-06-05T15:51:48","date_gmt":"2025-06-05T18:51:48","guid":{"rendered":"https:\/\/noticiasbahia360.com.br\/?p=88889"},"modified":"2025-06-05T15:51:48","modified_gmt":"2025-06-05T18:51:48","slug":"projeto-de-lei-obriga-instalacao-de-elevadores-em-predios-com-mais-de-12-metros-em-feira-de-santana","status":"publish","type":"post","link":"https:\/\/noticiasbahia360.com.br\/?p=88889","title":{"rendered":"Projeto de Lei obriga instala\u00e7\u00e3o de elevadores em pr\u00e9dios com mais de 12 metros em Feira de Santana"},"content":{"rendered":"<div>\n<div>\n<figure><img decoding=\"async\" src=\"http:\/\/noticiasbahia360.com.br\/wp-content\/uploads\/2025\/06\/entregador-com-pacote-no-elevador-close-up.jpg\" alt=\"Elevador\"><figcaption>Foto: Freepik<\/figcaption><\/figure>\n<\/div>\n<p>Edifica\u00e7\u00f5es residenciais com mais de 12 metros de <a href=\"https:\/\/www.acordacidade.com.br\/tag\/altura\/\">altura<\/a> ter\u00e3o, obrigatoriamente, elevador. \u00c9 o que determina um projeto de lei complementar, de autoria do Poder Executivo, aprovado em primeira e segunda discuss\u00f5es, por maioria, na sess\u00e3o desta quinta-feira (5).<\/p>\n<p>A obrigatoriedade, segundo o texto, \u00e9 de \u201cpelo menos um elevador interligando todos os pavimentos, em edifica\u00e7\u00f5es com altura superior a 12 metros, contatos a partir do piso do pavimento de aceso at\u00e9 o \u00faltimo\u201d.<\/p>\n<p>As edifica\u00e7\u00f5es em que haja a obrigatoriedade da instala\u00e7\u00e3o dos equipamentos dever\u00e3o atender aos padr\u00f5es das normas t\u00e9cnicas da ABNT \u2013 Associa\u00e7\u00e3o Brasileira de Normas T\u00e9cnicas. Ap\u00f3s aprova\u00e7\u00e3o, o projeto segue para san\u00e7\u00e3o do prefeito Jos\u00e9 Ronaldo.<\/p>\n<p><em>Siga o Acorda Cidade no<\/em><a href=\"https:\/\/news.google.com\/search?q=acorda%20cidade&amp;hl=pt-BR&amp;gl=BR&amp;ceid=BR%3Apt-419\"><strong><em> Google Not\u00edcias<\/em><\/strong><\/a><em> e receba os principais destaques do dia. Participe tamb\u00e9m dos nossos canais no <\/em><a href=\"https:\/\/whatsapp.com\/channel\/0029Va6Rb4v3WHTNnsh8WI3N\"><strong><em>WhatsApp<\/em><\/strong><\/a><em> e <\/em><a href=\"https:\/\/www.youtube.com\/@acordacidadenoticias\/videos\"><strong>Youtube<\/strong><\/a><em> e grupo de <\/em><a href=\"https:\/\/t.me\/+sSz0khrgARA0ZmRh\"><strong><em>Telegram<\/em><\/strong><\/a><em>.<\/em><\/p>\n<\/div>\n","protected":false},"excerpt":{"rendered":"<div>\n<div>\n<figure><img decoding=\"async\" src=\"https:\/\/uploads.acordacidade.com.br\/2025\/06\/entregador-com-pacote-no-elevador-close-up.jpg\" alt=\"Elevador\"><figcaption>Foto: Freepik<\/figcaption><\/figure>\n<\/div>\n<p>O Projeto de Lei foi aprovado em primeira e segunda discuss\u00f5es, por maioria, na sess\u00e3o desta quinta-feira (5).<\/p><\/div>\n","protected":false},"author":1,"featured_media":88890,"comment_status":"closed","ping_status":"closed","sticky":false,"template":"","format":"gallery","meta":{"footnotes":""},"categories":[8,9,6,57,56,10],"tags":[],"class_list":["post-88889","post","type-post","status-publish","format-gallery","has-post-thumbnail","hentry","category-bahia","category-brasil","category-feira-de-santana","category-mundo","category-policia","category-politica","post_format-post-format-gallery"],"featured_image_urls":{"full":["https:\/\/noticiasbahia360.com.br\/wp-content\/uploads\/2025\/06\/entregador-com-pacote-no-elevador-close-up.jpg",1200,800,false],"thumbnail":["https:\/\/noticiasbahia360.com.br\/wp-content\/uploads\/2025\/06\/entregador-com-pacote-no-elevador-close-up-150x150.jpg",150,150,true],"medium":["https:\/\/noticiasbahia360.com.br\/wp-content\/uploads\/2025\/06\/entregador-com-pacote-no-elevador-close-up-300x200.jpg",300,200,true],"medium_large":["https:\/\/noticiasbahia360.com.br\/wp-content\/uploads\/2025\/06\/entregador-com-pacote-no-elevador-close-up-768x512.jpg",640,427,true],"large":["https:\/\/noticiasbahia360.com.br\/wp-content\/uploads\/2025\/06\/entregador-com-pacote-no-elevador-close-up-1024x683.jpg",640,427,true],"1536x1536":["https:\/\/noticiasbahia360.com.br\/wp-content\/uploads\/2025\/06\/entregador-com-pacote-no-elevador-close-up.jpg",1200,800,false],"2048x2048":["https:\/\/noticiasbahia360.com.br\/wp-content\/uploads\/2025\/06\/entregador-com-pacote-no-elevador-close-up.jpg",1200,800,false],"chromenews-featured":["https:\/\/noticiasbahia360.com.br\/wp-content\/uploads\/2025\/06\/entregador-com-pacote-no-elevador-close-up-1024x683.jpg",1024,683,true],"chromenews-large":["https:\/\/noticiasbahia360.com.br\/wp-content\/uploads\/2025\/06\/entregador-com-pacote-no-elevador-close-up-825x575.jpg",825,575,true],"chromenews-medium":["https:\/\/noticiasbahia360.com.br\/wp-content\/uploads\/2025\/06\/entregador-com-pacote-no-elevador-close-up-590x410.jpg",590,410,true]},"author_info":{"display_name":"noticiasbahia360.com.br","author_link":"https:\/\/noticiasbahia360.com.br\/?author=1"},"category_info":"<a href=\"https:\/\/noticiasbahia360.com.br\/?cat=8\" rel=\"category\">Bahia<\/a> <a href=\"https:\/\/noticiasbahia360.com.br\/?cat=9\" rel=\"category\">Brasil<\/a> <a href=\"https:\/\/noticiasbahia360.com.br\/?cat=6\" rel=\"category\">Feira de Santana<\/a> <a href=\"https:\/\/noticiasbahia360.com.br\/?cat=57\" rel=\"category\">Mundo<\/a> <a href=\"https:\/\/noticiasbahia360.com.br\/?cat=56\" rel=\"category\">Pol\u00edcia<\/a> <a href=\"https:\/\/noticiasbahia360.com.br\/?cat=10\" rel=\"category\">Pol\u00edtica<\/a>","tag_info":"Pol\u00edtica","comment_count":"0","_links":{"self":[{"href":"https:\/\/noticiasbahia360.com.br\/index.php?rest_route=\/wp\/v2\/posts\/88889","targetHints":{"allow":["GET"]}}],"collection":[{"href":"https:\/\/noticiasbahia360.com.br\/index.php?rest_route=\/wp\/v2\/posts"}],"about":[{"href":"https:\/\/noticiasbahia360.com.br\/index.php?rest_route=\/wp\/v2\/types\/post"}],"author":[{"embeddable":true,"href":"https:\/\/noticiasbahia360.com.br\/index.php?rest_route=\/wp\/v2\/users\/1"}],"replies":[{"embeddable":true,"href":"https:\/\/noticiasbahia360.com.br\/index.php?rest_route=%2Fwp%2Fv2%2Fcomments&post=88889"}],"version-history":[{"count":0,"href":"https:\/\/noticiasbahia360.com.br\/index.php?rest_route=\/wp\/v2\/posts\/88889\/revisions"}],"wp:featuredmedia":[{"embeddable":true,"href":"https:\/\/noticiasbahia360.com.br\/index.php?rest_route=\/wp\/v2\/media\/88890"}],"wp:attachment":[{"href":"https:\/\/noticiasbahia360.com.br\/index.php?rest_route=%2Fwp%2Fv2%2Fmedia&parent=88889"}],"wp:term":[{"taxonomy":"category","embeddable":true,"href":"https:\/\/noticiasbahia360.com.br\/index.php?rest_route=%2Fwp%2Fv2%2Fcategories&post=88889"},{"taxonomy":"post_tag","embeddable":true,"href":"https:\/\/noticiasbahia360.com.br\/index.php?rest_route=%2Fwp%2Fv2%2Ftags&post=88889"}],"curies":[{"name":"wp","href":"https:\/\/api.w.org\/{rel}","templated":true}]}}