{"id":88891,"date":"2025-06-05T16:36:38","date_gmt":"2025-06-05T19:36:38","guid":{"rendered":"https:\/\/noticiasbahia360.com.br\/?p=88891"},"modified":"2025-06-05T16:36:38","modified_gmt":"2025-06-05T19:36:38","slug":"maior-empena-de-salvador-sera-pintada-pela-artista-indigena-yacuna-tuxa","status":"publish","type":"post","link":"https:\/\/noticiasbahia360.com.br\/?p=88891","title":{"rendered":"Maior empena de Salvador ser\u00e1 pintada pela artista ind\u00edgena Yacun\u00e3 Tux\u00e1"},"content":{"rendered":"<div>\n<div>\n<figure><img decoding=\"async\" src=\"http:\/\/noticiasbahia360.com.br\/wp-content\/uploads\/2025\/06\/Artista-indigena-Yacuna-Tuxa-2-050625.jpg\" alt=\"Yacun\u00e3 Tux\u00e1\"><figcaption>Foto: Reprodu\u00e7\u00e3o <\/figcaption><\/figure>\n<\/div>\n<p>A 4\u00aa edi\u00e7\u00e3o do Projeto Mural (Movimento Urbano de Arte Livre), est\u00e1 cheia de novidades. Esse ano, o evento conta, pela primeira vez, com a participa\u00e7\u00e3o de uma artista ind\u00edgena: Yacun\u00e3 Tux\u00e1, que integra o time de talentos selecionados para transformar paredes gigantes de Salvador, em verdadeiras galerias a c\u00e9u aberto, com obras de arte. Natural da aldeia Tux\u00e1, no norte da <a href=\"https:\/\/www.acordacidade.com.br\/tag\/bahia\/\">Bahia<\/a>, Yacun\u00e3, uma mulher ind\u00edgena, \u00e9 reconhecida por suas cria\u00e7\u00f5es que conectam elementos da ancestralidade ind\u00edgena com linguagens contempor\u00e2neas, trazendo visibilidade \u00e0 luta e \u00e0 cultura dos povos origin\u00e1rios.<\/p>\n<figure class=\"wp-block-image size-large\"><img fetchpriority=\"high\" data-dominant-color=\"292122\" data-has-transparency=\"false\" style=\"--dominant-color: #292122;\" fetchpriority=\"high\" decoding=\"async\" width=\"921\" height=\"768\" sizes=\"(max-width: 921px) 100vw, 921px\" src=\"http:\/\/noticiasbahia360.com.br\/wp-content\/uploads\/2025\/06\/6rMVKDZn-Artista-indigena-Yacuna-Tuxa-050625-921x768-1.webp\" alt=\"Maior empena de Salvador ser\u00e1 pintada pela artista ind\u00edgena Yacun\u00e3 Tux\u00e1 \" class=\"wp-image-562685 not-transparent\" srcset=\"https:\/\/uploads.acordacidade.com.br\/2025\/06\/6rMVKDZn-Artista-indigena-Yacuna-Tuxa-050625-438x365.webp 438w, http:\/\/noticiasbahia360.com.br\/wp-content\/uploads\/2025\/06\/6rMVKDZn-Artista-indigena-Yacuna-Tuxa-050625-921x768-1.webp 921w, https:\/\/uploads.acordacidade.com.br\/2025\/06\/6rMVKDZn-Artista-indigena-Yacuna-Tuxa-050625-663x553.webp 663w, https:\/\/uploads.acordacidade.com.br\/2025\/06\/6rMVKDZn-Artista-indigena-Yacuna-Tuxa-050625-150x125.webp 150w, https:\/\/uploads.acordacidade.com.br\/2025\/06\/6rMVKDZn-Artista-indigena-Yacuna-Tuxa-050625.webp 1200w\"><figcaption class=\"wp-element-caption\">Foto: Reprodu\u00e7\u00e3o <\/figcaption><\/figure>\n<p>O mural da artista, batizado de \u201cSomos Sementes\u201d, traz como objetivo a demarca\u00e7\u00e3o visual, a presen\u00e7a e a relev\u00e2ncia dos povos ind\u00edgenas, n\u00e3o apenas na cidade de Salvador, mas na contemporaneidade, no enfrentamento da crise clim\u00e1tica e os seus desdobramentos, na proposi\u00e7\u00e3o de um pa\u00eds mais plural, \u00e9tico e justo com os povos da terra \u2013 ind\u00edgenas, ribeirinhos, quilombolas, entre outros \u2013 e com a pr\u00f3pria natureza. Povo esse, que sofreu e sofre at\u00e9 hoje com a coloniza\u00e7\u00e3o e os seus desdobramentos. \u201cParticipar do Projeto Mural \u00e9 uma oportunidade de mostrar a for\u00e7a da arte de uma mulher ind\u00edgena, homossexual, ocupando novos espa\u00e7os, mantendo viva a nossa hist\u00f3ria e tradi\u00e7\u00e3o. O que proponho \u00e9 o reconhecimento da for\u00e7a dos povos ind\u00edgenas das comunidades, a sua relev\u00e2ncia e luta. Somos plurais, falantes de muitas l\u00ednguas, vindos de muitas partes.<\/p>\n<p>Salvador teve em sua funda\u00e7\u00e3o o nosso sangue e suor \u2013 mas hoje essa cidade abarca a nossa presen\u00e7a real e viva \u2013 transformadora. Esse mural \u00e9 demarca\u00e7\u00e3o da nossa presen\u00e7a, dos nossos saberes, jeito de ser, comer e beber, da nossa m\u00fasica, da nossa for\u00e7a e cura, da nossa arte e intelectualidade. Somos sementes dessa terra\u201d, declara Yacun\u00e3.<\/p>\n<figure class=\"wp-block-image size-large\"><img data-dominant-color=\"292322\" data-has-transparency=\"false\" style=\"--dominant-color: #292322;\" decoding=\"async\" width=\"785\" height=\"768\" sizes=\"(max-width: 785px) 100vw, 785px\" src=\"http:\/\/noticiasbahia360.com.br\/wp-content\/uploads\/2025\/06\/vc1qnhg3-Yacuna-Tuxa-785x768-1.webp\" alt=\"Yacun\u00e3 Tux\u00e1\" class=\"wp-image-562686 not-transparent\" srcset=\"https:\/\/uploads.acordacidade.com.br\/2025\/06\/vc1qnhg3-Yacuna-Tuxa-373x365.webp 373w, http:\/\/noticiasbahia360.com.br\/wp-content\/uploads\/2025\/06\/vc1qnhg3-Yacuna-Tuxa-785x768-1.webp 785w, https:\/\/uploads.acordacidade.com.br\/2025\/06\/vc1qnhg3-Yacuna-Tuxa-565x553.webp 565w, https:\/\/uploads.acordacidade.com.br\/2025\/06\/vc1qnhg3-Yacuna-Tuxa-150x147.webp 150w, https:\/\/uploads.acordacidade.com.br\/2025\/06\/vc1qnhg3-Yacuna-Tuxa.webp 1200w\"><figcaption class=\"wp-element-caption\">Foto: Reprodu\u00e7\u00e3o <\/figcaption><\/figure>\n<p>O mural vai retratar elementos que constroem visualmente a ideia de for\u00e7a, afeto e continuidade. Ao centro, a mulher ind\u00edgena com brincos de olhos de Guaran\u00e1, com a cabe\u00e7a coberta por folhas e no peito um grafismo do Povo Tux\u00e1, que marca a presen\u00e7a deles nas ilhas do Rio S\u00e3o Francisco. \u201cA mulher m\u00e3e com a crian\u00e7a de colo constr\u00f3i a ideia de afeto e continuidade. A casa que carrega na cabe\u00e7a \u00e9 para simbolizar algo simples para n\u00f3s: quando migramos, caminhamos, nos movemos \u2013 levamos a nossa casa conosco. Para n\u00f3s, ind\u00edgenas, a aldeia viva n\u00e3o sai de n\u00f3s. Essa mulher de olhos fortes n\u00e3o \u00e9 uma ancestral ou pessoa espec\u00edfica e, por isso, pode ser qualquer uma, pode se conectar com muitas mulheres ind\u00edgenas ancestrais e vivas\u201d, finaliza a muralista.<\/p>\n<p>Vale lembrar que, de acordo com o \u00faltimo censo do IBGE, Salvador \u00e9 a segunda capital com o maior n\u00famero de ind\u00edgenas do Brasil. \u201cEssa ser\u00e1 a maior empena j\u00e1 realizada em toda a capital, com 52 m de altura. O maior mural art\u00edstico de nossa cidade ser\u00e1 de uma artista mulher ind\u00edgena, isso \u00e9 muito simb\u00f3lico e potente. Al\u00e9m disso, o mural ser\u00e1 realizado em um dos pr\u00e9dios que se cadastraram atrav\u00e9s do nosso chamamento, que segue aberto a inscri\u00e7\u00f5es, para receber uma das obras propostas pelo projeto Mural e isso nos enche de orgulho\u201d, conta Vanessa Vieira, da Trevo Produ\u00e7\u00f5es, idealizadora do Mural.<\/p>\n<p>Al\u00e9m das interven\u00e7\u00f5es art\u00edsticas, o Projeto Mural, nesta edi\u00e7\u00e3o, j\u00e1 promoveu um festival, com exposi\u00e7\u00f5es, pain\u00e9is e debates, com programa\u00e7\u00e3o diversificada, oficinas e apresenta\u00e7\u00f5es culturais; al\u00e9m de uma feira de artes no \u00faltimo m\u00eas de mar\u00e7o, no Doca 1, no Com\u00e9rcio.<\/p>\n<p>A 4\u00aa edi\u00e7\u00e3o do Projeto Mural \u00e9 uma realiza\u00e7\u00e3o da Trevo Produ\u00e7\u00f5es, Funda\u00e7\u00e3o Greg\u00f3rio de Mattos \u2013 FGM, Secretaria Municipal de Cultura e Turismo \u2013 Secult, Secretaria Municipal da Fazenda \u2013 Sefaz, Prefeitura de Salvador, na modalidade doa\u00e7\u00e3o atrav\u00e9s do Programa Viva Cultura.<\/p>\n<p><em>Siga o Acorda Cidade no<\/em><a href=\"https:\/\/news.google.com\/search?q=acorda%20cidade&amp;hl=pt-BR&amp;gl=BR&amp;ceid=BR%3Apt-419\"><strong><em>\u00a0Google Not\u00edcias<\/em><\/strong><\/a><em>\u00a0e receba os principais destaques do dia. Participe tamb\u00e9m dos nossos canais no\u00a0<\/em><a href=\"https:\/\/whatsapp.com\/channel\/0029Va6Rb4v3WHTNnsh8WI3N\"><strong><em>WhatsApp<\/em><\/strong><\/a><em>\u00a0e\u00a0<\/em><a href=\"https:\/\/www.youtube.com\/@acordacidadenoticias\/videos\"><strong>Youtube<\/strong><\/a><em>\u00a0e grupo de\u00a0<\/em><a href=\"https:\/\/t.me\/+sSz0khrgARA0ZmRh\"><strong><em>Telegram<\/em><\/strong><\/a><em>.<\/em><\/p>\n<\/div>\n","protected":false},"excerpt":{"rendered":"<div>\n<div>\n<figure><img decoding=\"async\" src=\"https:\/\/uploads.acordacidade.com.br\/2025\/06\/Artista-indigena-Yacuna-Tuxa-2-050625.jpg\" alt=\"Yacun\u00e3 Tux\u00e1\"><figcaption>Foto: Reprodu\u00e7\u00e3o <\/figcaption><\/figure>\n<\/div>\n<p>O mural vai retratar elementos que constroem visualmente a ideia de for\u00e7a, afeto e continuidade.<\/p><\/div>\n","protected":false},"author":1,"featured_media":88892,"comment_status":"closed","ping_status":"closed","sticky":false,"template":"","format":"gallery","meta":{"footnotes":""},"categories":[8,9,6,57,56,10],"tags":[],"class_list":["post-88891","post","type-post","status-publish","format-gallery","has-post-thumbnail","hentry","category-bahia","category-brasil","category-feira-de-santana","category-mundo","category-policia","category-politica","post_format-post-format-gallery"],"featured_image_urls":{"full":["https:\/\/noticiasbahia360.com.br\/wp-content\/uploads\/2025\/06\/Artista-indigena-Yacuna-Tuxa-2-050625.jpg",1200,860,false],"thumbnail":["https:\/\/noticiasbahia360.com.br\/wp-content\/uploads\/2025\/06\/Artista-indigena-Yacuna-Tuxa-2-050625-150x150.jpg",150,150,true],"medium":["https:\/\/noticiasbahia360.com.br\/wp-content\/uploads\/2025\/06\/Artista-indigena-Yacuna-Tuxa-2-050625-300x215.jpg",300,215,true],"medium_large":["https:\/\/noticiasbahia360.com.br\/wp-content\/uploads\/2025\/06\/Artista-indigena-Yacuna-Tuxa-2-050625-768x550.jpg",640,458,true],"large":["https:\/\/noticiasbahia360.com.br\/wp-content\/uploads\/2025\/06\/Artista-indigena-Yacuna-Tuxa-2-050625-1024x734.jpg",640,459,true],"1536x1536":["https:\/\/noticiasbahia360.com.br\/wp-content\/uploads\/2025\/06\/Artista-indigena-Yacuna-Tuxa-2-050625.jpg",1200,860,false],"2048x2048":["https:\/\/noticiasbahia360.com.br\/wp-content\/uploads\/2025\/06\/Artista-indigena-Yacuna-Tuxa-2-050625.jpg",1200,860,false],"chromenews-featured":["https:\/\/noticiasbahia360.com.br\/wp-content\/uploads\/2025\/06\/Artista-indigena-Yacuna-Tuxa-2-050625-1024x734.jpg",1024,734,true],"chromenews-large":["https:\/\/noticiasbahia360.com.br\/wp-content\/uploads\/2025\/06\/Artista-indigena-Yacuna-Tuxa-2-050625-825x575.jpg",825,575,true],"chromenews-medium":["https:\/\/noticiasbahia360.com.br\/wp-content\/uploads\/2025\/06\/Artista-indigena-Yacuna-Tuxa-2-050625-590x410.jpg",590,410,true]},"author_info":{"display_name":"noticiasbahia360.com.br","author_link":"https:\/\/noticiasbahia360.com.br\/?author=1"},"category_info":"<a href=\"https:\/\/noticiasbahia360.com.br\/?cat=8\" rel=\"category\">Bahia<\/a> <a href=\"https:\/\/noticiasbahia360.com.br\/?cat=9\" rel=\"category\">Brasil<\/a> <a href=\"https:\/\/noticiasbahia360.com.br\/?cat=6\" rel=\"category\">Feira de Santana<\/a> <a href=\"https:\/\/noticiasbahia360.com.br\/?cat=57\" rel=\"category\">Mundo<\/a> <a href=\"https:\/\/noticiasbahia360.com.br\/?cat=56\" rel=\"category\">Pol\u00edcia<\/a> <a href=\"https:\/\/noticiasbahia360.com.br\/?cat=10\" rel=\"category\">Pol\u00edtica<\/a>","tag_info":"Pol\u00edtica","comment_count":"0","_links":{"self":[{"href":"https:\/\/noticiasbahia360.com.br\/index.php?rest_route=\/wp\/v2\/posts\/88891","targetHints":{"allow":["GET"]}}],"collection":[{"href":"https:\/\/noticiasbahia360.com.br\/index.php?rest_route=\/wp\/v2\/posts"}],"about":[{"href":"https:\/\/noticiasbahia360.com.br\/index.php?rest_route=\/wp\/v2\/types\/post"}],"author":[{"embeddable":true,"href":"https:\/\/noticiasbahia360.com.br\/index.php?rest_route=\/wp\/v2\/users\/1"}],"replies":[{"embeddable":true,"href":"https:\/\/noticiasbahia360.com.br\/index.php?rest_route=%2Fwp%2Fv2%2Fcomments&post=88891"}],"version-history":[{"count":0,"href":"https:\/\/noticiasbahia360.com.br\/index.php?rest_route=\/wp\/v2\/posts\/88891\/revisions"}],"wp:featuredmedia":[{"embeddable":true,"href":"https:\/\/noticiasbahia360.com.br\/index.php?rest_route=\/wp\/v2\/media\/88892"}],"wp:attachment":[{"href":"https:\/\/noticiasbahia360.com.br\/index.php?rest_route=%2Fwp%2Fv2%2Fmedia&parent=88891"}],"wp:term":[{"taxonomy":"category","embeddable":true,"href":"https:\/\/noticiasbahia360.com.br\/index.php?rest_route=%2Fwp%2Fv2%2Fcategories&post=88891"},{"taxonomy":"post_tag","embeddable":true,"href":"https:\/\/noticiasbahia360.com.br\/index.php?rest_route=%2Fwp%2Fv2%2Ftags&post=88891"}],"curies":[{"name":"wp","href":"https:\/\/api.w.org\/{rel}","templated":true}]}}