{"id":88897,"date":"2025-06-05T16:56:43","date_gmt":"2025-06-05T19:56:43","guid":{"rendered":"https:\/\/noticiasbahia360.com.br\/?p=88897"},"modified":"2025-06-05T16:56:43","modified_gmt":"2025-06-05T19:56:43","slug":"camara-recebe-projeto-que-propoe-isencao-de-multa-e-juros-para-contribuintes-em-debito-com-a-prefeitura","status":"publish","type":"post","link":"https:\/\/noticiasbahia360.com.br\/?p=88897","title":{"rendered":"C\u00e2mara recebe projeto que prop\u00f5e isen\u00e7\u00e3o de multa e juros para contribuintes em d\u00e9bito com a Prefeitura"},"content":{"rendered":"<div>\n<div>\n<figure><img decoding=\"async\" src=\"http:\/\/noticiasbahia360.com.br\/wp-content\/uploads\/2025\/06\/Camara-Municipal-Isencao-050625.jpg\" alt=\"C\u00e2mara recebe projeto que prop\u00f5e isen\u00e7\u00e3o de multa e juros para contribuintes em d\u00e9bito com a Prefeitura\"><figcaption>Foto: C\u00e2mara Municipal <\/figcaption><\/figure>\n<\/div>\n<p>Um projeto de lei do Executivo, que visa atenuar as dificuldades financeiras enfrentadas por contribuintes endividados com os tributos municipais, foi protocolado hoje (5), na <a href=\"https:\/\/www.acordacidade.com.br\/tag\/camara-municipal-de-feira-de-santana\/\">C\u00e2mara Municipal de Feira de Santana<\/a>, pelo secret\u00e1rio da Fazenda, Expedito Eloy. O representante do Governo foi recepcionado na Casa da Cidadania pelo presidente Marcos Lima (Uni\u00e3o) e pelo l\u00edder do Governo, Jos\u00e9 Carneiro (Uni\u00e3o).<\/p>\n<p>Expedito disse que, diante da realidade econ\u00f4mica, em que parte da popula\u00e7\u00e3o acumula d\u00e9bitos tribut\u00e1rios, o prefeito Jos\u00e9 Ronaldo \u201cse mostrou sens\u00edvel\u201d, apresentando uma proposta em que pede a autoriza\u00e7\u00e3o legislativa para isen\u00e7\u00e3o de juros e multas de todos os d\u00e9bitos de contribuintes junto \u00e0 Prefeitura, tanto de pessoas f\u00edsicas quanto jur\u00eddicas, de natureza tribut\u00e1ria ou n\u00e3o. No entanto, as multas de tr\u00e2nsito e aquelas relacionadas a infra\u00e7\u00f5es ambientais est\u00e3o exclu\u00eddas da anistia, conforme pontuou Expedito.<\/p>\n<p>Al\u00e9m disso, o chefe da pasta da Fazenda acrescentou que o Munic\u00edpio oferece alternativas para o pagamento das d\u00edvidas de forma parcelada. Pagamento \u00e0 vista est\u00e1 isento de encargos, enquanto parcelamentos em at\u00e9 12 vezes garantem uma redu\u00e7\u00e3o de 70% nos encargos. Para parcelas que variam de 3 a 24 meses, a diminui\u00e7\u00e3o \u00e9 de 50% e para prazos de 25 a 36 meses, a redu\u00e7\u00e3o \u00e9 de 30%. \u201cO projeto \u00e9 claro e acess\u00edvel, facilitando a compreens\u00e3o por parte dos cidad\u00e3os\u201d, diz o secret\u00e1rio.<\/p>\n<p>O l\u00edder do governo, Jos\u00e9 Carneiro, se pronunciou sobre a import\u00e2ncia do projeto. \u201cA C\u00e2mara tem recebido com seriedade as propostas do Executivo e este projeto espec\u00edfico \u00e9 um incentivo crucial para todas as empresas e cidad\u00e3os da cidade\u201d. Ele espera que a mat\u00e9ria seja imediatamente encaminhada \u00e0s comiss\u00f5es competentes, para, posteriormente, ser votada em plen\u00e1rio.<\/p>\n<p>Para o presidente da C\u00e2mara a a\u00e7\u00e3o demonstra a sensibilidade do prefeito: \u201c\u00c9 um projeto de relev\u00e2ncia, que d\u00e1 isen\u00e7\u00e3o de multas, juros e encargos para pessoas f\u00edsicas e jur\u00eddicas. Irei encaminhar este projeto imediatamente para as comiss\u00f5es e, em seguida, pautaremos para aprecia\u00e7\u00e3o dos nossos colegas vereadores, uma vez que este \u00e9 um tema de extrema import\u00e2ncia\u201d.<\/p>\n<p><em>As informa\u00e7\u00f5es s\u00e3o da C\u00e2mara Municipal de Feira de Santana<\/em><\/p>\n<p><em>Siga o Acorda Cidade no<\/em><a href=\"https:\/\/news.google.com\/search?q=acorda%20cidade&amp;hl=pt-BR&amp;gl=BR&amp;ceid=BR%3Apt-419\"><strong><em>\u00a0Google Not\u00edcias<\/em><\/strong><\/a><em>\u00a0e receba os principais destaques do dia. Participe tamb\u00e9m dos nossos canais no\u00a0<\/em><a href=\"https:\/\/whatsapp.com\/channel\/0029Va6Rb4v3WHTNnsh8WI3N\"><strong><em>WhatsApp<\/em><\/strong><\/a><em>\u00a0e\u00a0<\/em><a href=\"https:\/\/www.youtube.com\/@acordacidadenoticias\/videos\"><strong>Youtube<\/strong><\/a><em>\u00a0e grupo de\u00a0<\/em><a href=\"https:\/\/t.me\/+sSz0khrgARA0ZmRh\"><strong><em>Telegram<\/em><\/strong><\/a><em>.<\/em><\/p>\n<\/div>\n","protected":false},"excerpt":{"rendered":"<div>\n<div>\n<figure><img decoding=\"async\" src=\"https:\/\/uploads.acordacidade.com.br\/2025\/06\/Camara-Municipal-Isencao-050625.jpg\" alt=\"C\u00e2mara recebe projeto que prop\u00f5e isen\u00e7\u00e3o de multa e juros para contribuintes em d\u00e9bito com a Prefeitura\"><figcaption>Foto: C\u00e2mara Municipal <\/figcaption><\/figure>\n<\/div>\n<p>As multas de tr\u00e2nsito e aquelas relacionadas a infra\u00e7\u00f5es ambientais est\u00e3o exclu\u00eddas da anistia.<\/p><\/div>\n","protected":false},"author":1,"featured_media":88898,"comment_status":"closed","ping_status":"closed","sticky":false,"template":"","format":"gallery","meta":{"footnotes":""},"categories":[8,9,6,57,56,10],"tags":[],"class_list":["post-88897","post","type-post","status-publish","format-gallery","has-post-thumbnail","hentry","category-bahia","category-brasil","category-feira-de-santana","category-mundo","category-policia","category-politica","post_format-post-format-gallery"],"featured_image_urls":{"full":["https:\/\/noticiasbahia360.com.br\/wp-content\/uploads\/2025\/06\/Camara-Municipal-Isencao-050625.jpg",1200,661,false],"thumbnail":["https:\/\/noticiasbahia360.com.br\/wp-content\/uploads\/2025\/06\/Camara-Municipal-Isencao-050625-150x150.jpg",150,150,true],"medium":["https:\/\/noticiasbahia360.com.br\/wp-content\/uploads\/2025\/06\/Camara-Municipal-Isencao-050625-300x165.jpg",300,165,true],"medium_large":["https:\/\/noticiasbahia360.com.br\/wp-content\/uploads\/2025\/06\/Camara-Municipal-Isencao-050625-768x423.jpg",640,353,true],"large":["https:\/\/noticiasbahia360.com.br\/wp-content\/uploads\/2025\/06\/Camara-Municipal-Isencao-050625-1024x564.jpg",640,353,true],"1536x1536":["https:\/\/noticiasbahia360.com.br\/wp-content\/uploads\/2025\/06\/Camara-Municipal-Isencao-050625.jpg",1200,661,false],"2048x2048":["https:\/\/noticiasbahia360.com.br\/wp-content\/uploads\/2025\/06\/Camara-Municipal-Isencao-050625.jpg",1200,661,false],"chromenews-featured":["https:\/\/noticiasbahia360.com.br\/wp-content\/uploads\/2025\/06\/Camara-Municipal-Isencao-050625-1024x564.jpg",1024,564,true],"chromenews-large":["https:\/\/noticiasbahia360.com.br\/wp-content\/uploads\/2025\/06\/Camara-Municipal-Isencao-050625-825x575.jpg",825,575,true],"chromenews-medium":["https:\/\/noticiasbahia360.com.br\/wp-content\/uploads\/2025\/06\/Camara-Municipal-Isencao-050625-590x410.jpg",590,410,true]},"author_info":{"display_name":"noticiasbahia360.com.br","author_link":"https:\/\/noticiasbahia360.com.br\/?author=1"},"category_info":"<a href=\"https:\/\/noticiasbahia360.com.br\/?cat=8\" rel=\"category\">Bahia<\/a> <a href=\"https:\/\/noticiasbahia360.com.br\/?cat=9\" rel=\"category\">Brasil<\/a> <a href=\"https:\/\/noticiasbahia360.com.br\/?cat=6\" rel=\"category\">Feira de Santana<\/a> <a href=\"https:\/\/noticiasbahia360.com.br\/?cat=57\" rel=\"category\">Mundo<\/a> <a href=\"https:\/\/noticiasbahia360.com.br\/?cat=56\" rel=\"category\">Pol\u00edcia<\/a> <a href=\"https:\/\/noticiasbahia360.com.br\/?cat=10\" rel=\"category\">Pol\u00edtica<\/a>","tag_info":"Pol\u00edtica","comment_count":"0","_links":{"self":[{"href":"https:\/\/noticiasbahia360.com.br\/index.php?rest_route=\/wp\/v2\/posts\/88897","targetHints":{"allow":["GET"]}}],"collection":[{"href":"https:\/\/noticiasbahia360.com.br\/index.php?rest_route=\/wp\/v2\/posts"}],"about":[{"href":"https:\/\/noticiasbahia360.com.br\/index.php?rest_route=\/wp\/v2\/types\/post"}],"author":[{"embeddable":true,"href":"https:\/\/noticiasbahia360.com.br\/index.php?rest_route=\/wp\/v2\/users\/1"}],"replies":[{"embeddable":true,"href":"https:\/\/noticiasbahia360.com.br\/index.php?rest_route=%2Fwp%2Fv2%2Fcomments&post=88897"}],"version-history":[{"count":0,"href":"https:\/\/noticiasbahia360.com.br\/index.php?rest_route=\/wp\/v2\/posts\/88897\/revisions"}],"wp:featuredmedia":[{"embeddable":true,"href":"https:\/\/noticiasbahia360.com.br\/index.php?rest_route=\/wp\/v2\/media\/88898"}],"wp:attachment":[{"href":"https:\/\/noticiasbahia360.com.br\/index.php?rest_route=%2Fwp%2Fv2%2Fmedia&parent=88897"}],"wp:term":[{"taxonomy":"category","embeddable":true,"href":"https:\/\/noticiasbahia360.com.br\/index.php?rest_route=%2Fwp%2Fv2%2Fcategories&post=88897"},{"taxonomy":"post_tag","embeddable":true,"href":"https:\/\/noticiasbahia360.com.br\/index.php?rest_route=%2Fwp%2Fv2%2Ftags&post=88897"}],"curies":[{"name":"wp","href":"https:\/\/api.w.org\/{rel}","templated":true}]}} 