{"id":88899,"date":"2025-06-05T17:11:10","date_gmt":"2025-06-05T20:11:10","guid":{"rendered":"https:\/\/noticiasbahia360.com.br\/?p=88899"},"modified":"2025-06-05T17:11:10","modified_gmt":"2025-06-05T20:11:10","slug":"justica-determina-demolicao-de-passarela-do-colegio-helyos-em-feira-de-santana-escola-vai-recorrer","status":"publish","type":"post","link":"https:\/\/noticiasbahia360.com.br\/?p=88899","title":{"rendered":"Justi\u00e7a determina demoli\u00e7\u00e3o de passarela do Col\u00e9gio Helyos em Feira de Santana; escola vai recorrer"},"content":{"rendered":"<div>\n<div>\n<figure><img decoding=\"async\" src=\"http:\/\/noticiasbahia360.com.br\/wp-content\/uploads\/2025\/06\/N3dOFIrU-Colegio-Helyos-20230324.webp\" alt=\"Col\u00e9gio Helyos - Feira de Santana - passarela\"><figcaption>Foto: Ascom<\/figcaption><\/figure>\n<\/div>\n<p>O juiz Nunisvaldo dos Santos, da 2\u00aa Vara da Fazenda P\u00fablica de Feira de Santana, determinou a demoli\u00e7\u00e3o da passarela a\u00e9rea que liga os dois pr\u00e9dios do Col\u00e9gio Helyos, localizados sobre as ruas Castelo Branco e Riol\u00e2ndia, no bairro Santa M\u00f4nica. A decis\u00e3o foi publicada nesta quarta-feira (4) e atende a uma a\u00e7\u00e3o movida pelo <a href=\"https:\/\/www.acordacidade.com.br\/tag\/mpba\/\">Minist\u00e9rio P\u00fablico da Bahia (MP-BA)<\/a>. Ao Acorda Cidade, a dire\u00e7\u00e3o do Col\u00e9gio Helyos informou que vai recorrer da decis\u00e3o.<\/p>\n<p>De acordo com a senten\u00e7a, a estrutura foi constru\u00edda sem a devida licen\u00e7a pr\u00e9via, o que caracteriza, segundo o Minist\u00e9rio P\u00fablico, viola\u00e7\u00e3o \u00e0 ordem urban\u00edstica e ambiental do munic\u00edpio. Desde a constru\u00e7\u00e3o, h\u00e1 mais de dez anos, o caso \u00e9 discutido judicialmente.<\/p>\n<p>O juiz declarou nulo o Termo de Ajustamento de Conduta (TAC) firmado entre a institui\u00e7\u00e3o e o munic\u00edpio, por n\u00e3o observar os requisitos estabelecidos na Lei Complementar Municipal n\u00ba 118\/2018.<\/p>\n<p>Al\u00e9m da determina\u00e7\u00e3o de demoli\u00e7\u00e3o, que deve ser cumprida no prazo de 90 dias, sob pena de multa di\u00e1ria de R$ 2 mil, o Col\u00e9gio Helyos, atualmente registrado como Integra Patrimonial Ltda, foi condenado ao pagamento de R$ 100 mil por danos morais coletivos. O valor ser\u00e1 destinado ao Fundo Estadual do Meio Ambiente.<\/p>\n<p>A decis\u00e3o tamb\u00e9m atribui responsabilidade solid\u00e1ria ao munic\u00edpio de Feira de Santana, que alegou ilegitimidade passiva e aus\u00eancia de legisla\u00e7\u00e3o espec\u00edfica na \u00e9poca da constru\u00e7\u00e3o.<\/p>\n<p><em>Siga o Acorda Cidade no<\/em><a href=\"https:\/\/news.google.com\/search?q=acorda%20cidade&amp;hl=pt-BR&amp;gl=BR&amp;ceid=BR%3Apt-419\"><strong><em> Google Not\u00edcias<\/em><\/strong><\/a><em> e receba os principais destaques do dia. Participe tamb\u00e9m dos nossos canais no <\/em><a href=\"https:\/\/www.whatsapp.com\/channel\/0029Va6Rb4v3WHTNnsh8WI3N\"><strong><em>WhatsApp<\/em><\/strong><\/a><em> e <\/em><a href=\"https:\/\/www.youtube.com\/@acordacidadenoticias\/videos\"><strong>YouTube<\/strong><\/a><em> e grupo de <\/em><a href=\"https:\/\/t.me\/+sSz0khrgARA0ZmRh\"><strong><em>Telegram<\/em><\/strong><\/a><em>.<\/em><\/p>\n<\/div>\n","protected":false},"excerpt":{"rendered":"<div>\n<div>\n<figure><img decoding=\"async\" src=\"https:\/\/uploads.acordacidade.com.br\/2025\/06\/N3dOFIrU-Colegio-Helyos-20230324.webp\" alt=\"Col\u00e9gio Helyos - Feira de Santana - passarela\"><figcaption>Foto: Ascom<\/figcaption><\/figure>\n<\/div>\n<p>A decis\u00e3o tamb\u00e9m atribui responsabilidade solid\u00e1ria ao munic\u00edpio de Feira de Santana, que alegou ilegitimidade passiva e aus\u00eancia de legisla\u00e7\u00e3o espec\u00edfica.<\/p><\/div>\n","protected":false},"author":1,"featured_media":88900,"comment_status":"closed","ping_status":"closed","sticky":false,"template":"","format":"gallery","meta":{"footnotes":""},"categories":[8,9,6,57,56,10],"tags":[],"class_list":["post-88899","post","type-post","status-publish","format-gallery","has-post-thumbnail","hentry","category-bahia","category-brasil","category-feira-de-santana","category-mundo","category-policia","category-politica","post_format-post-format-gallery"],"featured_image_urls":{"full":["https:\/\/noticiasbahia360.com.br\/wp-content\/uploads\/2025\/06\/N3dOFIrU-Colegio-Helyos-20230324.webp",2048,1365,false],"thumbnail":["https:\/\/noticiasbahia360.com.br\/wp-content\/uploads\/2025\/06\/N3dOFIrU-Colegio-Helyos-20230324-150x150.webp",150,150,true],"medium":["https:\/\/noticiasbahia360.com.br\/wp-content\/uploads\/2025\/06\/N3dOFIrU-Colegio-Helyos-20230324-300x200.webp",300,200,true],"medium_large":["https:\/\/noticiasbahia360.com.br\/wp-content\/uploads\/2025\/06\/N3dOFIrU-Colegio-Helyos-20230324-768x512.webp",640,427,true],"large":["https:\/\/noticiasbahia360.com.br\/wp-content\/uploads\/2025\/06\/N3dOFIrU-Colegio-Helyos-20230324-1024x683.webp",640,427,true],"1536x1536":["https:\/\/noticiasbahia360.com.br\/wp-content\/uploads\/2025\/06\/N3dOFIrU-Colegio-Helyos-20230324-1536x1024.webp",1536,1024,true],"2048x2048":["https:\/\/noticiasbahia360.com.br\/wp-content\/uploads\/2025\/06\/N3dOFIrU-Colegio-Helyos-20230324.webp",2048,1365,false],"chromenews-featured":["https:\/\/noticiasbahia360.com.br\/wp-content\/uploads\/2025\/06\/N3dOFIrU-Colegio-Helyos-20230324-1024x683.webp",1024,683,true],"chromenews-large":["https:\/\/noticiasbahia360.com.br\/wp-content\/uploads\/2025\/06\/N3dOFIrU-Colegio-Helyos-20230324-825x575.webp",825,575,true],"chromenews-medium":["https:\/\/noticiasbahia360.com.br\/wp-content\/uploads\/2025\/06\/N3dOFIrU-Colegio-Helyos-20230324-590x410.webp",590,410,true]},"author_info":{"display_name":"noticiasbahia360.com.br","author_link":"https:\/\/noticiasbahia360.com.br\/?author=1"},"category_info":"<a href=\"https:\/\/noticiasbahia360.com.br\/?cat=8\" rel=\"category\">Bahia<\/a> <a href=\"https:\/\/noticiasbahia360.com.br\/?cat=9\" rel=\"category\">Brasil<\/a> <a href=\"https:\/\/noticiasbahia360.com.br\/?cat=6\" rel=\"category\">Feira de Santana<\/a> <a href=\"https:\/\/noticiasbahia360.com.br\/?cat=57\" rel=\"category\">Mundo<\/a> <a href=\"https:\/\/noticiasbahia360.com.br\/?cat=56\" rel=\"category\">Pol\u00edcia<\/a> <a href=\"https:\/\/noticiasbahia360.com.br\/?cat=10\" rel=\"category\">Pol\u00edtica<\/a>","tag_info":"Pol\u00edtica","comment_count":"0","_links":{"self":[{"href":"https:\/\/noticiasbahia360.com.br\/index.php?rest_route=\/wp\/v2\/posts\/88899","targetHints":{"allow":["GET"]}}],"collection":[{"href":"https:\/\/noticiasbahia360.com.br\/index.php?rest_route=\/wp\/v2\/posts"}],"about":[{"href":"https:\/\/noticiasbahia360.com.br\/index.php?rest_route=\/wp\/v2\/types\/post"}],"author":[{"embeddable":true,"href":"https:\/\/noticiasbahia360.com.br\/index.php?rest_route=\/wp\/v2\/users\/1"}],"replies":[{"embeddable":true,"href":"https:\/\/noticiasbahia360.com.br\/index.php?rest_route=%2Fwp%2Fv2%2Fcomments&post=88899"}],"version-history":[{"count":0,"href":"https:\/\/noticiasbahia360.com.br\/index.php?rest_route=\/wp\/v2\/posts\/88899\/revisions"}],"wp:featuredmedia":[{"embeddable":true,"href":"https:\/\/noticiasbahia360.com.br\/index.php?rest_route=\/wp\/v2\/media\/88900"}],"wp:attachment":[{"href":"https:\/\/noticiasbahia360.com.br\/index.php?rest_route=%2Fwp%2Fv2%2Fmedia&parent=88899"}],"wp:term":[{"taxonomy":"category","embeddable":true,"href":"https:\/\/noticiasbahia360.com.br\/index.php?rest_route=%2Fwp%2Fv2%2Fcategories&post=88899"},{"taxonomy":"post_tag","embeddable":true,"href":"https:\/\/noticiasbahia360.com.br\/index.php?rest_route=%2Fwp%2Fv2%2Ftags&post=88899"}],"curies":[{"name":"wp","href":"https:\/\/api.w.org\/{rel}","templated":true}]}}