{"id":88901,"date":"2025-06-05T17:11:29","date_gmt":"2025-06-05T20:11:29","guid":{"rendered":"https:\/\/noticiasbahia360.com.br\/?p=88901"},"modified":"2025-06-05T17:11:29","modified_gmt":"2025-06-05T20:11:29","slug":"trancistas-tem-profissao-oficialmente-reconhecida-pela-cbo","status":"publish","type":"post","link":"https:\/\/noticiasbahia360.com.br\/?p=88901","title":{"rendered":"Trancistas t\u00eam profiss\u00e3o oficialmente reconhecida pela CBO"},"content":{"rendered":"<div>\n<div>\n<figure><img decoding=\"async\" src=\"http:\/\/noticiasbahia360.com.br\/wp-content\/uploads\/2025\/06\/WhatsApp-Image-2025-06-05-at-151520.jpeg\" alt=\"Deputada Rog\u00e9ria Santos - Trancistas s\u00e3o reconhecidas oficialmente pela Classifica\u00e7\u00e3o Brasileira de Ocupa\u00e7\u00f5es\"><figcaption>Foto: Assessoria do Minist\u00e9rio do Trabalho<\/figcaption><\/figure>\n<\/div>\n<p>A deputada federal Rog\u00e9ria Santos (Republicanos-BA) celebrou uma importante conquista para as profissionais do tran\u00e7ado afro: a inclus\u00e3o da ocupa\u00e7\u00e3o de trancistas na Classifica\u00e7\u00e3o Brasileira de Ocupa\u00e7\u00f5es (CBO), do <a href=\"https:\/\/www.acordacidade.com.br\/tag\/ministerio-do-trabalho\/\">Minist\u00e9rio do Trabalho<\/a> e Emprego (MTE), sob o c\u00f3digo 5161-65. A medida representa um avan\u00e7o significativo no reconhecimento e valoriza\u00e7\u00e3o dessa atividade, que \u00e9 essencial para a cultura e a economia criativa do pa\u00eds, especialmente nas comunidades negras.<\/p>\n<p>O resultado \u00e9 fruto de um esfor\u00e7o coletivo e de uma solicita\u00e7\u00e3o formal feita anteriormente pela deputada ao ministro do Trabalho e Emprego, Luiz Marinho. Durante a agenda com o ministro, que tamb\u00e9m contou com a presen\u00e7a da vereadora Ireuda Silva (Republicanos), Rog\u00e9ria refor\u00e7ou a import\u00e2ncia de regulamentar a profiss\u00e3o, destacando a necessidade de garantir dignidade, seguran\u00e7a jur\u00eddica e direitos trabalhistas a milhares de mulheres \u2013 em sua maioria negras \u2013 que atuam no setor.<\/p>\n<figure class=\"wp-block-image size-full\"><img fetchpriority=\"high\" data-dominant-color=\"5d4f42\" data-has-transparency=\"false\" style=\"--dominant-color: #5d4f42;\" fetchpriority=\"high\" decoding=\"async\" width=\"800\" height=\"533\" sizes=\"(max-width: 800px) 100vw, 800px\" src=\"http:\/\/noticiasbahia360.com.br\/wp-content\/uploads\/2025\/06\/Tr916pEN-WhatsApp-Image-2025-06-05-at-151444.webp\" alt=\"Trancistas s\u00e3o reconhecidas oficialmente pela Classifica\u00e7\u00e3o Brasileira de Ocupa\u00e7\u00f5es\" class=\"wp-image-562748 not-transparent\" srcset=\"https:\/\/uploads.acordacidade.com.br\/2025\/06\/Tr916pEN-WhatsApp-Image-2025-06-05-at-15.14.44-548x365.webp 548w, https:\/\/uploads.acordacidade.com.br\/2025\/06\/Tr916pEN-WhatsApp-Image-2025-06-05-at-15.14.44-150x100.webp 150w, http:\/\/noticiasbahia360.com.br\/wp-content\/uploads\/2025\/06\/Tr916pEN-WhatsApp-Image-2025-06-05-at-151444.webp 800w\"><figcaption class=\"wp-element-caption\">Foto: Assessoria do Minist\u00e9rio do Trabalho<\/figcaption><\/figure>\n<p>Al\u00e9m da atua\u00e7\u00e3o junto ao minist\u00e9rio, Rog\u00e9ria Santos \u00e9 autora do Projeto de Lei n\u00ba 2831\/2024, que prop\u00f5e a regulamenta\u00e7\u00e3o da atividade de trancista em todo o territ\u00f3rio nacional. A proposta refor\u00e7a o compromisso do mandato com a valoriza\u00e7\u00e3o dessas profissionais e com a promo\u00e7\u00e3o da inclus\u00e3o produtiva, do empreendedorismo feminino e da igualdade racial.<\/p>\n<p>\u201c\u00c9 um passo fundamental para que essas profissionais sejam reconhecidas e respeitadas, n\u00e3o apenas culturalmente, mas tamb\u00e9m como trabalhadoras que movimentam a economia e promovem autoestima e identidade\u201d, afirmou a deputada.<\/p>\n<p>Com a inclus\u00e3o da atividade na CBO, abre-se caminho para a formaliza\u00e7\u00e3o do trabalho e a amplia\u00e7\u00e3o de oportunidades para milhares de trancistas em todo o Brasil.<\/p>\n<p><em>Siga o Acorda Cidade no<\/em><a href=\"https:\/\/news.google.com\/search?q=acorda%20cidade&amp;hl=pt-BR&amp;gl=BR&amp;ceid=BR%3Apt-419\"><strong><em> Google Not\u00edcias<\/em><\/strong><\/a><em> e receba os principais destaques do dia. Participe tamb\u00e9m dos nossos canais no <\/em><a href=\"https:\/\/whatsapp.com\/channel\/0029Va6Rb4v3WHTNnsh8WI3N\"><strong><em>WhatsApp<\/em><\/strong><\/a><em> e <\/em><a href=\"https:\/\/www.youtube.com\/@acordacidadenoticias\/videos\"><strong>Youtube<\/strong><\/a><em> e grupo de <\/em><a href=\"https:\/\/t.me\/+sSz0khrgARA0ZmRh\"><strong><em>Telegram<\/em><\/strong><\/a><em>.<\/em><\/p>\n<\/div>\n","protected":false},"excerpt":{"rendered":"<div>\n<div>\n<figure><img decoding=\"async\" src=\"https:\/\/uploads.acordacidade.com.br\/2025\/06\/WhatsApp-Image-2025-06-05-at-15.15.20.jpeg\" alt=\"Deputada Rog\u00e9ria Santos - Trancistas s\u00e3o reconhecidas oficialmente pela Classifica\u00e7\u00e3o Brasileira de Ocupa\u00e7\u00f5es\"><figcaption>Foto: Assessoria do Minist\u00e9rio do Trabalho<\/figcaption><\/figure>\n<\/div>\n<p>A inclus\u00e3o da profiss\u00e3o na Classifica\u00e7\u00e3o Brasileira de Ocupa\u00e7\u00f5es (CBO) foi solicitada pela Deputada Rog\u00e9ria Santos<\/p><\/div>\n","protected":false},"author":1,"featured_media":88902,"comment_status":"closed","ping_status":"closed","sticky":false,"template":"","format":"gallery","meta":{"footnotes":""},"categories":[8,9,6,57,56,10],"tags":[],"class_list":["post-88901","post","type-post","status-publish","format-gallery","has-post-thumbnail","hentry","category-bahia","category-brasil","category-feira-de-santana","category-mundo","category-policia","category-politica","post_format-post-format-gallery"],"featured_image_urls":{"full":["https:\/\/noticiasbahia360.com.br\/wp-content\/uploads\/2025\/06\/WhatsApp-Image-2025-06-05-at-151520.jpeg",800,533,false],"thumbnail":["https:\/\/noticiasbahia360.com.br\/wp-content\/uploads\/2025\/06\/WhatsApp-Image-2025-06-05-at-151520-150x150.jpeg",150,150,true],"medium":["https:\/\/noticiasbahia360.com.br\/wp-content\/uploads\/2025\/06\/WhatsApp-Image-2025-06-05-at-151520-300x200.jpeg",300,200,true],"medium_large":["https:\/\/noticiasbahia360.com.br\/wp-content\/uploads\/2025\/06\/WhatsApp-Image-2025-06-05-at-151520-768x512.jpeg",640,427,true],"large":["https:\/\/noticiasbahia360.com.br\/wp-content\/uploads\/2025\/06\/WhatsApp-Image-2025-06-05-at-151520.jpeg",640,426,false],"1536x1536":["https:\/\/noticiasbahia360.com.br\/wp-content\/uploads\/2025\/06\/WhatsApp-Image-2025-06-05-at-151520.jpeg",800,533,false],"2048x2048":["https:\/\/noticiasbahia360.com.br\/wp-content\/uploads\/2025\/06\/WhatsApp-Image-2025-06-05-at-151520.jpeg",800,533,false],"chromenews-featured":["https:\/\/noticiasbahia360.com.br\/wp-content\/uploads\/2025\/06\/WhatsApp-Image-2025-06-05-at-151520.jpeg",800,533,false],"chromenews-large":["https:\/\/noticiasbahia360.com.br\/wp-content\/uploads\/2025\/06\/WhatsApp-Image-2025-06-05-at-151520.jpeg",800,533,false],"chromenews-medium":["https:\/\/noticiasbahia360.com.br\/wp-content\/uploads\/2025\/06\/WhatsApp-Image-2025-06-05-at-151520-590x410.jpeg",590,410,true]},"author_info":{"display_name":"noticiasbahia360.com.br","author_link":"https:\/\/noticiasbahia360.com.br\/?author=1"},"category_info":"<a href=\"https:\/\/noticiasbahia360.com.br\/?cat=8\" rel=\"category\">Bahia<\/a> <a href=\"https:\/\/noticiasbahia360.com.br\/?cat=9\" rel=\"category\">Brasil<\/a> <a href=\"https:\/\/noticiasbahia360.com.br\/?cat=6\" rel=\"category\">Feira de Santana<\/a> <a href=\"https:\/\/noticiasbahia360.com.br\/?cat=57\" rel=\"category\">Mundo<\/a> <a href=\"https:\/\/noticiasbahia360.com.br\/?cat=56\" rel=\"category\">Pol\u00edcia<\/a> <a href=\"https:\/\/noticiasbahia360.com.br\/?cat=10\" rel=\"category\">Pol\u00edtica<\/a>","tag_info":"Pol\u00edtica","comment_count":"0","_links":{"self":[{"href":"https:\/\/noticiasbahia360.com.br\/index.php?rest_route=\/wp\/v2\/posts\/88901","targetHints":{"allow":["GET"]}}],"collection":[{"href":"https:\/\/noticiasbahia360.com.br\/index.php?rest_route=\/wp\/v2\/posts"}],"about":[{"href":"https:\/\/noticiasbahia360.com.br\/index.php?rest_route=\/wp\/v2\/types\/post"}],"author":[{"embeddable":true,"href":"https:\/\/noticiasbahia360.com.br\/index.php?rest_route=\/wp\/v2\/users\/1"}],"replies":[{"embeddable":true,"href":"https:\/\/noticiasbahia360.com.br\/index.php?rest_route=%2Fwp%2Fv2%2Fcomments&post=88901"}],"version-history":[{"count":0,"href":"https:\/\/noticiasbahia360.com.br\/index.php?rest_route=\/wp\/v2\/posts\/88901\/revisions"}],"wp:featuredmedia":[{"embeddable":true,"href":"https:\/\/noticiasbahia360.com.br\/index.php?rest_route=\/wp\/v2\/media\/88902"}],"wp:attachment":[{"href":"https:\/\/noticiasbahia360.com.br\/index.php?rest_route=%2Fwp%2Fv2%2Fmedia&parent=88901"}],"wp:term":[{"taxonomy":"category","embeddable":true,"href":"https:\/\/noticiasbahia360.com.br\/index.php?rest_route=%2Fwp%2Fv2%2Fcategories&post=88901"},{"taxonomy":"post_tag","embeddable":true,"href":"https:\/\/noticiasbahia360.com.br\/index.php?rest_route=%2Fwp%2Fv2%2Ftags&post=88901"}],"curies":[{"name":"wp","href":"https:\/\/api.w.org\/{rel}","templated":true}]}} 