{"id":88906,"date":"2025-06-05T19:04:42","date_gmt":"2025-06-05T22:04:42","guid":{"rendered":"https:\/\/noticiasbahia360.com.br\/?p=88906"},"modified":"2025-06-05T19:04:42","modified_gmt":"2025-06-05T22:04:42","slug":"policia-federal-cumpre-reintegracao-de-posse-em-area-de-conflito-no-sul-da-bahia","status":"publish","type":"post","link":"https:\/\/noticiasbahia360.com.br\/?p=88906","title":{"rendered":"Pol\u00edcia Federal cumpre reintegra\u00e7\u00e3o de posse em \u00e1rea de conflito no sul da Bahia"},"content":{"rendered":"<div>\n<div>\n<figure><img decoding=\"async\" src=\"http:\/\/noticiasbahia360.com.br\/wp-content\/uploads\/2025\/06\/UzAVBWRO-PF-reintegracao-de-posse-1-1.webp\" alt=\"Reintegra\u00e7\u00e3o de posse\"><figcaption>Foto: Pol\u00edcia Federal <\/figcaption><\/figure>\n<\/div>\n<p>Em a\u00e7\u00e3o conjunta, a Pol\u00edcia Federal, Pol\u00edcia Militar da Bahia (88\u00ba CIPM e Cipe \u2013 MA Caema), <a href=\"https:\/\/www.acordacidade.com.br\/tag\/policia-civil\/\">Pol\u00edcia Civil<\/a> da Bahia e a For\u00e7a Nacional deflagraram, nesta quinta-feira (5), uma opera\u00e7\u00e3o para possibilitar o cumprimento de Mandado de Reintegra\u00e7\u00e3o de Posse, determinado pela Justi\u00e7a Federal de Teixeira de Freitas.<\/p>\n<p>Logo nas primeiras horas do dia, o contingente policial se deslocou para a propriedade rural, nas proximidades do Parque Nacional e Hist\u00f3rico do Monte Pascoal, e ap\u00f3s as tratativas com a lideran\u00e7a do grupo ind\u00edgena no local, na presen\u00e7a de representantes da Funai, foram iniciados os trabalhos para a retirada dos animais que se encontravam no im\u00f3vel objeto do lit\u00edgio.<\/p>\n<figure class=\"wp-block-image size-large\"><img fetchpriority=\"high\" data-dominant-color=\"4b5042\" data-has-transparency=\"false\" style=\"--dominant-color: #4b5042;\" decoding=\"async\" width=\"1048\" height=\"768\" sizes=\"(max-width: 1048px) 100vw, 1048px\" src=\"http:\/\/noticiasbahia360.com.br\/wp-content\/uploads\/2025\/06\/tOi57gS7-PF-reintegracao-de-posse-1-1048x768-1.webp\" alt=\"- reintegra\u00e7\u00e3o de posse\" class=\"wp-image-562781 not-transparent\" srcset=\"https:\/\/uploads.acordacidade.com.br\/2025\/06\/tOi57gS7-PF-reintegracao-de-posse-1-498x365.webp 498w, http:\/\/noticiasbahia360.com.br\/wp-content\/uploads\/2025\/06\/tOi57gS7-PF-reintegracao-de-posse-1-1048x768-1.webp 1048w, https:\/\/uploads.acordacidade.com.br\/2025\/06\/tOi57gS7-PF-reintegracao-de-posse-1-755x553.webp 755w, https:\/\/uploads.acordacidade.com.br\/2025\/06\/tOi57gS7-PF-reintegracao-de-posse-1-150x110.webp 150w, https:\/\/uploads.acordacidade.com.br\/2025\/06\/tOi57gS7-PF-reintegracao-de-posse-1.webp 1200w\"><figcaption class=\"wp-element-caption\">Foto: Pol\u00edcia Federal <\/figcaption><\/figure>\n<p>Apesar do momento atual, onde o Extremo Sul da Bahia tem sido palco de constantes epis\u00f3dios por conflitos agr\u00e1rios entre ind\u00edgenas, produtores rurais e empres\u00e1rios da regi\u00e3o, as dilig\u00eancias no dia de hoje foram realizadas de forma pac\u00edfica e sem qualquer intercorr\u00eancia.<\/p>\n<p>A Pol\u00edcia Federal refor\u00e7a o compromisso com a sociedade e a Justi\u00e7a e se faz presente onde for necess\u00e1ria.<\/p>\n<figure class=\"wp-block-image size-large\"><img fetchpriority=\"high\" data-dominant-color=\"4b5042\" data-has-transparency=\"false\" style=\"--dominant-color: #4b5042;\" decoding=\"async\" width=\"1048\" height=\"768\" sizes=\"(max-width: 1048px) 100vw, 1048px\" src=\"http:\/\/noticiasbahia360.com.br\/wp-content\/uploads\/2025\/06\/tOi57gS7-PF-reintegracao-de-posse-1-1048x768-1.webp\" alt=\"- reintegra\u00e7\u00e3o de posse\" class=\"wp-image-562781 not-transparent\" srcset=\"https:\/\/uploads.acordacidade.com.br\/2025\/06\/tOi57gS7-PF-reintegracao-de-posse-1-498x365.webp 498w, http:\/\/noticiasbahia360.com.br\/wp-content\/uploads\/2025\/06\/tOi57gS7-PF-reintegracao-de-posse-1-1048x768-1.webp 1048w, https:\/\/uploads.acordacidade.com.br\/2025\/06\/tOi57gS7-PF-reintegracao-de-posse-1-755x553.webp 755w, https:\/\/uploads.acordacidade.com.br\/2025\/06\/tOi57gS7-PF-reintegracao-de-posse-1-150x110.webp 150w, https:\/\/uploads.acordacidade.com.br\/2025\/06\/tOi57gS7-PF-reintegracao-de-posse-1.webp 1200w\"><figcaption class=\"wp-element-caption\">Foto: Pol\u00edcia Federal <\/figcaption><\/figure>\n<p><em>Siga o Acorda Cidade no<\/em><a href=\"https:\/\/news.google.com\/search?q=acorda%20cidade&amp;hl=pt-BR&amp;gl=BR&amp;ceid=BR%3Apt-419\"><strong><em>\u00a0Google Not\u00edcias<\/em><\/strong><\/a><em>\u00a0e receba os principais destaques do dia. Participe tamb\u00e9m dos nossos canais no\u00a0<\/em><a href=\"https:\/\/www.whatsapp.com\/channel\/0029Va6Rb4v3WHTNnsh8WI3N\"><strong><em>WhatsApp<\/em><\/strong><\/a><em>\u00a0e\u00a0<\/em><a href=\"https:\/\/www.youtube.com\/@acordacidadenoticias\/videos\"><strong>YouTube<\/strong><\/a><em>\u00a0e grupo de\u00a0<\/em><a href=\"https:\/\/t.me\/+sSz0khrgARA0ZmRh\"><strong><em>Telegram<\/em><\/strong><\/a><em>.<\/em><\/p>\n<\/div>\n","protected":false},"excerpt":{"rendered":"<div>\n<div>\n<figure><img decoding=\"async\" src=\"https:\/\/uploads.acordacidade.com.br\/2025\/06\/UzAVBWRO-PF-reintegracao-de-posse-1-1.webp\" alt=\"Reintegra\u00e7\u00e3o de posse\"><figcaption>Foto: Pol\u00edcia Federal <\/figcaption><\/figure>\n<\/div>\n<p>Ap\u00f3s tratativas com a lideran\u00e7a do grupo ind\u00edgena no local, foram iniciados os trabalhos para a retirada dos animais que se encontravam no im\u00f3vel objeto do lit\u00edgio.<\/p><\/div>\n","protected":false},"author":1,"featured_media":88907,"comment_status":"closed","ping_status":"closed","sticky":false,"template":"","format":"gallery","meta":{"footnotes":""},"categories":[8,9,6,57,56,10],"tags":[],"class_list":["post-88906","post","type-post","status-publish","format-gallery","has-post-thumbnail","hentry","category-bahia","category-brasil","category-feira-de-santana","category-mundo","category-policia","category-politica","post_format-post-format-gallery"],"featured_image_urls":{"full":["https:\/\/noticiasbahia360.com.br\/wp-content\/uploads\/2025\/06\/UzAVBWRO-PF-reintegracao-de-posse-1-1.webp",1200,910,false],"thumbnail":["https:\/\/noticiasbahia360.com.br\/wp-content\/uploads\/2025\/06\/UzAVBWRO-PF-reintegracao-de-posse-1-1-150x150.webp",150,150,true],"medium":["https:\/\/noticiasbahia360.com.br\/wp-content\/uploads\/2025\/06\/UzAVBWRO-PF-reintegracao-de-posse-1-1-300x228.webp",300,228,true],"medium_large":["https:\/\/noticiasbahia360.com.br\/wp-content\/uploads\/2025\/06\/UzAVBWRO-PF-reintegracao-de-posse-1-1-768x582.webp",640,485,true],"large":["https:\/\/noticiasbahia360.com.br\/wp-content\/uploads\/2025\/06\/UzAVBWRO-PF-reintegracao-de-posse-1-1-1024x777.webp",640,486,true],"1536x1536":["https:\/\/noticiasbahia360.com.br\/wp-content\/uploads\/2025\/06\/UzAVBWRO-PF-reintegracao-de-posse-1-1.webp",1200,910,false],"2048x2048":["https:\/\/noticiasbahia360.com.br\/wp-content\/uploads\/2025\/06\/UzAVBWRO-PF-reintegracao-de-posse-1-1.webp",1200,910,false],"chromenews-featured":["https:\/\/noticiasbahia360.com.br\/wp-content\/uploads\/2025\/06\/UzAVBWRO-PF-reintegracao-de-posse-1-1-1024x777.webp",1024,777,true],"chromenews-large":["https:\/\/noticiasbahia360.com.br\/wp-content\/uploads\/2025\/06\/UzAVBWRO-PF-reintegracao-de-posse-1-1-825x575.webp",825,575,true],"chromenews-medium":["https:\/\/noticiasbahia360.com.br\/wp-content\/uploads\/2025\/06\/UzAVBWRO-PF-reintegracao-de-posse-1-1-590x410.webp",590,410,true]},"author_info":{"display_name":"noticiasbahia360.com.br","author_link":"https:\/\/noticiasbahia360.com.br\/?author=1"},"category_info":"<a href=\"https:\/\/noticiasbahia360.com.br\/?cat=8\" rel=\"category\">Bahia<\/a> <a href=\"https:\/\/noticiasbahia360.com.br\/?cat=9\" rel=\"category\">Brasil<\/a> <a href=\"https:\/\/noticiasbahia360.com.br\/?cat=6\" rel=\"category\">Feira de Santana<\/a> <a href=\"https:\/\/noticiasbahia360.com.br\/?cat=57\" rel=\"category\">Mundo<\/a> <a href=\"https:\/\/noticiasbahia360.com.br\/?cat=56\" rel=\"category\">Pol\u00edcia<\/a> <a href=\"https:\/\/noticiasbahia360.com.br\/?cat=10\" rel=\"category\">Pol\u00edtica<\/a>","tag_info":"Pol\u00edtica","comment_count":"0","_links":{"self":[{"href":"https:\/\/noticiasbahia360.com.br\/index.php?rest_route=\/wp\/v2\/posts\/88906","targetHints":{"allow":["GET"]}}],"collection":[{"href":"https:\/\/noticiasbahia360.com.br\/index.php?rest_route=\/wp\/v2\/posts"}],"about":[{"href":"https:\/\/noticiasbahia360.com.br\/index.php?rest_route=\/wp\/v2\/types\/post"}],"author":[{"embeddable":true,"href":"https:\/\/noticiasbahia360.com.br\/index.php?rest_route=\/wp\/v2\/users\/1"}],"replies":[{"embeddable":true,"href":"https:\/\/noticiasbahia360.com.br\/index.php?rest_route=%2Fwp%2Fv2%2Fcomments&post=88906"}],"version-history":[{"count":0,"href":"https:\/\/noticiasbahia360.com.br\/index.php?rest_route=\/wp\/v2\/posts\/88906\/revisions"}],"wp:featuredmedia":[{"embeddable":true,"href":"https:\/\/noticiasbahia360.com.br\/index.php?rest_route=\/wp\/v2\/media\/88907"}],"wp:attachment":[{"href":"https:\/\/noticiasbahia360.com.br\/index.php?rest_route=%2Fwp%2Fv2%2Fmedia&parent=88906"}],"wp:term":[{"taxonomy":"category","embeddable":true,"href":"https:\/\/noticiasbahia360.com.br\/index.php?rest_route=%2Fwp%2Fv2%2Fcategories&post=88906"},{"taxonomy":"post_tag","embeddable":true,"href":"https:\/\/noticiasbahia360.com.br\/index.php?rest_route=%2Fwp%2Fv2%2Ftags&post=88906"}],"curies":[{"name":"wp","href":"https:\/\/api.w.org\/{rel}","templated":true}]}}