{"id":88909,"date":"2025-06-05T19:04:53","date_gmt":"2025-06-05T22:04:53","guid":{"rendered":"https:\/\/noticiasbahia360.com.br\/?p=88909"},"modified":"2025-06-05T19:04:53","modified_gmt":"2025-06-05T22:04:53","slug":"orquestra-santo-antonio-faz-turne-gratuita-em-tres-cidades-do-semiarido-baiano","status":"publish","type":"post","link":"https:\/\/noticiasbahia360.com.br\/?p=88909","title":{"rendered":"Orquestra Santo Ant\u00f4nio faz turn\u00ea gratuita em tr\u00eas cidades do semi\u00e1rido baiano"},"content":{"rendered":"<div>\n<div>\n<figure><img decoding=\"async\" src=\"http:\/\/noticiasbahia360.com.br\/wp-content\/uploads\/2025\/06\/OSA-2-050625.jpg\" alt=\"Orquestra Santo Ant\u00f4nio faz turn\u00ea gratuita em tr\u00eas cidades do semi\u00e1rido baiano\"><figcaption>Foto: Retina Retinta\/ Divulga\u00e7\u00e3o<\/figcaption><\/figure>\n<\/div>\n<p>Reconhecida por unir excel\u00eancia musical e transforma\u00e7\u00e3o social, a Orquestra Santo Ant\u00f4nio (OSA) inicia em junho sua terceira turn\u00ea com concertos gratuitos em tr\u00eas cidades do semi\u00e1rido baiano. A circula\u00e7\u00e3o marca o in\u00edcio das comemora\u00e7\u00f5es pelos 18 anos de carreira do grupo e passar\u00e1 por Paulo Afonso (01\/06), Valente (10\/06) e Concei\u00e7\u00e3o do Coit\u00e9 (16\/06), cidade onde o projeto nasceu e mant\u00e9m sua sede.<\/p>\n<p>O grupo musical que ganhou as televis\u00f5es do <a href=\"https:\/\/www.acordacidade.com.br\/tag\/brasil\/\">Brasil<\/a> vai fazer mais do que um espet\u00e1culo musical. A terceira turn\u00ea da OSA oferece uma viv\u00eancia imersiva na cultura nordestina, com repert\u00f3rio formado exclusivamente por composi\u00e7\u00f5es brasileiras \u2013 incluindo autorais in\u00e9ditas, homenagens a mestres como Luiz Gonzaga e arranjos de Ricardo Herz,revelando as faces que um concerto pode assumir atrav\u00e9s de sons brasileiros.<\/p>\n<p>O p\u00fablico vai se emocionar ouvindo can\u00e7\u00f5es e assistindo proje\u00e7\u00f5es audiovisuais na tela, recurso usado pela primeira vez pela OSA com o objetivo de ampliar a experi\u00eancia sensorial dos participantes. Al\u00e9m disso, os concertos contam com medidas de acessibilidade como audiodescri\u00e7\u00e3o e int\u00e9rprete de LIBRAS.<\/p>\n<h2 class=\"wp-block-heading\" id=\"h-oficina-com-instrumentos\">Oficina com instrumentos<\/h2>\n<figure class=\"wp-block-image size-full\"><img fetchpriority=\"high\" data-dominant-color=\"927b5a\" data-has-transparency=\"false\" style=\"--dominant-color: #927b5a;\" fetchpriority=\"high\" decoding=\"async\" width=\"1200\" height=\"721\" sizes=\"(max-width: 1200px) 100vw, 1200px\" src=\"http:\/\/noticiasbahia360.com.br\/wp-content\/uploads\/2025\/06\/MtPOZotp-OSA-050625.webp\" alt=\"Orquestra Santo Ant\u00f4nio faz turn\u00ea gratuita em tr\u00eas cidades do semi\u00e1rido baiano\" class=\"wp-image-562749 not-transparent\" srcset=\"https:\/\/uploads.acordacidade.com.br\/2025\/06\/MtPOZotp-OSA-050625-607x365.webp 607w, https:\/\/uploads.acordacidade.com.br\/2025\/06\/MtPOZotp-OSA-050625-920x553.webp 920w, https:\/\/uploads.acordacidade.com.br\/2025\/06\/MtPOZotp-OSA-050625-150x90.webp 150w, http:\/\/noticiasbahia360.com.br\/wp-content\/uploads\/2025\/06\/MtPOZotp-OSA-050625.webp 1200w\"><figcaption class=\"wp-element-caption\">Foto: Anderson Ands\/ Divulga\u00e7\u00e3o<\/figcaption><\/figure>\n<p>A programa\u00e7\u00e3o da turn\u00ea inclui a oficina \u201cConhecendo os instrumentos musicais de uma orquestra\u201d, com intera\u00e7\u00e3o direta entre os m\u00fasicos e a comunidade. O p\u00fablico poder\u00e1 tirar d\u00favidas, experimentar instrumentos e conhecer de perto a rotina de quem vive da m\u00fasica. Para participar da atividade, \u00e9 necess\u00e1rio se inscrever <a href=\"https:\/\/docs.google.com\/forms\/d\/e\/1FAIpQLSfhPK8QW-jT_yKxbpyKb3_Hlqp2ZeZ34E7Mgd3fptg6KMI5hw\/viewform?pli=1\" target=\"_blank\" rel=\"noreferrer noopener\">atrav\u00e9s do formul\u00e1rio<\/a>.<\/p>\n<h2 class=\"wp-block-heading\" id=\"h-impacto\">Impacto<\/h2>\n<p>Ao todo, 15 m\u00fasicos com idades entre 16 e 30 anos embarcam na jornada art\u00edstica dedicada a mais de 250 mil pessoas \u2014 popula\u00e7\u00e3o estimada das cidades por onde vai circular. Todos os concertistas s\u00e3o naturais de Concei\u00e7\u00e3o do Coit\u00e9, na regi\u00e3o sisaleira da Bahia, a 224 Km de Salvador.<\/p>\n<p>A OSA mistura violino, cello e flauta com zabumba, tri\u00e2ngulo e at\u00e9 instrumentos constru\u00eddos artesanalmente com madeira de sisal. O resultado \u00e9 um som inusitado e profundamente conectado \u00e0s ra\u00edzes culturais da regi\u00e3o.<\/p>\n<p>A turn\u00ea conta com patroc\u00ednio do Sicoob, apoio do Instituto Cultural Alto da Colina e realiza\u00e7\u00e3o do Minist\u00e9rio da Cultura e Governo Federal, via Lei Rouanet.<\/p>\n<p>\u201cO Sicoob Coopere tem muito orgulho em apoiar a Orquestra Santo Ant\u00f4nio, um projeto que transforma vidas por meio da m\u00fasica, promove inclus\u00e3o social e fortalece a cultura local. Essa parceria est\u00e1 totalmente alinhada com nossos princ\u00edpios cooperativistas, ao unir as dimens\u00f5es cultural, social e de sustentabilidade, al\u00e9m de ter grande relev\u00e2ncia para o desenvolvimento da nossa regi\u00e3o\u201d, diz F\u00e1bio Sim\u00f5es Cunha, diretor executivo de neg\u00f3cios.<\/p>\n<p><strong>Turn\u00ea OSA: Uma Orquestra pela Estrada \u2013 Ano II<\/strong><\/p>\n<p><strong>Datas e locais:<br \/>Paulo Afonso<\/strong> \u2013 01 de junho, oficina \u00e0s 16h e concerto \u00e0s 20h, na Biblioteca Municipal<br \/><strong>Valente <\/strong>\u2013 10 de junho, concerto \u00e0s 19h e oficina \u00e0s 20h, na Casa da Cultura<br \/><strong>Concei\u00e7\u00e3o do Coit\u00e9<\/strong> \u2013 16 de junho, concerto \u00e0s 19h e oficina \u00e0s 20h, no Cineteatro Santo Ant\u00f4nio<br \/><strong>Todas as atividades s\u00e3o gratuitas. H\u00e1 necessidade de retirada de ingressos apenas para oficinas.<\/strong><\/p>\n<h2 class=\"wp-block-heading\" id=\"h-sobre-a-orquestra-santo-antonio\">Sobre a orquestra Santo Ant\u00f4nio <\/h2>\n<p>Fundada em 2007 a partir da doa\u00e7\u00e3o de instrumentos comprados com o valor arrecadado em uma feijoada beneficente nos Estados Unidos, a Orquestra Santo Ant\u00f4nio j\u00e1 formou mais de 150 crian\u00e7as e adolescentes, com diversos alunos hoje atuando como m\u00fasicos profissionais. Em seus 18 anos de hist\u00f3ria, a OSA acumula experi\u00eancias nacionais e internacionais, com apresenta\u00e7\u00f5es em Portugal, Estados Unidos, Fran\u00e7a e Mo\u00e7ambique.<\/p>\n<p>Reconhecida por sua atua\u00e7\u00e3o social e educacional, a OSA j\u00e1 se apresentou em programas como Jornal Nacional, Globo Rep\u00f3rter e Caldeir\u00e3o do Huck, al\u00e9m de conquistar pr\u00eamios como a Comenda de Honra ao M\u00e9rito Cultural da Bahia e o Pr\u00eamio Nacional de Empreendedorismo Social da Laureate Brasil.<\/p>\n<p>A partir do sucesso da orquestra, foi criado o Instituto Cultural Alto da Colina, que abriga outras iniciativas como a Orquestra Sisaleira, com instrumentos produzidos pelos pr\u00f3prios m\u00fasicos a partir do reaproveitamento da madeira do sisal, e a Orquestra das Meninas de Coit\u00e9, formada exclusivamente por mulheres da OSA e dedicada a composi\u00e7\u00f5es instrumentais de mulheres brasileiras.<\/p>\n<p><em>Siga o Acorda Cidade no<\/em><a href=\"https:\/\/news.google.com\/search?q=acorda%20cidade&amp;hl=pt-BR&amp;gl=BR&amp;ceid=BR%3Apt-419\"><strong><em>\u00a0Google Not\u00edcias<\/em><\/strong><\/a><em>\u00a0e receba os principais destaques do dia. Participe tamb\u00e9m dos nossos canais no\u00a0<\/em><a href=\"https:\/\/whatsapp.com\/channel\/0029Va6Rb4v3WHTNnsh8WI3N\"><strong><em>WhatsApp<\/em><\/strong><\/a><em>\u00a0e\u00a0<\/em><a href=\"https:\/\/www.youtube.com\/@acordacidadenoticias\/videos\"><strong>Youtube<\/strong><\/a><em>\u00a0e grupo de\u00a0<\/em><a href=\"https:\/\/t.me\/+sSz0khrgARA0ZmRh\"><strong><em>Telegram<\/em><\/strong><\/a><em>.<\/em><\/p>\n<\/div>\n","protected":false},"excerpt":{"rendered":"<div>\n<div>\n<figure><img decoding=\"async\" src=\"https:\/\/uploads.acordacidade.com.br\/2025\/06\/OSA-2-050625.jpg\" alt=\"Orquestra Santo Ant\u00f4nio faz turn\u00ea gratuita em tr\u00eas cidades do semi\u00e1rido baiano\"><figcaption>Foto: Retina Retinta\/ Divulga\u00e7\u00e3o<\/figcaption><\/figure>\n<\/div>\n<p>Concertos e oficinas gratuitos acontecem em Paulo Afonso, Valente e Concei\u00e7\u00e3o do Coit\u00e9 com repert\u00f3rio nordestino, instrumentos de sisal, proje\u00e7\u00f5es audiovisuais e acessibilidade.<\/p><\/div>\n","protected":false},"author":1,"featured_media":88910,"comment_status":"closed","ping_status":"closed","sticky":false,"template":"","format":"gallery","meta":{"footnotes":""},"categories":[8,9,6,57,56,10],"tags":[],"class_list":["post-88909","post","type-post","status-publish","format-gallery","has-post-thumbnail","hentry","category-bahia","category-brasil","category-feira-de-santana","category-mundo","category-policia","category-politica","post_format-post-format-gallery"],"featured_image_urls":{"full":["https:\/\/noticiasbahia360.com.br\/wp-content\/uploads\/2025\/06\/OSA-2-050625.jpg",1200,635,false],"thumbnail":["https:\/\/noticiasbahia360.com.br\/wp-content\/uploads\/2025\/06\/OSA-2-050625-150x150.jpg",150,150,true],"medium":["https:\/\/noticiasbahia360.com.br\/wp-content\/uploads\/2025\/06\/OSA-2-050625-300x159.jpg",300,159,true],"medium_large":["https:\/\/noticiasbahia360.com.br\/wp-content\/uploads\/2025\/06\/OSA-2-050625-768x406.jpg",640,338,true],"large":["https:\/\/noticiasbahia360.com.br\/wp-content\/uploads\/2025\/06\/OSA-2-050625-1024x542.jpg",640,339,true],"1536x1536":["https:\/\/noticiasbahia360.com.br\/wp-content\/uploads\/2025\/06\/OSA-2-050625.jpg",1200,635,false],"2048x2048":["https:\/\/noticiasbahia360.com.br\/wp-content\/uploads\/2025\/06\/OSA-2-050625.jpg",1200,635,false],"chromenews-featured":["https:\/\/noticiasbahia360.com.br\/wp-content\/uploads\/2025\/06\/OSA-2-050625-1024x542.jpg",1024,542,true],"chromenews-large":["https:\/\/noticiasbahia360.com.br\/wp-content\/uploads\/2025\/06\/OSA-2-050625-825x575.jpg",825,575,true],"chromenews-medium":["https:\/\/noticiasbahia360.com.br\/wp-content\/uploads\/2025\/06\/OSA-2-050625-590x410.jpg",590,410,true]},"author_info":{"display_name":"noticiasbahia360.com.br","author_link":"https:\/\/noticiasbahia360.com.br\/?author=1"},"category_info":"<a href=\"https:\/\/noticiasbahia360.com.br\/?cat=8\" rel=\"category\">Bahia<\/a> <a href=\"https:\/\/noticiasbahia360.com.br\/?cat=9\" rel=\"category\">Brasil<\/a> <a href=\"https:\/\/noticiasbahia360.com.br\/?cat=6\" rel=\"category\">Feira de Santana<\/a> <a href=\"https:\/\/noticiasbahia360.com.br\/?cat=57\" rel=\"category\">Mundo<\/a> <a href=\"https:\/\/noticiasbahia360.com.br\/?cat=56\" rel=\"category\">Pol\u00edcia<\/a> <a href=\"https:\/\/noticiasbahia360.com.br\/?cat=10\" rel=\"category\">Pol\u00edtica<\/a>","tag_info":"Pol\u00edtica","comment_count":"0","_links":{"self":[{"href":"https:\/\/noticiasbahia360.com.br\/index.php?rest_route=\/wp\/v2\/posts\/88909","targetHints":{"allow":["GET"]}}],"collection":[{"href":"https:\/\/noticiasbahia360.com.br\/index.php?rest_route=\/wp\/v2\/posts"}],"about":[{"href":"https:\/\/noticiasbahia360.com.br\/index.php?rest_route=\/wp\/v2\/types\/post"}],"author":[{"embeddable":true,"href":"https:\/\/noticiasbahia360.com.br\/index.php?rest_route=\/wp\/v2\/users\/1"}],"replies":[{"embeddable":true,"href":"https:\/\/noticiasbahia360.com.br\/index.php?rest_route=%2Fwp%2Fv2%2Fcomments&post=88909"}],"version-history":[{"count":0,"href":"https:\/\/noticiasbahia360.com.br\/index.php?rest_route=\/wp\/v2\/posts\/88909\/revisions"}],"wp:featuredmedia":[{"embeddable":true,"href":"https:\/\/noticiasbahia360.com.br\/index.php?rest_route=\/wp\/v2\/media\/88910"}],"wp:attachment":[{"href":"https:\/\/noticiasbahia360.com.br\/index.php?rest_route=%2Fwp%2Fv2%2Fmedia&parent=88909"}],"wp:term":[{"taxonomy":"category","embeddable":true,"href":"https:\/\/noticiasbahia360.com.br\/index.php?rest_route=%2Fwp%2Fv2%2Fcategories&post=88909"},{"taxonomy":"post_tag","embeddable":true,"href":"https:\/\/noticiasbahia360.com.br\/index.php?rest_route=%2Fwp%2Fv2%2Ftags&post=88909"}],"curies":[{"name":"wp","href":"https:\/\/api.w.org\/{rel}","templated":true}]}}