{"id":88912,"date":"2025-06-05T20:52:07","date_gmt":"2025-06-05T23:52:07","guid":{"rendered":"https:\/\/noticiasbahia360.com.br\/?p=88912"},"modified":"2025-06-05T20:52:07","modified_gmt":"2025-06-05T23:52:07","slug":"dia-do-meio-ambiente-estudantes-visitam-viveiro-educador-da-embasa","status":"publish","type":"post","link":"https:\/\/noticiasbahia360.com.br\/?p=88912","title":{"rendered":"Dia do Meio Ambiente: estudantes visitam Viveiro Educador da Embasa"},"content":{"rendered":"<div>\n<div>\n<figure><img decoding=\"async\" src=\"http:\/\/noticiasbahia360.com.br\/wp-content\/uploads\/2025\/06\/atividade_meioambiente_embasa_foto_neysilva_acordacidade.jpg\" alt=\"Evento Meio Ambiente na Embasa\"><figcaption>Foto: Ney Silva\/Acorda Cidade<\/figcaption><\/figure>\n<\/div>\n<p>Entre os dias 2 e 6 de junho, a Empresa Baiana de \u00c1guas e Abastecimento (Embasa) promove atividades educativas com escolas p\u00fablicas e privadas de Feira de Santana em comemora\u00e7\u00e3o \u00e0 semana do <a href=\"https:\/\/www.acordacidade.com.br\/tag\/meio-ambiente\/\">Meio Ambiente<\/a>. A programa\u00e7\u00e3o acontece no Viveiro Educador, um espa\u00e7o ambiental na empresa voltado \u00e0 produ\u00e7\u00e3o de mudas de esp\u00e9cies nativas para a recupera\u00e7\u00e3o de matas ciliares (regi\u00f5es de vegeta\u00e7\u00e3o nativa que se situam nas margens de rios) e \u00e1reas degradadas.<\/p>\n<p>Nesta quinta-feira, 5 de junho, que \u00e9 considerado o Dia Mundial do Meio Ambiente, a programa\u00e7\u00e3o foi com os alunos do 8\u00ba ano da Escola Municipal Jo\u00e3o Barbosa de Carvalho, que fica localizada no bairro Tanque da Na\u00e7\u00e3o. Na oportunidade os alunos puderam conhecer o funcionamento do viveiro, al\u00e9m de participar de diversas atividade l\u00fadicas com conte\u00fados voltados para a preserva\u00e7\u00e3o ambiental.<\/p>\n<figure class=\"wp-block-image size-large\"><img fetchpriority=\"high\" data-dominant-color=\"717578\" data-has-transparency=\"false\" style=\"--dominant-color: #717578;\" decoding=\"async\" width=\"1024\" height=\"768\" sizes=\"(max-width: 1024px) 100vw, 1024px\" src=\"http:\/\/noticiasbahia360.com.br\/wp-content\/uploads\/2025\/06\/Are9u8mg-atividade_meioambiente_embasa_foto_neysilva_acordacidade_2-1024x768-1.webp\" alt=\"Estudantes visitam Viveiro Educador da Embasa\" class=\"wp-image-562716 not-transparent\" srcset=\"https:\/\/uploads.acordacidade.com.br\/2025\/06\/Are9u8mg-atividade_meioambiente_embasa_foto_neysilva_acordacidade_2-487x365.webp 487w, http:\/\/noticiasbahia360.com.br\/wp-content\/uploads\/2025\/06\/Are9u8mg-atividade_meioambiente_embasa_foto_neysilva_acordacidade_2-1024x768-1.webp 1024w, https:\/\/uploads.acordacidade.com.br\/2025\/06\/Are9u8mg-atividade_meioambiente_embasa_foto_neysilva_acordacidade_2-737x553.webp 737w, https:\/\/uploads.acordacidade.com.br\/2025\/06\/Are9u8mg-atividade_meioambiente_embasa_foto_neysilva_acordacidade_2-150x113.webp 150w, https:\/\/uploads.acordacidade.com.br\/2025\/06\/Are9u8mg-atividade_meioambiente_embasa_foto_neysilva_acordacidade_2.webp 1200w\"><figcaption class=\"wp-element-caption\">Foto: Ney Silva\/Acorda Cidade<\/figcaption><\/figure>\n<p>A estudante Elo\u00e1 Napomuceno, participou da programa\u00e7\u00e3o, e expressou que conhecer a hist\u00f3ria e novas esp\u00e9cies de plantas foi enriquecedor. \u201cEu achei bem importante, ainda mais, sobre a fala do Pau Brasil, que \u00e9 bem conhecido. Achei bem interessante, porque \u00e9 algo que as pessoas n\u00e3o valorizam tanto hoje em dia, mas que faz parte sim da comunidade e \u00e9 algo que a gente respira.\u201d<\/p>\n<figure class=\"wp-block-image size-large\"><img data-dominant-color=\"7e8473\" data-has-transparency=\"false\" style=\"--dominant-color: #7e8473;\" decoding=\"async\" width=\"1024\" height=\"768\" sizes=\"(max-width: 1024px) 100vw, 1024px\" src=\"http:\/\/noticiasbahia360.com.br\/wp-content\/uploads\/2025\/06\/SAGzLpJw-eloanapomuceno_estudante_atividade_embasa_foto_neysilva_acordacidade-1024x768-1.webp\" alt=\"Estudantes visitam Viveiro Educador da Embasa\" class=\"wp-image-562703 not-transparent\" srcset=\"https:\/\/uploads.acordacidade.com.br\/2025\/06\/SAGzLpJw-eloanapomuceno_estudante_atividade_embasa_foto_neysilva_acordacidade-487x365.webp 487w, http:\/\/noticiasbahia360.com.br\/wp-content\/uploads\/2025\/06\/SAGzLpJw-eloanapomuceno_estudante_atividade_embasa_foto_neysilva_acordacidade-1024x768-1.webp 1024w, https:\/\/uploads.acordacidade.com.br\/2025\/06\/SAGzLpJw-eloanapomuceno_estudante_atividade_embasa_foto_neysilva_acordacidade-737x553.webp 737w, https:\/\/uploads.acordacidade.com.br\/2025\/06\/SAGzLpJw-eloanapomuceno_estudante_atividade_embasa_foto_neysilva_acordacidade-150x113.webp 150w, https:\/\/uploads.acordacidade.com.br\/2025\/06\/SAGzLpJw-eloanapomuceno_estudante_atividade_embasa_foto_neysilva_acordacidade.webp 1200w\"><figcaption class=\"wp-element-caption\">Elo\u00e1 Napomuceno \u2013 Foto: Ney Silva\/Acorda Cidade<\/figcaption><\/figure>\n<p>Elo\u00e1 destacou que n\u00e3o tinha conhecimento sobre a exist\u00eancia de muitas plantas. \u201cEu nunca tinha conhecido algumas e outras eu conhecia tipo pata de vaca, ip\u00ea amarelo. \u00c9 conhecido mas n\u00e3o sabia mais sobre os nomes. Achei bem interessante pra conhecer.\u201d<\/p>\n<p>Cindy Silva, assistente Social da Embasa, destacou o prop\u00f3sito da cria\u00e7\u00e3o do Viveiro Educador, que segundo ela existe na maior parte das unidades da empresa.<\/p>\n<figure class=\"wp-block-image size-large\"><img data-dominant-color=\"7a736a\" data-has-transparency=\"false\" style=\"--dominant-color: #7a736a;\" decoding=\"async\" width=\"1024\" height=\"768\" sizes=\"(max-width: 1024px) 100vw, 1024px\" src=\"http:\/\/noticiasbahia360.com.br\/wp-content\/uploads\/2025\/06\/uL0GakHG-cindysilva_assistentesocial_embasa_foto_neysilva_acordacidade-1024x768-1.webp\" alt=\"Estudantes visitam Viveiro Educador da Embasa\" class=\"wp-image-562698 not-transparent\" srcset=\"https:\/\/uploads.acordacidade.com.br\/2025\/06\/uL0GakHG-cindysilva_assistentesocial_embasa_foto_neysilva_acordacidade-487x365.webp 487w, http:\/\/noticiasbahia360.com.br\/wp-content\/uploads\/2025\/06\/uL0GakHG-cindysilva_assistentesocial_embasa_foto_neysilva_acordacidade-1024x768-1.webp 1024w, https:\/\/uploads.acordacidade.com.br\/2025\/06\/uL0GakHG-cindysilva_assistentesocial_embasa_foto_neysilva_acordacidade-737x553.webp 737w, https:\/\/uploads.acordacidade.com.br\/2025\/06\/uL0GakHG-cindysilva_assistentesocial_embasa_foto_neysilva_acordacidade-150x113.webp 150w, https:\/\/uploads.acordacidade.com.br\/2025\/06\/uL0GakHG-cindysilva_assistentesocial_embasa_foto_neysilva_acordacidade.webp 1200w\"><figcaption class=\"wp-element-caption\">Cindy Silva, assistente social da Embasa \u2013 Foto: Ney Silva\/Acorda Cidade<\/figcaption><\/figure>\n<p>\u201cNosso viveiro funciona desde 2022. Mas a gente intensificou o plantio durante esses anos para que a gente pudesse fazer doa\u00e7\u00e3o. Ent\u00e3o, do ano passado para c\u00e1, a gente j\u00e1 doou mais de 8 mil mudas. A gente prioriza institui\u00e7\u00f5es, escolas, ONGs e tamb\u00e9m as nossas nascentes, porque a gente faz a revitaliza\u00e7\u00e3o da mata ciliar com o que a gente planta aqui, elas s\u00e3o plantadas, e elas crescem e depois daqui a gente leva para poder fazer essa revitaliza\u00e7\u00e3o da mata ciliar.\u201d esclareceu Cindy.<\/p>\n<figure class=\"wp-block-image size-large\"><img loading=\"lazy\" data-dominant-color=\"727c60\" data-has-transparency=\"false\" style=\"--dominant-color: #727c60;\" decoding=\"async\" width=\"1024\" height=\"768\" sizes=\"(max-width: 1024px) 100vw, 1024px\" src=\"http:\/\/noticiasbahia360.com.br\/wp-content\/uploads\/2025\/06\/sqviazBt-plantio_atividade_meioambiente_embasa_foto_neysilva_acordacidade_1-1024x768-1.webp\" alt=\"Viveiro Educador da Embasa\" class=\"wp-image-562709 not-transparent\" srcset=\"https:\/\/uploads.acordacidade.com.br\/2025\/06\/sqviazBt-plantio_atividade_meioambiente_embasa_foto_neysilva_acordacidade_1-487x365.webp 487w, http:\/\/noticiasbahia360.com.br\/wp-content\/uploads\/2025\/06\/sqviazBt-plantio_atividade_meioambiente_embasa_foto_neysilva_acordacidade_1-1024x768-1.webp 1024w, https:\/\/uploads.acordacidade.com.br\/2025\/06\/sqviazBt-plantio_atividade_meioambiente_embasa_foto_neysilva_acordacidade_1-737x553.webp 737w, https:\/\/uploads.acordacidade.com.br\/2025\/06\/sqviazBt-plantio_atividade_meioambiente_embasa_foto_neysilva_acordacidade_1-150x113.webp 150w, https:\/\/uploads.acordacidade.com.br\/2025\/06\/sqviazBt-plantio_atividade_meioambiente_embasa_foto_neysilva_acordacidade_1.webp 1200w\"><figcaption class=\"wp-element-caption\">Viveiro Educador da Embasa \u2013 Foto: Ney Silva\/Acorda Cidade<\/figcaption><\/figure>\n<p>Segundo a assistente, as atividades com as escolas servem para que a comunidade tenha conhecimento sobre esse trabalho, e contam tamb\u00e9m com uma programa\u00e7\u00e3o audiovisual tratando de temas como responsabilidade social com o ambiente.<\/p>\n<p>\u201cA gente tem um Cine Debate, em que a gente apresenta um v\u00eddeo que fala sobre o meio ambiente e conversa com eles a respeito da responsabilidade de cada um sobre o meio ambiente. Depois do cinema a gente desce aqui para o viveiro educador, e aqui eles conhecem o que \u00e9 o viveiro, qual \u00e9 o objetivo, depois eles participam das brincadeiras. Jogo da mem\u00f3ria, tem uma roleta, tem um passa e repassa, e tem tamb\u00e9m a realidade virtual que est\u00e1 dando a possibilidade deles conhecerem a esta\u00e7\u00e3o de tratamento de \u00e1gua sem estar dentro da esta\u00e7\u00e3o de tratamento efetivamente.\u201d<\/p>\n<figure class=\"wp-block-image size-large\"><img loading=\"lazy\" data-dominant-color=\"818a93\" data-has-transparency=\"false\" style=\"--dominant-color: #818a93;\" decoding=\"async\" width=\"1024\" height=\"768\" sizes=\"(max-width: 1024px) 100vw, 1024px\" src=\"http:\/\/noticiasbahia360.com.br\/wp-content\/uploads\/2025\/06\/11Hll90o-atividade_meioambiente_embasa_foto_neysilva_acordacidade_-1024x768-1.webp\" alt=\"Evento Meio Ambiente na Embasa\" class=\"wp-image-562696 not-transparent\" srcset=\"https:\/\/uploads.acordacidade.com.br\/2025\/06\/11Hll90o-atividade_meioambiente_embasa_foto_neysilva_acordacidade_-487x365.webp 487w, http:\/\/noticiasbahia360.com.br\/wp-content\/uploads\/2025\/06\/11Hll90o-atividade_meioambiente_embasa_foto_neysilva_acordacidade_-1024x768-1.webp 1024w, https:\/\/uploads.acordacidade.com.br\/2025\/06\/11Hll90o-atividade_meioambiente_embasa_foto_neysilva_acordacidade_-737x553.webp 737w, https:\/\/uploads.acordacidade.com.br\/2025\/06\/11Hll90o-atividade_meioambiente_embasa_foto_neysilva_acordacidade_-150x113.webp 150w, https:\/\/uploads.acordacidade.com.br\/2025\/06\/11Hll90o-atividade_meioambiente_embasa_foto_neysilva_acordacidade_.webp 1200w\"><figcaption class=\"wp-element-caption\">Foto: Ney Silva\/Acorda Cidade<\/figcaption><\/figure>\n<p>Cindy explicou que qualquer pessoa pode adquirir uma muda, entrando em contato com a Embasa, por\u00e9m \u00e9 necess\u00e1rio ter um lugar adequado para a planta\u00e7\u00e3o, j\u00e1 que tratam-se de \u00e1rvores com um grande crescimento.<\/p>\n<p>\u201cS\u00e3o todas de grande porte porque elas s\u00e3o plantadas justamente para fazer revitaliza\u00e7\u00e3o nas nascentes, nos rios.\u00a0 A gente tem essa recomenda\u00e7\u00e3o, se voc\u00ea quiser levar, precisa ter uma \u00e1rea grande, seja uma ch\u00e1cara, uma ro\u00e7a ou algo do tipo que tenha realmente espa\u00e7o para ela poder crescer, porque ela vai ficar com 5, 6 metros e vai ficar bonita.\u201d<\/p>\n<p>Cindy explicou que algumas esp\u00e9cies s\u00e3o mais frequentemente plantadas no viveiro. \u201cA gente tem pata de vaca, pau ferro, sibipiruna, pau brasil, que \u00e9 uma das \u00e1rvores que mais demora para crescer, mas tamb\u00e9m \u00e9 lind\u00edssima, ip\u00eas e algumas outras. Todas elas com o objetivo de revitalizar e da gente poder mostrar que a Embasa tamb\u00e9m vai al\u00e9m somente do abastecimento de \u00e1gua e do esgotamento sanit\u00e1rio.\u201d informou \u00e0 reportagem do Acorda Cidade.<\/p>\n<figure class=\"wp-block-image size-large\"><img loading=\"lazy\" data-dominant-color=\"818a65\" data-has-transparency=\"false\" style=\"--dominant-color: #818a65;\" decoding=\"async\" width=\"1024\" height=\"768\" sizes=\"(max-width: 1024px) 100vw, 1024px\" src=\"http:\/\/noticiasbahia360.com.br\/wp-content\/uploads\/2025\/06\/p6Lt2f0K-plantio_atividade_meioambiente_embasa_foto_neysilva_acordacidade_-1024x768-1.webp\" alt=\"Viveiro Educador da Embasa\" class=\"wp-image-562708 not-transparent\" srcset=\"https:\/\/uploads.acordacidade.com.br\/2025\/06\/p6Lt2f0K-plantio_atividade_meioambiente_embasa_foto_neysilva_acordacidade_-487x365.webp 487w, http:\/\/noticiasbahia360.com.br\/wp-content\/uploads\/2025\/06\/p6Lt2f0K-plantio_atividade_meioambiente_embasa_foto_neysilva_acordacidade_-1024x768-1.webp 1024w, https:\/\/uploads.acordacidade.com.br\/2025\/06\/p6Lt2f0K-plantio_atividade_meioambiente_embasa_foto_neysilva_acordacidade_-737x553.webp 737w, https:\/\/uploads.acordacidade.com.br\/2025\/06\/p6Lt2f0K-plantio_atividade_meioambiente_embasa_foto_neysilva_acordacidade_-150x113.webp 150w, https:\/\/uploads.acordacidade.com.br\/2025\/06\/p6Lt2f0K-plantio_atividade_meioambiente_embasa_foto_neysilva_acordacidade_.webp 1200w\"><figcaption class=\"wp-element-caption\">Foto: Ney Silva\/Acorda Cidade<\/figcaption><\/figure>\n<p>A professora Taty Mendes, foi quem conduziu a turma ao local nesta manh\u00e3. Ela destacou que uma atividade t\u00e3o pr\u00e1tica como esta s\u00f3 refor\u00e7a positivamente o trabalho te\u00f3rico em sala de aula.<\/p>\n<p>\u201cHoje comemora-se o Dia Mundial do Meio Ambiente. Ent\u00e3o a gente trouxe para que eles pudessem conhecer na pr\u00e1tica, porque a gente geralmente fala na parte te\u00f3rica, n\u00e9?!\u201d<\/p>\n<figure class=\"wp-block-image size-large\"><img loading=\"lazy\" data-dominant-color=\"868a86\" data-has-transparency=\"false\" style=\"--dominant-color: #868a86;\" decoding=\"async\" width=\"980\" height=\"768\" sizes=\"(max-width: 980px) 100vw, 980px\" src=\"http:\/\/noticiasbahia360.com.br\/wp-content\/uploads\/2025\/06\/BmKAq7BM-professora_taty_mendes_atividade_embasa_foto_neysilva_acordacidade-980x768-1.webp\" alt=\"Estudantes visitam Viveiro Educador da Embasa\" class=\"wp-image-562702 not-transparent\" srcset=\"https:\/\/uploads.acordacidade.com.br\/2025\/06\/BmKAq7BM-professora_taty_mendes_atividade_embasa_foto_neysilva_acordacidade-466x365.webp 466w, http:\/\/noticiasbahia360.com.br\/wp-content\/uploads\/2025\/06\/BmKAq7BM-professora_taty_mendes_atividade_embasa_foto_neysilva_acordacidade-980x768-1.webp 980w, https:\/\/uploads.acordacidade.com.br\/2025\/06\/BmKAq7BM-professora_taty_mendes_atividade_embasa_foto_neysilva_acordacidade-706x553.webp 706w, https:\/\/uploads.acordacidade.com.br\/2025\/06\/BmKAq7BM-professora_taty_mendes_atividade_embasa_foto_neysilva_acordacidade-150x118.webp 150w, https:\/\/uploads.acordacidade.com.br\/2025\/06\/BmKAq7BM-professora_taty_mendes_atividade_embasa_foto_neysilva_acordacidade.webp 1200w\"><figcaption class=\"wp-element-caption\">Taty Mendes, professora \u2013 Foto: Ney Silva\/Acorda Cidade<\/figcaption><\/figure>\n<p>A professora relatou que o est\u00edmulo ao conhecimento ajuda a construir gera\u00e7\u00f5es conscientes sobre a preserva\u00e7\u00e3o.\u00a0<\/p>\n<p>\u201cS\u00e3o \u00e1rvores que t\u00eam v\u00e1rios biomas diferentes, e hoje na pr\u00e1tica eles puderam conhecer v\u00e1rias esp\u00e9cies de plantas, como plantar, teve tamb\u00e9m uma parte de v\u00eddeo, de conscientiza\u00e7\u00e3o em rela\u00e7\u00e3o \u00e0 preserva\u00e7\u00e3o, em rela\u00e7\u00e3o tamb\u00e9m \u00e0 reciclagem. Ent\u00e3o, assim, est\u00e1 sendo um momento muito rico, muito proveitoso, muito enriquecedor.\u201d finalizou.<\/p>\n<p>Outra estudante que ficou curiosa em rela\u00e7\u00e3o \u00e0s esp\u00e9cies de \u00e1rvores foi \u00c1gata Ferreira. \u201cEu achei legal, achei bem bonito. Eu gostei daquela planta ali, pata de vaca. Ela fica bem bonita quando cresce, as flores dela, que s\u00e3o rosas.\u201d declarou.<\/p>\n<figure class=\"wp-block-image size-large\"><img loading=\"lazy\" data-dominant-color=\"7c7c6d\" data-has-transparency=\"false\" style=\"--dominant-color: #7c7c6d;\" decoding=\"async\" width=\"1024\" height=\"768\" sizes=\"(max-width: 1024px) 100vw, 1024px\" src=\"http:\/\/noticiasbahia360.com.br\/wp-content\/uploads\/2025\/06\/sfyahFAz-agataferreira_estudante_atividade_embasa_foto_neysilva_acordacidade-1024x768-1.webp\" alt=\"Estudantes visitam Viveiro Educador da Embasa\" class=\"wp-image-562700 not-transparent\" srcset=\"https:\/\/uploads.acordacidade.com.br\/2025\/06\/sfyahFAz-agataferreira_estudante_atividade_embasa_foto_neysilva_acordacidade-487x365.webp 487w, http:\/\/noticiasbahia360.com.br\/wp-content\/uploads\/2025\/06\/sfyahFAz-agataferreira_estudante_atividade_embasa_foto_neysilva_acordacidade-1024x768-1.webp 1024w, https:\/\/uploads.acordacidade.com.br\/2025\/06\/sfyahFAz-agataferreira_estudante_atividade_embasa_foto_neysilva_acordacidade-737x553.webp 737w, https:\/\/uploads.acordacidade.com.br\/2025\/06\/sfyahFAz-agataferreira_estudante_atividade_embasa_foto_neysilva_acordacidade-150x113.webp 150w, https:\/\/uploads.acordacidade.com.br\/2025\/06\/sfyahFAz-agataferreira_estudante_atividade_embasa_foto_neysilva_acordacidade.webp 1200w\"><figcaption class=\"wp-element-caption\">\u00c1gata Ferreira, estudante \u2013 Foto: Ney Silva\/Acorda Cidade<\/figcaption><\/figure>\n<p>Ingrid Couto, estudante tamb\u00e9m do 8\u00ba ano da escola destacou que gostou de conhecer uma planta nativa que \u00e9 bem famosa, mas pouco vista no dia a dia. \u201cEu gostei de todas, o que eu mais gostei de conhecer foi o pau-brasil.\u00a0 Eu acho que a gente podia prestar mais aten\u00e7\u00e3o, prevenir o meio ambiente porque isso ajuda muito a gente.\u201d<\/p>\n<figure class=\"wp-block-image size-large\"><img loading=\"lazy\" data-dominant-color=\"7b7c6c\" data-has-transparency=\"false\" style=\"--dominant-color: #7b7c6c;\" decoding=\"async\" width=\"1024\" height=\"768\" sizes=\"(max-width: 1024px) 100vw, 1024px\" src=\"http:\/\/noticiasbahia360.com.br\/wp-content\/uploads\/2025\/06\/gXMXUXpN-ingrid_estudante_atividade_embasa_foto_neysilva_acordacidade-1024x768-1.webp\" alt=\"Estudantes visitam Viveiro Educador da Embasa\" class=\"wp-image-562699 not-transparent\" srcset=\"https:\/\/uploads.acordacidade.com.br\/2025\/06\/gXMXUXpN-ingrid_estudante_atividade_embasa_foto_neysilva_acordacidade-487x365.webp 487w, http:\/\/noticiasbahia360.com.br\/wp-content\/uploads\/2025\/06\/gXMXUXpN-ingrid_estudante_atividade_embasa_foto_neysilva_acordacidade-1024x768-1.webp 1024w, https:\/\/uploads.acordacidade.com.br\/2025\/06\/gXMXUXpN-ingrid_estudante_atividade_embasa_foto_neysilva_acordacidade-737x553.webp 737w, https:\/\/uploads.acordacidade.com.br\/2025\/06\/gXMXUXpN-ingrid_estudante_atividade_embasa_foto_neysilva_acordacidade-150x113.webp 150w, https:\/\/uploads.acordacidade.com.br\/2025\/06\/gXMXUXpN-ingrid_estudante_atividade_embasa_foto_neysilva_acordacidade.webp 1200w\"><figcaption class=\"wp-element-caption\">Ingrid Couto, estudante \u2013 Foto: Ney Silva\/Acorda Cidade<\/figcaption><\/figure>\n<p>A programa\u00e7\u00e3o ir\u00e1 at\u00e9 esta sexta-feira, quando outras duas escolas ser\u00e3o recebidas na Embasa para as atividades.<\/p>\n<p><em>Com informa\u00e7\u00f5es do rep\u00f3rter Ney Silva do Acorda Cidade<\/em><\/p>\n<p><em>Siga o Acorda Cidade no<\/em><a href=\"https:\/\/news.google.com\/search?q=acorda%20cidade&amp;hl=pt-BR&amp;gl=BR&amp;ceid=BR%3Apt-419\"><strong><em> Google Not\u00edcias<\/em><\/strong><\/a><em> e receba os principais destaques do dia. Participe tamb\u00e9m dos nossos canais no <\/em><a href=\"https:\/\/whatsapp.com\/channel\/0029Va6Rb4v3WHTNnsh8WI3N\"><strong><em>WhatsApp<\/em><\/strong><\/a><em> e <\/em><a href=\"https:\/\/www.youtube.com\/@acordacidadenoticias\/videos\"><strong>Youtube<\/strong><\/a><em> e grupo de <\/em><a href=\"https:\/\/t.me\/+sSz0khrgARA0ZmRh\"><strong><em>Telegram<\/em><\/strong><\/a><em>.<\/em><\/p>\n<\/div>\n","protected":false},"excerpt":{"rendered":"<div>\n<div>\n<figure><img decoding=\"async\" src=\"https:\/\/uploads.acordacidade.com.br\/2025\/06\/atividade_meioambiente_embasa_foto_neysilva_acordacidade.jpg\" alt=\"Evento Meio Ambiente na Embasa\"><figcaption>Foto: Ney Silva\/Acorda Cidade<\/figcaption><\/figure>\n<\/div>\n<p>Atividades com estudantes de escolas p\u00fablicas e privadas v\u00e3o at\u00e9 esta sexta-feira (6)<\/p><\/div>\n","protected":false},"author":1,"featured_media":88913,"comment_status":"closed","ping_status":"closed","sticky":false,"template":"","format":"gallery","meta":{"footnotes":""},"categories":[8,9,6,57,56,10],"tags":[],"class_list":["post-88912","post","type-post","status-publish","format-gallery","has-post-thumbnail","hentry","category-bahia","category-brasil","category-feira-de-santana","category-mundo","category-policia","category-politica","post_format-post-format-gallery"],"featured_image_urls":{"full":["https:\/\/noticiasbahia360.com.br\/wp-content\/uploads\/2025\/06\/atividade_meioambiente_embasa_foto_neysilva_acordacidade.jpg",1200,900,false],"thumbnail":["https:\/\/noticiasbahia360.com.br\/wp-content\/uploads\/2025\/06\/atividade_meioambiente_embasa_foto_neysilva_acordacidade-150x150.jpg",150,150,true],"medium":["https:\/\/noticiasbahia360.com.br\/wp-content\/uploads\/2025\/06\/atividade_meioambiente_embasa_foto_neysilva_acordacidade-300x225.jpg",300,225,true],"medium_large":["https:\/\/noticiasbahia360.com.br\/wp-content\/uploads\/2025\/06\/atividade_meioambiente_embasa_foto_neysilva_acordacidade-768x576.jpg",640,480,true],"large":["https:\/\/noticiasbahia360.com.br\/wp-content\/uploads\/2025\/06\/atividade_meioambiente_embasa_foto_neysilva_acordacidade-1024x768.jpg",640,480,true],"1536x1536":["https:\/\/noticiasbahia360.com.br\/wp-content\/uploads\/2025\/06\/atividade_meioambiente_embasa_foto_neysilva_acordacidade.jpg",1200,900,false],"2048x2048":["https:\/\/noticiasbahia360.com.br\/wp-content\/uploads\/2025\/06\/atividade_meioambiente_embasa_foto_neysilva_acordacidade.jpg",1200,900,false],"chromenews-featured":["https:\/\/noticiasbahia360.com.br\/wp-content\/uploads\/2025\/06\/atividade_meioambiente_embasa_foto_neysilva_acordacidade-1024x768.jpg",1024,768,true],"chromenews-large":["https:\/\/noticiasbahia360.com.br\/wp-content\/uploads\/2025\/06\/atividade_meioambiente_embasa_foto_neysilva_acordacidade-825x575.jpg",825,575,true],"chromenews-medium":["https:\/\/noticiasbahia360.com.br\/wp-content\/uploads\/2025\/06\/atividade_meioambiente_embasa_foto_neysilva_acordacidade-590x410.jpg",590,410,true]},"author_info":{"display_name":"noticiasbahia360.com.br","author_link":"https:\/\/noticiasbahia360.com.br\/?author=1"},"category_info":"<a href=\"https:\/\/noticiasbahia360.com.br\/?cat=8\" rel=\"category\">Bahia<\/a> <a href=\"https:\/\/noticiasbahia360.com.br\/?cat=9\" rel=\"category\">Brasil<\/a> <a href=\"https:\/\/noticiasbahia360.com.br\/?cat=6\" rel=\"category\">Feira de Santana<\/a> <a href=\"https:\/\/noticiasbahia360.com.br\/?cat=57\" rel=\"category\">Mundo<\/a> <a href=\"https:\/\/noticiasbahia360.com.br\/?cat=56\" rel=\"category\">Pol\u00edcia<\/a> <a href=\"https:\/\/noticiasbahia360.com.br\/?cat=10\" rel=\"category\">Pol\u00edtica<\/a>","tag_info":"Pol\u00edtica","comment_count":"0","_links":{"self":[{"href":"https:\/\/noticiasbahia360.com.br\/index.php?rest_route=\/wp\/v2\/posts\/88912","targetHints":{"allow":["GET"]}}],"collection":[{"href":"https:\/\/noticiasbahia360.com.br\/index.php?rest_route=\/wp\/v2\/posts"}],"about":[{"href":"https:\/\/noticiasbahia360.com.br\/index.php?rest_route=\/wp\/v2\/types\/post"}],"author":[{"embeddable":true,"href":"https:\/\/noticiasbahia360.com.br\/index.php?rest_route=\/wp\/v2\/users\/1"}],"replies":[{"embeddable":true,"href":"https:\/\/noticiasbahia360.com.br\/index.php?rest_route=%2Fwp%2Fv2%2Fcomments&post=88912"}],"version-history":[{"count":0,"href":"https:\/\/noticiasbahia360.com.br\/index.php?rest_route=\/wp\/v2\/posts\/88912\/revisions"}],"wp:featuredmedia":[{"embeddable":true,"href":"https:\/\/noticiasbahia360.com.br\/index.php?rest_route=\/wp\/v2\/media\/88913"}],"wp:attachment":[{"href":"https:\/\/noticiasbahia360.com.br\/index.php?rest_route=%2Fwp%2Fv2%2Fmedia&parent=88912"}],"wp:term":[{"taxonomy":"category","embeddable":true,"href":"https:\/\/noticiasbahia360.com.br\/index.php?rest_route=%2Fwp%2Fv2%2Fcategories&post=88912"},{"taxonomy":"post_tag","embeddable":true,"href":"https:\/\/noticiasbahia360.com.br\/index.php?rest_route=%2Fwp%2Fv2%2Ftags&post=88912"}],"curies":[{"name":"wp","href":"https:\/\/api.w.org\/{rel}","templated":true}]}}