{"id":88923,"date":"2025-06-05T20:52:33","date_gmt":"2025-06-05T23:52:33","guid":{"rendered":"https:\/\/noticiasbahia360.com.br\/?p=88923"},"modified":"2025-06-05T20:52:33","modified_gmt":"2025-06-05T23:52:33","slug":"a-fome-doi-mas-a-maior-fome-e-de-acolhimento-rede-de-apoio-leva-alimento-e-esperanca-a-mulheres-em-feira-de-santana","status":"publish","type":"post","link":"https:\/\/noticiasbahia360.com.br\/?p=88923","title":{"rendered":"\u201cA fome d\u00f3i, mas a maior fome \u00e9 de acolhimento\u201d: rede de apoio leva alimento e esperan\u00e7a a mulheres em Feira de Santana"},"content":{"rendered":"<div>\n<div>\n<figure><img decoding=\"async\" src=\"http:\/\/noticiasbahia360.com.br\/wp-content\/uploads\/2025\/06\/Quermesse-beneficente-arrecada-fundos-para-o-Dispensario-Santana-9.jpeg\" alt=\"Quermesse beneficente arrecada fundos para o Dispens\u00e1rio Santana\"><figcaption>Foto: Ed Santos\/Acorda Cidade<\/figcaption><\/figure>\n<\/div>\n<p>No <a href=\"https:\/\/www.acordacidade.com.br\/tag\/dispensario-santana\/\">Dispens\u00e1rio Santana<\/a>, a solidariedade se transforma em alimento, em abra\u00e7o e, sobretudo, em esperan\u00e7a. S\u00e3o, em m\u00e9dia, 750 mulheres que recebem semanalmente alimentos. \u201cA maior sede, a maior fome que essas mulheres sentem \u00e9 do acolhimento. \u00c9 de uma palavra, \u00e9 de um sorriso, \u00e9 saber que algu\u00e9m est\u00e1 olhando para elas\u201d, disse Irm\u00e3 Rosa, diretora da entidade que h\u00e1 d\u00e9cadas se dedica a acolher mulheres em situa\u00e7\u00e3o de vulnerabilidade social em Feira de Santana.<\/p>\n<p>O desabafo carrega a urg\u00eancia de quem v\u00ea, todos os dias, rostos marcados pela luta contra a fome, a viol\u00eancia e o abandono. Mulheres que chegam de todos os cantos da cidade \u2014 bairros como Aeroporto, Pampalona, Tomba, George Am\u00e9rico \u2014 em busca de alimento, mas, sobretudo, de amparo humano. \u00c9 essa lacuna que o Dispens\u00e1rio, junto com uma grande rede de apoio e a mobiliza\u00e7\u00e3o social, tenta preencher.<\/p>\n<figure class=\"wp-block-image size-large\"><img fetchpriority=\"high\" data-dominant-color=\"9e9a96\" data-has-transparency=\"false\" style=\"--dominant-color: #9e9a96;\" fetchpriority=\"high\" decoding=\"async\" width=\"1180\" height=\"768\" sizes=\"(max-width: 1180px) 100vw, 1180px\" src=\"http:\/\/noticiasbahia360.com.br\/wp-content\/uploads\/2025\/06\/ZhT3JyWC-Irma-rosa-ft-ed-santos-acorda-cidade-1180x768-1.webp\" alt=\"Irm\u00e3 rosa\" class=\"wp-image-562793 not-transparent\" srcset=\"https:\/\/uploads.acordacidade.com.br\/2025\/06\/ZhT3JyWC-Irma-rosa-ft-ed-santos-acorda-cidade-561x365.webp 561w, http:\/\/noticiasbahia360.com.br\/wp-content\/uploads\/2025\/06\/ZhT3JyWC-Irma-rosa-ft-ed-santos-acorda-cidade-1180x768-1.webp 1180w, https:\/\/uploads.acordacidade.com.br\/2025\/06\/ZhT3JyWC-Irma-rosa-ft-ed-santos-acorda-cidade-850x553.webp 850w, https:\/\/uploads.acordacidade.com.br\/2025\/06\/ZhT3JyWC-Irma-rosa-ft-ed-santos-acorda-cidade-150x98.webp 150w, https:\/\/uploads.acordacidade.com.br\/2025\/06\/ZhT3JyWC-Irma-rosa-ft-ed-santos-acorda-cidade.webp 1200w\"><figcaption class=\"wp-element-caption\">Irm\u00e3 Rosa | Foto: Ed Santos\/Acorda Cidade<\/figcaption><\/figure>\n<p>Para Irm\u00e3 Rosa, as <a href=\"https:\/\/www.acordacidade.com.br\/feira-de-santana\/deam-de-feira-de-santana-entrega-mais-de-400-cestas-basicas-em-campanha-contra-violencia-domestica\/\" target=\"_blank\" rel=\"noreferrer noopener\">mais de 400 cestas b\u00e1sicas entregues pela Delegacia Especializada de Atendimento \u00e0 Mulher (Deam) na \u00faltima quarta (4)<\/a>, fruto de uma campanha que nasceu ainda em mar\u00e7o, durante a 3\u00aa Caminhada de Combate \u00e0 Viol\u00eancia Contra a Mulher, foram fundamentais para o fortalecimento dessas mulheres em situa\u00e7\u00e3o de vulnerabilidade. A parceria com a pol\u00edcia se torna uma grande corrente cont\u00ednua de arrecada\u00e7\u00e3o e solidariedade que a institui\u00e7\u00e3o tenta manter.<\/p>\n<figure class=\"wp-block-image size-full\"><img data-dominant-color=\"918f8c\" data-has-transparency=\"false\" style=\"--dominant-color: #918f8c;\" decoding=\"async\" width=\"1200\" height=\"711\" sizes=\"(max-width: 1200px) 100vw, 1200px\" src=\"http:\/\/noticiasbahia360.com.br\/wp-content\/uploads\/2025\/06\/uKhpnTFb-Policia-Civl-e-sociedade-ft-ed-santos-acorda-cidade.webp\" alt=\"Pol\u00edcia Civil e sociedade\" class=\"wp-image-562789 not-transparent\" srcset=\"https:\/\/uploads.acordacidade.com.br\/2025\/06\/uKhpnTFb-Policia-Civl-e-sociedade-ft-ed-santos-acorda-cidade-616x365.webp 616w, https:\/\/uploads.acordacidade.com.br\/2025\/06\/uKhpnTFb-Policia-Civl-e-sociedade-ft-ed-santos-acorda-cidade-933x553.webp 933w, https:\/\/uploads.acordacidade.com.br\/2025\/06\/uKhpnTFb-Policia-Civl-e-sociedade-ft-ed-santos-acorda-cidade-150x89.webp 150w, http:\/\/noticiasbahia360.com.br\/wp-content\/uploads\/2025\/06\/uKhpnTFb-Policia-Civl-e-sociedade-ft-ed-santos-acorda-cidade.webp 1200w\"><figcaption class=\"wp-element-caption\">Foto: Ed Santos\/Acorda Cidade<\/figcaption><\/figure>\n<p>\u201cFoi uma b\u00ean\u00e7\u00e3o, chegou na hora certa. Eu ia come\u00e7ar a distribuir ontem, mas segurei um pouco para juntar mais e garantir que cada uma receba uma cesta igual a todos. E hoje eu j\u00e1 recebi um grande presente da Vipal Borrachas, que me presenteou tamb\u00e9m, dizendo que vai chegar alimento l\u00e1 para que eu possa distribuir. E eu estou com aquela alegria de celebrar um S\u00e3o Jo\u00e3o diferente na mesa dessas fam\u00edlias\u201d, contou Irm\u00e3 Rosa ao Acorda Cidade.<\/p>\n<p>Al\u00e9m da distribui\u00e7\u00e3o de alimentos, o Dispens\u00e1rio traz educa\u00e7\u00e3o e empoderamento por meio de atividades que promovem autonomia e fortalecimento pessoal. Bordado, pintura, momentos de ora\u00e7\u00e3o, escuta e partilha fazem parte da rotina delas. O objetivo \u00e9 acolher, mas tamb\u00e9m dar a elas um anzol, para que possam pescar o pr\u00f3prio peixe. \u201cA nossa miss\u00e3o \u00e9 humanizar e qualificar vidas na arte de amar e servir.\u201d<\/p>\n<figure class=\"wp-block-image size-full is-resized\"><img data-dominant-color=\"858788\" data-has-transparency=\"false\" decoding=\"async\" width=\"640\" height=\"360\" sizes=\"(max-width: 640px) 100vw, 640px\" src=\"http:\/\/noticiasbahia360.com.br\/wp-content\/uploads\/2025\/06\/vD3qi2Tj-Quermesse-beneficente-arrecada-fundos-para-o-Dispensario-Santana-2.webp\" alt=\"Quermesse beneficente arrecada fundos para o Dispens\u00e1rio Santana\" class=\"wp-image-480200 not-transparent\" style=\"--dominant-color: #858788; width:840px;height:auto\" srcset=\"https:\/\/uploads.acordacidade.com.br\/2024\/12\/vD3qi2Tj-Quermesse-beneficente-arrecada-fundos-para-o-Dispensario-Santana-2-150x84.webp 150w, http:\/\/noticiasbahia360.com.br\/wp-content\/uploads\/2025\/06\/vD3qi2Tj-Quermesse-beneficente-arrecada-fundos-para-o-Dispensario-Santana-2.webp 640w\"><figcaption class=\"wp-element-caption\">Foto: Ed Santos\/Acorda Cidade<\/figcaption><\/figure>\n<p>Ainda assim, a demanda supera os recursos. \u201cMe d\u00f3i ver aquela multid\u00e3o de mulheres no port\u00e3o do Dispens\u00e1rio buscando uma migalha, porque a gente n\u00e3o tem 750 cestas b\u00e1sicas toda semana. [\u2026] Eu agrade\u00e7o muito a quem tem essa iniciativa de lembrar dos mais carentes, de ter essa sensibilidade, de olhar para quem mais necessita, porque a fome d\u00f3i\u201d, desabafou.<\/p>\n<p>A delegada da Deam, Lorena Almeida, tamb\u00e9m esteve presente no momento de entrega das cestas. Ao Acorda Cidade, ela tamb\u00e9m falou sobre o trabalho da Civil no combate \u00e0 viol\u00eancia contra a mulher. \u201cEstamos aqui para dar o nosso melhor, n\u00f3s somos servidores p\u00fablicos. Estamos aqui para servir ao p\u00fablico, para desempenhar o nosso melhor papel, que \u00e9 o de atender as v\u00edtimas, entender o que elas precisam, investigar os crimes que est\u00e3o acontecendo e dar a devida resposta.\u201d<\/p>\n<figure class=\"wp-block-image size-large\"><img data-dominant-color=\"92908a\" data-has-transparency=\"false\" style=\"--dominant-color: #92908a;\" decoding=\"async\" width=\"1077\" height=\"768\" sizes=\"(max-width: 1077px) 100vw, 1077px\" src=\"http:\/\/noticiasbahia360.com.br\/wp-content\/uploads\/2025\/06\/czZJJ8c9-Delegada-Lorena-Almeida-ft-ed-santos-acorda-cidade-1077x768-1.webp\" alt=\"Delegada Lorena Almeida\" class=\"wp-image-562790 not-transparent\" srcset=\"https:\/\/uploads.acordacidade.com.br\/2025\/06\/czZJJ8c9-Delegada-Lorena-Almeida-ft-ed-santos-acorda-cidade-512x365.webp 512w, http:\/\/noticiasbahia360.com.br\/wp-content\/uploads\/2025\/06\/czZJJ8c9-Delegada-Lorena-Almeida-ft-ed-santos-acorda-cidade-1077x768-1.webp 1077w, https:\/\/uploads.acordacidade.com.br\/2025\/06\/czZJJ8c9-Delegada-Lorena-Almeida-ft-ed-santos-acorda-cidade-775x553.webp 775w, https:\/\/uploads.acordacidade.com.br\/2025\/06\/czZJJ8c9-Delegada-Lorena-Almeida-ft-ed-santos-acorda-cidade-150x107.webp 150w, https:\/\/uploads.acordacidade.com.br\/2025\/06\/czZJJ8c9-Delegada-Lorena-Almeida-ft-ed-santos-acorda-cidade.webp 1200w\"><figcaption class=\"wp-element-caption\">Lorena Almeida | Foto: Ed Santos\/Acorda Cidade<\/figcaption><\/figure>\n<h2 class=\"wp-block-heading\" id=\"h-uma-rede-que-salva-vidas\">Uma rede que salva vidas<\/h2>\n<p>Al\u00e9m do Dispens\u00e1rio, as doa\u00e7\u00f5es tamb\u00e9m foram destinadas ao Centro de Refer\u00eancia Maria Quit\u00e9ria (CRMQ), vinculado \u00e0 Secretaria Municipal de Pol\u00edticas para as Mulheres, que oferece acompanhamento psicol\u00f3gico, social, jur\u00eddico e apoio para mulheres v\u00edtimas de viol\u00eancia.<\/p>\n<p>A secret\u00e1ria Neinha Bastos ressaltou a import\u00e2ncia de fortalecer essa rede de prote\u00e7\u00e3o que acolhe mulheres, trabalha a autoestima, prepara para o mercado de trabalho e, quando necess\u00e1rio, faz o acolhimento fora da cidade, quando o risco de feminic\u00eddio \u00e9 iminente.<\/p>\n<figure class=\"wp-block-image size-large\"><img loading=\"lazy\" data-dominant-color=\"97928b\" data-has-transparency=\"false\" style=\"--dominant-color: #97928b;\" decoding=\"async\" width=\"1077\" height=\"768\" sizes=\"(max-width: 1077px) 100vw, 1077px\" src=\"http:\/\/noticiasbahia360.com.br\/wp-content\/uploads\/2025\/06\/p1CJ6j6I-Secretaria-de-mulheres-Neinha-Bastos-ft-ed-santos-acorda-cidade-1077x768-1.webp\" alt=\"Secret\u00e1ria de mulheres\" class=\"wp-image-562791 not-transparent\" srcset=\"https:\/\/uploads.acordacidade.com.br\/2025\/06\/p1CJ6j6I-Secretaria-de-mulheres-Neinha-Bastos-ft-ed-santos-acorda-cidade-512x365.webp 512w, http:\/\/noticiasbahia360.com.br\/wp-content\/uploads\/2025\/06\/p1CJ6j6I-Secretaria-de-mulheres-Neinha-Bastos-ft-ed-santos-acorda-cidade-1077x768-1.webp 1077w, https:\/\/uploads.acordacidade.com.br\/2025\/06\/p1CJ6j6I-Secretaria-de-mulheres-Neinha-Bastos-ft-ed-santos-acorda-cidade-775x553.webp 775w, https:\/\/uploads.acordacidade.com.br\/2025\/06\/p1CJ6j6I-Secretaria-de-mulheres-Neinha-Bastos-ft-ed-santos-acorda-cidade-150x107.webp 150w, https:\/\/uploads.acordacidade.com.br\/2025\/06\/p1CJ6j6I-Secretaria-de-mulheres-Neinha-Bastos-ft-ed-santos-acorda-cidade.webp 1200w\"><figcaption class=\"wp-element-caption\">Neinha Bastos | Foto: Ed Santos\/Acorda Cidade<\/figcaption><\/figure>\n<p>\u201cA mulher precisa entender. \u00c9 o seu marido, namorado, ficante, mas voc\u00ea precisa entender que tudo aquilo que \u00e9 imposto a voc\u00ea, que voc\u00ea n\u00e3o concorda, j\u00e1 \u00e9 uma viol\u00eancia. A secretaria tamb\u00e9m abrange essas mulheres que nos procuram e a gente sempre tem a vertente para poder fazer ela se sentir segura.\u201d<\/p>\n<h2 class=\"wp-block-heading\" id=\"h-violencia-em-feira-de-santana\">Viol\u00eancia em Feira de Santana<\/h2>\n<p>De acordo com a diretora do Departamento de Prote\u00e7\u00e3o \u00e0 Mulher, Cidadania e Vulner\u00e1veis (DPMCV), delegada Juliana Fontes, a m\u00e9dia de registros de agress\u00f5es contra mulheres em Feira de Santana chega a 250 ocorr\u00eancias por m\u00eas.<\/p>\n<figure class=\"wp-block-image size-large\"><img loading=\"lazy\" data-dominant-color=\"918f8a\" data-has-transparency=\"false\" style=\"--dominant-color: #918f8a;\" decoding=\"async\" width=\"1077\" height=\"768\" sizes=\"(max-width: 1077px) 100vw, 1077px\" src=\"http:\/\/noticiasbahia360.com.br\/wp-content\/uploads\/2025\/06\/yTBg6FZU-Delegada-Juliana-Fontes-ft-ed-santos-acorda-cidade-1077x768-1.webp\" alt=\"Delegada Juliana Fontes\" class=\"wp-image-562792 not-transparent\" srcset=\"https:\/\/uploads.acordacidade.com.br\/2025\/06\/yTBg6FZU-Delegada-Juliana-Fontes-ft-ed-santos-acorda-cidade-512x365.webp 512w, http:\/\/noticiasbahia360.com.br\/wp-content\/uploads\/2025\/06\/yTBg6FZU-Delegada-Juliana-Fontes-ft-ed-santos-acorda-cidade-1077x768-1.webp 1077w, https:\/\/uploads.acordacidade.com.br\/2025\/06\/yTBg6FZU-Delegada-Juliana-Fontes-ft-ed-santos-acorda-cidade-775x553.webp 775w, https:\/\/uploads.acordacidade.com.br\/2025\/06\/yTBg6FZU-Delegada-Juliana-Fontes-ft-ed-santos-acorda-cidade-150x107.webp 150w, https:\/\/uploads.acordacidade.com.br\/2025\/06\/yTBg6FZU-Delegada-Juliana-Fontes-ft-ed-santos-acorda-cidade.webp 1200w\"><figcaption class=\"wp-element-caption\">Juliana Fontes | Foto: Ed Santos\/Acorda Cidade<\/figcaption><\/figure>\n<p>\u201c\u00c9 um dado que preocupa. E a gente precisa, al\u00e9m de combater, prevenir. Por isso, a\u00e7\u00f5es como essa, que come\u00e7am com uma caminhada, se transformam em solidariedade, em cuidado, em aten\u00e7\u00e3o a quem mais precisa\u201d, destaca a delegada, que esteve na cidade para acompanhar a entrega dos alimentos e fortalecer as diretrizes da Deam de Feira.<\/p>\n<p>A diretora do DPMCV ainda lembra que, al\u00e9m dos registros, s\u00e3o produzidos mensalmente cerca de 40 inqu\u00e9ritos policiais, enviados \u00e0 Justi\u00e7a como resposta \u00e0 viol\u00eancia de g\u00eanero.<\/p>\n<h2 class=\"wp-block-heading\" id=\"h-dpmcv\">DPMCV<\/h2>\n<p>Criado em junho de 2023, o DPMCV \u00e9 um setor da Pol\u00edcia Civil da Bahia que coordena as delegacias que atuam na defesa de mulheres, crian\u00e7as, adolescentes, idosos e outros grupos vulner\u00e1veis. Al\u00e9m disso, tamb\u00e9m responde por crimes de intoler\u00e2ncia racial e religiosa, por meio da Delegacia de Combate aos Crimes de Intoler\u00e2ncia (Decrim), que funciona apenas em Salvador.<\/p>\n<p>O Departamento \u00e9 respons\u00e1vel por acompanhar, fortalecer e orientar o trabalho das 15 DEAMs no estado, al\u00e9m de outras unidades, como a Delegacia de Atendimento ao Idoso e a Delegacia Especial de Repress\u00e3o aos Crimes contra Crian\u00e7a e Adolescente. Segundo Juliana Fontes, o objetivo \u00e9 garantir que essas delegacias atuem de forma mais qualificada e humanizada, oferecendo acolhimento, investiga\u00e7\u00e3o e encaminhamentos adequados para quem mais precisa.<\/p>\n<p><em>Com informa\u00e7\u00f5es do rep\u00f3rter Ed Santos do Acorda Cidade<\/em><\/p>\n<p><strong>Leia tamb\u00e9m: <a href=\"https:\/\/www.acordacidade.com.br\/feira-de-santana\/deam-de-feira-de-santana-entrega-mais-de-400-cestas-basicas-em-campanha-contra-violencia-domestica\/\" target=\"_blank\" rel=\"noreferrer noopener\">Deam de Feira de Santana entrega mais de 400 cestas b\u00e1sicas em campanha contra viol\u00eancia dom\u00e9stica<\/a><\/strong><\/p>\n<p><em>Siga o Acorda Cidade no<\/em><a href=\"https:\/\/news.google.com\/search?q=acorda%20cidade&amp;hl=pt-BR&amp;gl=BR&amp;ceid=BR%3Apt-419\"><strong><em>\u00a0Google Not\u00edcias<\/em><\/strong><\/a><em>\u00a0e receba os principais destaques do dia. Participe tamb\u00e9m dos nossos canais no\u00a0<\/em><a href=\"https:\/\/www.whatsapp.com\/channel\/0029Va6Rb4v3WHTNnsh8WI3N\"><strong><em>WhatsApp<\/em><\/strong><\/a><em>\u00a0e\u00a0<\/em><a href=\"https:\/\/www.youtube.com\/@acordacidadenoticias\/videos\"><strong>YouTube<\/strong><\/a><em>\u00a0e grupo de\u00a0<\/em><a href=\"https:\/\/t.me\/+sSz0khrgARA0ZmRh\"><strong><em>Telegram<\/em><\/strong><\/a><em>.<\/em><\/p>\n<\/div>\n","protected":false},"excerpt":{"rendered":"<div>\n<div>\n<figure><img decoding=\"async\" src=\"https:\/\/uploads.acordacidade.com.br\/2024\/12\/Quermesse-beneficente-arrecada-fundos-para-o-Dispensario-Santana-9.jpeg\" alt=\"Quermesse beneficente arrecada fundos para o Dispens\u00e1rio Santana\"><figcaption>Foto: Ed Santos\/Acorda Cidade<\/figcaption><\/figure>\n<\/div>\n<p> \u201cA maior sede, a maior fome que essas mulheres sentem \u00e9 do acolhimento.&#8221; A frase foi dita por Irm\u00e3 Rosa, do Dispens\u00e1rio Santana.<\/p><\/div>\n","protected":false},"author":1,"featured_media":88924,"comment_status":"closed","ping_status":"closed","sticky":false,"template":"","format":"gallery","meta":{"footnotes":""},"categories":[8,9,6,57,56,10],"tags":[],"class_list":["post-88923","post","type-post","status-publish","format-gallery","has-post-thumbnail","hentry","category-bahia","category-brasil","category-feira-de-santana","category-mundo","category-policia","category-politica","post_format-post-format-gallery"],"featured_image_urls":{"full":["https:\/\/noticiasbahia360.com.br\/wp-content\/uploads\/2025\/06\/Quermesse-beneficente-arrecada-fundos-para-o-Dispensario-Santana-9.jpeg",640,360,false],"thumbnail":["https:\/\/noticiasbahia360.com.br\/wp-content\/uploads\/2025\/06\/Quermesse-beneficente-arrecada-fundos-para-o-Dispensario-Santana-9-150x150.jpeg",150,150,true],"medium":["https:\/\/noticiasbahia360.com.br\/wp-content\/uploads\/2025\/06\/Quermesse-beneficente-arrecada-fundos-para-o-Dispensario-Santana-9-300x169.jpeg",300,169,true],"medium_large":["https:\/\/noticiasbahia360.com.br\/wp-content\/uploads\/2025\/06\/Quermesse-beneficente-arrecada-fundos-para-o-Dispensario-Santana-9.jpeg",640,360,false],"large":["https:\/\/noticiasbahia360.com.br\/wp-content\/uploads\/2025\/06\/Quermesse-beneficente-arrecada-fundos-para-o-Dispensario-Santana-9.jpeg",640,360,false],"1536x1536":["https:\/\/noticiasbahia360.com.br\/wp-content\/uploads\/2025\/06\/Quermesse-beneficente-arrecada-fundos-para-o-Dispensario-Santana-9.jpeg",640,360,false],"2048x2048":["https:\/\/noticiasbahia360.com.br\/wp-content\/uploads\/2025\/06\/Quermesse-beneficente-arrecada-fundos-para-o-Dispensario-Santana-9.jpeg",640,360,false],"chromenews-featured":["https:\/\/noticiasbahia360.com.br\/wp-content\/uploads\/2025\/06\/Quermesse-beneficente-arrecada-fundos-para-o-Dispensario-Santana-9.jpeg",640,360,false],"chromenews-large":["https:\/\/noticiasbahia360.com.br\/wp-content\/uploads\/2025\/06\/Quermesse-beneficente-arrecada-fundos-para-o-Dispensario-Santana-9.jpeg",640,360,false],"chromenews-medium":["https:\/\/noticiasbahia360.com.br\/wp-content\/uploads\/2025\/06\/Quermesse-beneficente-arrecada-fundos-para-o-Dispensario-Santana-9-590x360.jpeg",590,360,true]},"author_info":{"display_name":"noticiasbahia360.com.br","author_link":"https:\/\/noticiasbahia360.com.br\/?author=1"},"category_info":"<a href=\"https:\/\/noticiasbahia360.com.br\/?cat=8\" rel=\"category\">Bahia<\/a> <a href=\"https:\/\/noticiasbahia360.com.br\/?cat=9\" rel=\"category\">Brasil<\/a> <a href=\"https:\/\/noticiasbahia360.com.br\/?cat=6\" rel=\"category\">Feira de Santana<\/a> <a href=\"https:\/\/noticiasbahia360.com.br\/?cat=57\" rel=\"category\">Mundo<\/a> <a href=\"https:\/\/noticiasbahia360.com.br\/?cat=56\" rel=\"category\">Pol\u00edcia<\/a> <a href=\"https:\/\/noticiasbahia360.com.br\/?cat=10\" rel=\"category\">Pol\u00edtica<\/a>","tag_info":"Pol\u00edtica","comment_count":"0","_links":{"self":[{"href":"https:\/\/noticiasbahia360.com.br\/index.php?rest_route=\/wp\/v2\/posts\/88923","targetHints":{"allow":["GET"]}}],"collection":[{"href":"https:\/\/noticiasbahia360.com.br\/index.php?rest_route=\/wp\/v2\/posts"}],"about":[{"href":"https:\/\/noticiasbahia360.com.br\/index.php?rest_route=\/wp\/v2\/types\/post"}],"author":[{"embeddable":true,"href":"https:\/\/noticiasbahia360.com.br\/index.php?rest_route=\/wp\/v2\/users\/1"}],"replies":[{"embeddable":true,"href":"https:\/\/noticiasbahia360.com.br\/index.php?rest_route=%2Fwp%2Fv2%2Fcomments&post=88923"}],"version-history":[{"count":0,"href":"https:\/\/noticiasbahia360.com.br\/index.php?rest_route=\/wp\/v2\/posts\/88923\/revisions"}],"wp:featuredmedia":[{"embeddable":true,"href":"https:\/\/noticiasbahia360.com.br\/index.php?rest_route=\/wp\/v2\/media\/88924"}],"wp:attachment":[{"href":"https:\/\/noticiasbahia360.com.br\/index.php?rest_route=%2Fwp%2Fv2%2Fmedia&parent=88923"}],"wp:term":[{"taxonomy":"category","embeddable":true,"href":"https:\/\/noticiasbahia360.com.br\/index.php?rest_route=%2Fwp%2Fv2%2Fcategories&post=88923"},{"taxonomy":"post_tag","embeddable":true,"href":"https:\/\/noticiasbahia360.com.br\/index.php?rest_route=%2Fwp%2Fv2%2Ftags&post=88923"}],"curies":[{"name":"wp","href":"https:\/\/api.w.org\/{rel}","templated":true}]}}