{"id":88935,"date":"2025-06-05T21:25:22","date_gmt":"2025-06-06T00:25:22","guid":{"rendered":"https:\/\/noticiasbahia360.com.br\/?p=88935"},"modified":"2025-06-05T21:25:22","modified_gmt":"2025-06-06T00:25:22","slug":"carreta-gera-transtorno-para-motoristas-na-br-116-veiculo-tombou-na-ultima-terca","status":"publish","type":"post","link":"https:\/\/noticiasbahia360.com.br\/?p=88935","title":{"rendered":"Carreta gera transtorno para motoristas na BR-116; ve\u00edculo tombou na \u00faltima ter\u00e7a"},"content":{"rendered":"<div>\n<div>\n<figure><img decoding=\"async\" src=\"http:\/\/noticiasbahia360.com.br\/wp-content\/uploads\/2025\/06\/carreta-tomba-br-116-foto-reproducao-blog-marcos-frahm.jpg\" alt=\"carreta tombada\"><figcaption>Foto: Reprodu\u00e7\u00e3o \/ Blog Marcos Frahm <\/figcaption><\/figure>\n<\/div>\n<p>O tombamento de uma carreta tem gerado diversos transtornos para condutores em um trecho da BR-116 entre os munic\u00edpios de Jaguaquara e Jequi\u00e9. O acidente com o ve\u00edculo aconteceu na ter\u00e7a-feira (3) e, at\u00e9 o in\u00edcio da noite desta quinta (5), a carreta permanece no local.<\/p>\n<p>Segundo o Blog do Marcos Frahm, parceiro do Acorda Cidade, muitos motoristas est\u00e3o reclamando do congestionamento que surge ao se aproximarem do local onde a carreta tombou.<\/p>\n<p>Ainda segundo o blog, a remo\u00e7\u00e3o de ve\u00edculos acidentados, bem como os servi\u00e7os de socorros mec\u00e2nico e m\u00e9dico na BR-116, tem ocorrido com lentid\u00e3o depois da sa\u00edda da Concession\u00e1ria ViaBahia.<\/p>\n<p><em>Siga o Acorda Cidade no<\/em><a href=\"https:\/\/news.google.com\/search?q=acorda%20cidade&amp;hl=pt-BR&amp;gl=BR&amp;ceid=BR%3Apt-419\"><strong><em>\u00a0Google Not\u00edcias<\/em><\/strong><\/a><em>\u00a0e receba os principais destaques do dia. Participe tamb\u00e9m dos nossos grupos no\u00a0<\/em><a href=\"https:\/\/chat.whatsapp.com\/GmuB0n1C0zz4wBRYfRDft2\"><strong><em>WhatsApp<\/em><\/strong><\/a><em>\u00a0e\u00a0<\/em><a href=\"https:\/\/t.me\/+sSz0khrgARA0ZmRh\"><strong><em>Telegram<\/em><\/strong><\/a><\/p>\n<\/div>\n","protected":false},"excerpt":{"rendered":"<div>\n<div>\n<figure><img decoding=\"async\" src=\"https:\/\/uploads.acordacidade.com.br\/2025\/06\/carreta-tomba-br-116-foto-reproducao-blog-marcos-frahm.jpg\" alt=\"carreta tombada\"><figcaption>Foto: Reprodu\u00e7\u00e3o \/ Blog Marcos Frahm <\/figcaption><\/figure>\n<\/div>\n<p>A remo\u00e7\u00e3o de ve\u00edculos acidentados na rodovia tem ocorrido com lentid\u00e3o depois da sa\u00edda da Concession\u00e1ria ViaBahia.<\/p><\/div>\n","protected":false},"author":1,"featured_media":88936,"comment_status":"closed","ping_status":"closed","sticky":false,"template":"","format":"gallery","meta":{"footnotes":""},"categories":[8,9,6,57,56,10],"tags":[],"class_list":["post-88935","post","type-post","status-publish","format-gallery","has-post-thumbnail","hentry","category-bahia","category-brasil","category-feira-de-santana","category-mundo","category-policia","category-politica","post_format-post-format-gallery"],"featured_image_urls":{"full":["https:\/\/noticiasbahia360.com.br\/wp-content\/uploads\/2025\/06\/carreta-tomba-br-116-foto-reproducao-blog-marcos-frahm.jpg",1200,900,false],"thumbnail":["https:\/\/noticiasbahia360.com.br\/wp-content\/uploads\/2025\/06\/carreta-tomba-br-116-foto-reproducao-blog-marcos-frahm-150x150.jpg",150,150,true],"medium":["https:\/\/noticiasbahia360.com.br\/wp-content\/uploads\/2025\/06\/carreta-tomba-br-116-foto-reproducao-blog-marcos-frahm-300x225.jpg",300,225,true],"medium_large":["https:\/\/noticiasbahia360.com.br\/wp-content\/uploads\/2025\/06\/carreta-tomba-br-116-foto-reproducao-blog-marcos-frahm-768x576.jpg",640,480,true],"large":["https:\/\/noticiasbahia360.com.br\/wp-content\/uploads\/2025\/06\/carreta-tomba-br-116-foto-reproducao-blog-marcos-frahm-1024x768.jpg",640,480,true],"1536x1536":["https:\/\/noticiasbahia360.com.br\/wp-content\/uploads\/2025\/06\/carreta-tomba-br-116-foto-reproducao-blog-marcos-frahm.jpg",1200,900,false],"2048x2048":["https:\/\/noticiasbahia360.com.br\/wp-content\/uploads\/2025\/06\/carreta-tomba-br-116-foto-reproducao-blog-marcos-frahm.jpg",1200,900,false],"chromenews-featured":["https:\/\/noticiasbahia360.com.br\/wp-content\/uploads\/2025\/06\/carreta-tomba-br-116-foto-reproducao-blog-marcos-frahm-1024x768.jpg",1024,768,true],"chromenews-large":["https:\/\/noticiasbahia360.com.br\/wp-content\/uploads\/2025\/06\/carreta-tomba-br-116-foto-reproducao-blog-marcos-frahm-825x575.jpg",825,575,true],"chromenews-medium":["https:\/\/noticiasbahia360.com.br\/wp-content\/uploads\/2025\/06\/carreta-tomba-br-116-foto-reproducao-blog-marcos-frahm-590x410.jpg",590,410,true]},"author_info":{"display_name":"noticiasbahia360.com.br","author_link":"https:\/\/noticiasbahia360.com.br\/?author=1"},"category_info":"<a href=\"https:\/\/noticiasbahia360.com.br\/?cat=8\" rel=\"category\">Bahia<\/a> <a href=\"https:\/\/noticiasbahia360.com.br\/?cat=9\" rel=\"category\">Brasil<\/a> <a href=\"https:\/\/noticiasbahia360.com.br\/?cat=6\" rel=\"category\">Feira de Santana<\/a> <a href=\"https:\/\/noticiasbahia360.com.br\/?cat=57\" rel=\"category\">Mundo<\/a> <a href=\"https:\/\/noticiasbahia360.com.br\/?cat=56\" rel=\"category\">Pol\u00edcia<\/a> <a href=\"https:\/\/noticiasbahia360.com.br\/?cat=10\" rel=\"category\">Pol\u00edtica<\/a>","tag_info":"Pol\u00edtica","comment_count":"0","_links":{"self":[{"href":"https:\/\/noticiasbahia360.com.br\/index.php?rest_route=\/wp\/v2\/posts\/88935","targetHints":{"allow":["GET"]}}],"collection":[{"href":"https:\/\/noticiasbahia360.com.br\/index.php?rest_route=\/wp\/v2\/posts"}],"about":[{"href":"https:\/\/noticiasbahia360.com.br\/index.php?rest_route=\/wp\/v2\/types\/post"}],"author":[{"embeddable":true,"href":"https:\/\/noticiasbahia360.com.br\/index.php?rest_route=\/wp\/v2\/users\/1"}],"replies":[{"embeddable":true,"href":"https:\/\/noticiasbahia360.com.br\/index.php?rest_route=%2Fwp%2Fv2%2Fcomments&post=88935"}],"version-history":[{"count":0,"href":"https:\/\/noticiasbahia360.com.br\/index.php?rest_route=\/wp\/v2\/posts\/88935\/revisions"}],"wp:featuredmedia":[{"embeddable":true,"href":"https:\/\/noticiasbahia360.com.br\/index.php?rest_route=\/wp\/v2\/media\/88936"}],"wp:attachment":[{"href":"https:\/\/noticiasbahia360.com.br\/index.php?rest_route=%2Fwp%2Fv2%2Fmedia&parent=88935"}],"wp:term":[{"taxonomy":"category","embeddable":true,"href":"https:\/\/noticiasbahia360.com.br\/index.php?rest_route=%2Fwp%2Fv2%2Fcategories&post=88935"},{"taxonomy":"post_tag","embeddable":true,"href":"https:\/\/noticiasbahia360.com.br\/index.php?rest_route=%2Fwp%2Fv2%2Ftags&post=88935"}],"curies":[{"name":"wp","href":"https:\/\/api.w.org\/{rel}","templated":true}]}}