{"id":88937,"date":"2025-06-05T21:30:57","date_gmt":"2025-06-06T00:30:57","guid":{"rendered":"https:\/\/noticiasbahia360.com.br\/?p=88937"},"modified":"2025-06-05T21:30:57","modified_gmt":"2025-06-06T00:30:57","slug":"carro-colide-com-boi-e-fica-com-a-frente-destruida-moradores-relatam-perigo","status":"publish","type":"post","link":"https:\/\/noticiasbahia360.com.br\/?p=88937","title":{"rendered":"Carro colide com boi e fica com a frente destru\u00edda; moradores relatam perigo"},"content":{"rendered":"<div>\n<div>\n<figure><img decoding=\"async\" src=\"http:\/\/noticiasbahia360.com.br\/wp-content\/uploads\/2025\/06\/Carro-colide-com-boi-e-fica-com-a-frente-destruida-moradores-relatam-perigo-.jpg\" alt=\"Carro colide com boi e fica com a frente destru\u00edda; moradores relatam perigo\"><figcaption>Foto: Acorda Cidade<\/figcaption><\/figure>\n<\/div>\n<p>Um carro colidiu com um boi, por volta das 18h desta quinta-feira (5) na avenida Doutor Silvio Matos, no bairro SIM, em <a href=\"https:\/\/www.acordacidade.com.br\/feira-de-santana\/\">Feira de Santana<\/a>. Com o impacto da batida, a frente do ve\u00edculo ficou totalmente destru\u00edda. N\u00e3o h\u00e1 informa\u00e7\u00f5es sobre feridos.<\/p>\n<p>A avenida \u00e9 via de acesso para diversos condom\u00ednios do bairro. Com a colis\u00e3o, a estrada ficou congestionada e v\u00e1rios ve\u00edculos retornaram para pegar outras ruas, a exemplo da <a href=\"https:\/\/www.acordacidade.com.br\/tag\/artemia-pires\/\">Art\u00eamia Pires<\/a>.<\/p>\n<p>O Acorda Cidade entrou em contato com o secret\u00e1rio de Servi\u00e7os P\u00fablicos de Feira de Santana, Justiniano Fran\u00e7a, que informou que uma equipe que faz remo\u00e7\u00e3o desse tipo de animal foi avisada do acidente e foi at\u00e9 o local fazer a retirada do boi. Por volta das 20h, o carro e o animal n\u00e3o estavam mais na pista.<\/p>\n<figure class=\"wp-block-image size-large\"><img fetchpriority=\"high\" data-dominant-color=\"817869\" data-has-transparency=\"false\" style=\"--dominant-color: #817869;\" fetchpriority=\"high\" decoding=\"async\" width=\"1067\" height=\"768\" sizes=\"(max-width: 1067px) 100vw, 1067px\" src=\"http:\/\/noticiasbahia360.com.br\/wp-content\/uploads\/2025\/06\/B1lyxosj-Carro-colide-com-boi-e-fica-com-a-frente-destruida-moradores-relatam-perigo-2-1067x768-1.webp\" alt=\"Carro colide com boi e fica com a frente destru\u00edda; moradores relatam perigo \" class=\"wp-image-562818 not-transparent\" srcset=\"https:\/\/uploads.acordacidade.com.br\/2025\/06\/B1lyxosj-Carro-colide-com-boi-e-fica-com-a-frente-destruida-moradores-relatam-perigo-2-507x365.webp 507w, http:\/\/noticiasbahia360.com.br\/wp-content\/uploads\/2025\/06\/B1lyxosj-Carro-colide-com-boi-e-fica-com-a-frente-destruida-moradores-relatam-perigo-2-1067x768-1.webp 1067w, https:\/\/uploads.acordacidade.com.br\/2025\/06\/B1lyxosj-Carro-colide-com-boi-e-fica-com-a-frente-destruida-moradores-relatam-perigo-2-768x553.webp 768w, https:\/\/uploads.acordacidade.com.br\/2025\/06\/B1lyxosj-Carro-colide-com-boi-e-fica-com-a-frente-destruida-moradores-relatam-perigo-2-150x108.webp 150w, https:\/\/uploads.acordacidade.com.br\/2025\/06\/B1lyxosj-Carro-colide-com-boi-e-fica-com-a-frente-destruida-moradores-relatam-perigo-2.webp 1200w\"><figcaption class=\"wp-element-caption\">Foto: Acorda Cidade <\/figcaption><\/figure>\n<p>A reportagem tamb\u00e9m entrou em contato com o Superintendente Municipal de Tr\u00e2nsito, Ricardo Cunha, que ficou de buscar mais detalhes sobre o acidente.<\/p>\n<h2 class=\"wp-block-heading\" id=\"h-problema-antigo\">Problema antigo<\/h2>\n<p>De acordo com moradores da regi\u00e3o, animais de grande porte, como bois e cavalos, costumam circular na avenida Doutor Silvio Matos, especialmente a noite, causando perigo para quem trafega pelo local.<\/p>\n<h2 class=\"wp-block-heading\" id=\"h-outros-problemas\">Outros problemas<\/h2>\n<p>Al\u00e9m disso, os moradores relatam outros problemas, que deixam a situa\u00e7\u00e3o ainda mais perigosa. Um trecho da via n\u00e3o tem ilumina\u00e7\u00e3o. Apesar de recentemente a Coelba ter feito a instala\u00e7\u00e3o de postes no local, eles ainda n\u00e3o foram ligados.<\/p>\n<figure class=\"wp-block-image size-large\"><img data-dominant-color=\"403533\" data-has-transparency=\"false\" style=\"--dominant-color: #403533;\" decoding=\"async\" width=\"1024\" height=\"768\" sizes=\"(max-width: 1024px) 100vw, 1024px\" src=\"http:\/\/noticiasbahia360.com.br\/wp-content\/uploads\/2025\/06\/pvJalI7O-Carro-colide-com-boi-e-fica-com-a-frente-destruida-moradores-relatam-perigo-1-1024x768-1.webp\" alt=\"Carro colide com boi e fica com a frente destru\u00edda; moradores relatam perigo 1\" class=\"wp-image-562813 not-transparent\" srcset=\"https:\/\/uploads.acordacidade.com.br\/2025\/06\/pvJalI7O-Carro-colide-com-boi-e-fica-com-a-frente-destruida-moradores-relatam-perigo-1-487x365.webp 487w, http:\/\/noticiasbahia360.com.br\/wp-content\/uploads\/2025\/06\/pvJalI7O-Carro-colide-com-boi-e-fica-com-a-frente-destruida-moradores-relatam-perigo-1-1024x768-1.webp 1024w, https:\/\/uploads.acordacidade.com.br\/2025\/06\/pvJalI7O-Carro-colide-com-boi-e-fica-com-a-frente-destruida-moradores-relatam-perigo-1-737x553.webp 737w, https:\/\/uploads.acordacidade.com.br\/2025\/06\/pvJalI7O-Carro-colide-com-boi-e-fica-com-a-frente-destruida-moradores-relatam-perigo-1-150x113.webp 150w, https:\/\/uploads.acordacidade.com.br\/2025\/06\/pvJalI7O-Carro-colide-com-boi-e-fica-com-a-frente-destruida-moradores-relatam-perigo-1.webp 1200w\"><figcaption class=\"wp-element-caption\">Foto: Acorda Cidade <\/figcaption><\/figure>\n<p>No local tamb\u00e9m n\u00e3o h\u00e1 acostamento, um grande perigo para quem transita a p\u00e9 ou de bicicleta, que tem que se arriscar dividindo espa\u00e7o com os carros.<\/p>\n<p><em>Siga o Acorda Cidade no<\/em><a href=\"https:\/\/news.google.com\/search?q=acorda%20cidade&amp;hl=pt-BR&amp;gl=BR&amp;ceid=BR%3Apt-419\"><strong><em>\u00a0Google Not\u00edcias<\/em><\/strong><\/a><em>\u00a0e receba os principais destaques do dia. Participe tamb\u00e9m dos nossos canais no\u00a0<\/em><a href=\"https:\/\/www.whatsapp.com\/channel\/0029Va6Rb4v3WHTNnsh8WI3N\"><strong><em>WhatsApp<\/em><\/strong><\/a><em>\u00a0e\u00a0<\/em><a href=\"https:\/\/www.youtube.com\/@acordacidadenoticias\/videos\"><strong>Youtube<\/strong><\/a><em>\u00a0e grupo de\u00a0<\/em><a href=\"https:\/\/t.me\/+sSz0khrgARA0ZmRh\"><strong><em>Telegram<\/em><\/strong><\/a><em>.<\/em><\/p>\n<\/div>\n","protected":false},"excerpt":{"rendered":"<div>\n<div>\n<figure><img decoding=\"async\" src=\"https:\/\/uploads.acordacidade.com.br\/2025\/06\/Carro-colide-com-boi-e-fica-com-a-frente-destruida-moradores-relatam-perigo-.jpg\" alt=\"Carro colide com boi e fica com a frente destru\u00edda; moradores relatam perigo\"><figcaption>Foto: Acorda Cidade<\/figcaption><\/figure>\n<\/div>\n<p>O acidente foi na avenida Doutor Silvio Matos, no bairro SIM, que \u00e9 via de acesso para v\u00e1rios condom\u00ednios<\/p><\/div>\n","protected":false},"author":1,"featured_media":88938,"comment_status":"closed","ping_status":"closed","sticky":false,"template":"","format":"gallery","meta":{"footnotes":""},"categories":[8,9,6,57,56,10],"tags":[],"class_list":["post-88937","post","type-post","status-publish","format-gallery","has-post-thumbnail","hentry","category-bahia","category-brasil","category-feira-de-santana","category-mundo","category-policia","category-politica","post_format-post-format-gallery"],"featured_image_urls":{"full":["https:\/\/noticiasbahia360.com.br\/wp-content\/uploads\/2025\/06\/Carro-colide-com-boi-e-fica-com-a-frente-destruida-moradores-relatam-perigo-.jpg",1200,802,false],"thumbnail":["https:\/\/noticiasbahia360.com.br\/wp-content\/uploads\/2025\/06\/Carro-colide-com-boi-e-fica-com-a-frente-destruida-moradores-relatam-perigo--150x150.jpg",150,150,true],"medium":["https:\/\/noticiasbahia360.com.br\/wp-content\/uploads\/2025\/06\/Carro-colide-com-boi-e-fica-com-a-frente-destruida-moradores-relatam-perigo--300x201.jpg",300,201,true],"medium_large":["https:\/\/noticiasbahia360.com.br\/wp-content\/uploads\/2025\/06\/Carro-colide-com-boi-e-fica-com-a-frente-destruida-moradores-relatam-perigo--768x513.jpg",640,428,true],"large":["https:\/\/noticiasbahia360.com.br\/wp-content\/uploads\/2025\/06\/Carro-colide-com-boi-e-fica-com-a-frente-destruida-moradores-relatam-perigo--1024x684.jpg",640,428,true],"1536x1536":["https:\/\/noticiasbahia360.com.br\/wp-content\/uploads\/2025\/06\/Carro-colide-com-boi-e-fica-com-a-frente-destruida-moradores-relatam-perigo-.jpg",1200,802,false],"2048x2048":["https:\/\/noticiasbahia360.com.br\/wp-content\/uploads\/2025\/06\/Carro-colide-com-boi-e-fica-com-a-frente-destruida-moradores-relatam-perigo-.jpg",1200,802,false],"chromenews-featured":["https:\/\/noticiasbahia360.com.br\/wp-content\/uploads\/2025\/06\/Carro-colide-com-boi-e-fica-com-a-frente-destruida-moradores-relatam-perigo--1024x684.jpg",1024,684,true],"chromenews-large":["https:\/\/noticiasbahia360.com.br\/wp-content\/uploads\/2025\/06\/Carro-colide-com-boi-e-fica-com-a-frente-destruida-moradores-relatam-perigo--825x575.jpg",825,575,true],"chromenews-medium":["https:\/\/noticiasbahia360.com.br\/wp-content\/uploads\/2025\/06\/Carro-colide-com-boi-e-fica-com-a-frente-destruida-moradores-relatam-perigo--590x410.jpg",590,410,true]},"author_info":{"display_name":"noticiasbahia360.com.br","author_link":"https:\/\/noticiasbahia360.com.br\/?author=1"},"category_info":"<a href=\"https:\/\/noticiasbahia360.com.br\/?cat=8\" rel=\"category\">Bahia<\/a> <a href=\"https:\/\/noticiasbahia360.com.br\/?cat=9\" rel=\"category\">Brasil<\/a> <a href=\"https:\/\/noticiasbahia360.com.br\/?cat=6\" rel=\"category\">Feira de Santana<\/a> <a href=\"https:\/\/noticiasbahia360.com.br\/?cat=57\" rel=\"category\">Mundo<\/a> <a href=\"https:\/\/noticiasbahia360.com.br\/?cat=56\" rel=\"category\">Pol\u00edcia<\/a> <a href=\"https:\/\/noticiasbahia360.com.br\/?cat=10\" rel=\"category\">Pol\u00edtica<\/a>","tag_info":"Pol\u00edtica","comment_count":"0","_links":{"self":[{"href":"https:\/\/noticiasbahia360.com.br\/index.php?rest_route=\/wp\/v2\/posts\/88937","targetHints":{"allow":["GET"]}}],"collection":[{"href":"https:\/\/noticiasbahia360.com.br\/index.php?rest_route=\/wp\/v2\/posts"}],"about":[{"href":"https:\/\/noticiasbahia360.com.br\/index.php?rest_route=\/wp\/v2\/types\/post"}],"author":[{"embeddable":true,"href":"https:\/\/noticiasbahia360.com.br\/index.php?rest_route=\/wp\/v2\/users\/1"}],"replies":[{"embeddable":true,"href":"https:\/\/noticiasbahia360.com.br\/index.php?rest_route=%2Fwp%2Fv2%2Fcomments&post=88937"}],"version-history":[{"count":0,"href":"https:\/\/noticiasbahia360.com.br\/index.php?rest_route=\/wp\/v2\/posts\/88937\/revisions"}],"wp:featuredmedia":[{"embeddable":true,"href":"https:\/\/noticiasbahia360.com.br\/index.php?rest_route=\/wp\/v2\/media\/88938"}],"wp:attachment":[{"href":"https:\/\/noticiasbahia360.com.br\/index.php?rest_route=%2Fwp%2Fv2%2Fmedia&parent=88937"}],"wp:term":[{"taxonomy":"category","embeddable":true,"href":"https:\/\/noticiasbahia360.com.br\/index.php?rest_route=%2Fwp%2Fv2%2Fcategories&post=88937"},{"taxonomy":"post_tag","embeddable":true,"href":"https:\/\/noticiasbahia360.com.br\/index.php?rest_route=%2Fwp%2Fv2%2Ftags&post=88937"}],"curies":[{"name":"wp","href":"https:\/\/api.w.org\/{rel}","templated":true}]}}