{"id":88943,"date":"2025-06-06T06:50:51","date_gmt":"2025-06-06T09:50:51","guid":{"rendered":"https:\/\/noticiasbahia360.com.br\/?p=88943"},"modified":"2025-06-06T06:50:51","modified_gmt":"2025-06-06T09:50:51","slug":"ponte-do-jequitinhonha-volta-a-funcionar-em-20-de-junho","status":"publish","type":"post","link":"https:\/\/noticiasbahia360.com.br\/?p=88943","title":{"rendered":"Ponte do Jequitinhonha volta a funcionar em 20 de junho"},"content":{"rendered":"<div>\n<div>\n<figure><img decoding=\"async\" src=\"http:\/\/noticiasbahia360.com.br\/wp-content\/uploads\/2025\/06\/hjZHcMGB-ponte-itapebi.webp\" alt=\"ponte Jequitinhonha\"><figcaption>Foto: Reprodu\u00e7\u00e3o \/ Radar News<\/figcaption><\/figure>\n<\/div>\n<p>Uma solu\u00e7\u00e3o r\u00e1pida para aliviar o tr\u00e2nsito na BR-101. A ponte sobre o Rio Jequitinhonha, interditada desde maio, ser\u00e1 reaberta no pr\u00f3ximo dia 20 de junho para ve\u00edculos leves, como carros, motos e ambul\u00e2ncias. A decis\u00e3o foi tomada ap\u00f3s uma reuni\u00e3o de emerg\u00eancia entre o governador Jer\u00f4nimo Rodrigues, o ministro dos Transportes, Renan Filho, e t\u00e9cnicos do DNIT. <\/p>\n<p>A libera\u00e7\u00e3o ser\u00e1 controlada, no sistema \u2018Pare e Siga\u2019, com fiscaliza\u00e7\u00e3o refor\u00e7ada. Ve\u00edculos pesados, como caminh\u00f5es, continuar\u00e3o usando rotas alternativas at\u00e9 a constru\u00e7\u00e3o da nova ponte, que come\u00e7a em julho e deve ficar pronta em at\u00e9 um ano.<\/p>\n<p>O governador Jer\u00f4nimo Rodrigues destacou a import\u00e2ncia dessa medida para a seguran\u00e7a e o fluxo de milhares de baianos.<\/p>\n<p>A Pol\u00edcia Militar segue no local orientando os motoristas. A ponte passar\u00e1 por reparos imediatos, como a retirada de parte do asfalto e a limpeza do sistema de drenagem, para garantir a seguran\u00e7a de quem passar por ali. <\/p>\n<p><strong>Leia tamb\u00e9m: <a href=\"https:\/\/www.acordacidade.com.br\/bahia\/sul-da-bahia-rui-costa-afirma-que-ponte-no-vale-do-jequitinhonha-esta-condenada\/\">Rui Costa diz que vai conversar com ministro para melhorar desvio at\u00e9 que ponte no Vale do Jequitinhonha seja reconstru\u00edda<\/a><\/strong><\/p>\n<p><em>Siga o Acorda Cidade no<\/em><a href=\"https:\/\/news.google.com\/search?q=acorda%20cidade&amp;hl=pt-BR&amp;gl=BR&amp;ceid=BR%3Apt-419\"><strong><em>\u00a0Google Not\u00edcias<\/em><\/strong><\/a><em>\u00a0e receba os principais destaques do dia. Participe tamb\u00e9m dos nossos canais no\u00a0<\/em><a href=\"https:\/\/www.whatsapp.com\/channel\/0029Va6Rb4v3WHTNnsh8WI3N\"><strong><em>WhatsApp<\/em><\/strong><\/a><em>\u00a0e\u00a0<\/em><a href=\"https:\/\/www.youtube.com\/@acordacidadenoticias\/videos\"><strong>YouTube<\/strong><\/a><em>\u00a0e grupo de\u00a0<\/em><a href=\"https:\/\/t.me\/+sSz0khrgARA0ZmRh\"><strong><em>Telegram<\/em><\/strong><\/a><em>.<\/em><\/p>\n<\/div>\n","protected":false},"excerpt":{"rendered":"<div>\n<div>\n<figure><img decoding=\"async\" src=\"https:\/\/uploads.acordacidade.com.br\/2025\/05\/hjZHcMGB-ponte-itapebi.webp\" alt=\"ponte Jequitinhonha\"><figcaption>Foto: Reprodu\u00e7\u00e3o \/ Radar News<\/figcaption><\/figure>\n<\/div>\n<p>O governador Jer\u00f4nimo Rodrigues destacou a import\u00e2ncia dessa medida para a seguran\u00e7a e o fluxo de milhares de baianos.<\/p><\/div>\n","protected":false},"author":1,"featured_media":88944,"comment_status":"closed","ping_status":"closed","sticky":false,"template":"","format":"gallery","meta":{"footnotes":""},"categories":[8,9,6,57,56,10],"tags":[],"class_list":["post-88943","post","type-post","status-publish","format-gallery","has-post-thumbnail","hentry","category-bahia","category-brasil","category-feira-de-santana","category-mundo","category-policia","category-politica","post_format-post-format-gallery"],"featured_image_urls":{"full":["https:\/\/noticiasbahia360.com.br\/wp-content\/uploads\/2025\/06\/hjZHcMGB-ponte-itapebi.webp",1200,770,false],"thumbnail":["https:\/\/noticiasbahia360.com.br\/wp-content\/uploads\/2025\/06\/hjZHcMGB-ponte-itapebi-150x150.webp",150,150,true],"medium":["https:\/\/noticiasbahia360.com.br\/wp-content\/uploads\/2025\/06\/hjZHcMGB-ponte-itapebi-300x193.webp",300,193,true],"medium_large":["https:\/\/noticiasbahia360.com.br\/wp-content\/uploads\/2025\/06\/hjZHcMGB-ponte-itapebi-768x493.webp",640,411,true],"large":["https:\/\/noticiasbahia360.com.br\/wp-content\/uploads\/2025\/06\/hjZHcMGB-ponte-itapebi-1024x657.webp",640,411,true],"1536x1536":["https:\/\/noticiasbahia360.com.br\/wp-content\/uploads\/2025\/06\/hjZHcMGB-ponte-itapebi.webp",1200,770,false],"2048x2048":["https:\/\/noticiasbahia360.com.br\/wp-content\/uploads\/2025\/06\/hjZHcMGB-ponte-itapebi.webp",1200,770,false],"chromenews-featured":["https:\/\/noticiasbahia360.com.br\/wp-content\/uploads\/2025\/06\/hjZHcMGB-ponte-itapebi-1024x657.webp",1024,657,true],"chromenews-large":["https:\/\/noticiasbahia360.com.br\/wp-content\/uploads\/2025\/06\/hjZHcMGB-ponte-itapebi-825x575.webp",825,575,true],"chromenews-medium":["https:\/\/noticiasbahia360.com.br\/wp-content\/uploads\/2025\/06\/hjZHcMGB-ponte-itapebi-590x410.webp",590,410,true]},"author_info":{"display_name":"noticiasbahia360.com.br","author_link":"https:\/\/noticiasbahia360.com.br\/?author=1"},"category_info":"<a href=\"https:\/\/noticiasbahia360.com.br\/?cat=8\" rel=\"category\">Bahia<\/a> <a href=\"https:\/\/noticiasbahia360.com.br\/?cat=9\" rel=\"category\">Brasil<\/a> <a href=\"https:\/\/noticiasbahia360.com.br\/?cat=6\" rel=\"category\">Feira de Santana<\/a> <a href=\"https:\/\/noticiasbahia360.com.br\/?cat=57\" rel=\"category\">Mundo<\/a> <a href=\"https:\/\/noticiasbahia360.com.br\/?cat=56\" rel=\"category\">Pol\u00edcia<\/a> <a href=\"https:\/\/noticiasbahia360.com.br\/?cat=10\" rel=\"category\">Pol\u00edtica<\/a>","tag_info":"Pol\u00edtica","comment_count":"0","_links":{"self":[{"href":"https:\/\/noticiasbahia360.com.br\/index.php?rest_route=\/wp\/v2\/posts\/88943","targetHints":{"allow":["GET"]}}],"collection":[{"href":"https:\/\/noticiasbahia360.com.br\/index.php?rest_route=\/wp\/v2\/posts"}],"about":[{"href":"https:\/\/noticiasbahia360.com.br\/index.php?rest_route=\/wp\/v2\/types\/post"}],"author":[{"embeddable":true,"href":"https:\/\/noticiasbahia360.com.br\/index.php?rest_route=\/wp\/v2\/users\/1"}],"replies":[{"embeddable":true,"href":"https:\/\/noticiasbahia360.com.br\/index.php?rest_route=%2Fwp%2Fv2%2Fcomments&post=88943"}],"version-history":[{"count":0,"href":"https:\/\/noticiasbahia360.com.br\/index.php?rest_route=\/wp\/v2\/posts\/88943\/revisions"}],"wp:featuredmedia":[{"embeddable":true,"href":"https:\/\/noticiasbahia360.com.br\/index.php?rest_route=\/wp\/v2\/media\/88944"}],"wp:attachment":[{"href":"https:\/\/noticiasbahia360.com.br\/index.php?rest_route=%2Fwp%2Fv2%2Fmedia&parent=88943"}],"wp:term":[{"taxonomy":"category","embeddable":true,"href":"https:\/\/noticiasbahia360.com.br\/index.php?rest_route=%2Fwp%2Fv2%2Fcategories&post=88943"},{"taxonomy":"post_tag","embeddable":true,"href":"https:\/\/noticiasbahia360.com.br\/index.php?rest_route=%2Fwp%2Fv2%2Ftags&post=88943"}],"curies":[{"name":"wp","href":"https:\/\/api.w.org\/{rel}","templated":true}]}}