{"id":88947,"date":"2025-06-06T07:05:04","date_gmt":"2025-06-06T10:05:04","guid":{"rendered":"https:\/\/noticiasbahia360.com.br\/?p=88947"},"modified":"2025-06-06T07:05:04","modified_gmt":"2025-06-06T10:05:04","slug":"novos-coroneis-sao-nomeados-para-a-policia-militar-e-corpo-de-bombeiros-militar","status":"publish","type":"post","link":"https:\/\/noticiasbahia360.com.br\/?p=88947","title":{"rendered":"Novos coron\u00e9is s\u00e3o nomeados para a Pol\u00edcia Militar e Corpo de Bombeiros Militar"},"content":{"rendered":"<div>\n<div>\n<figure><img decoding=\"async\" src=\"http:\/\/noticiasbahia360.com.br\/wp-content\/uploads\/2025\/06\/foto_marciasantana_coroneis.jpg\" alt=\"Novos Coron\u00e9is\"><figcaption>Foto: M\u00e1rcia Santana<\/figcaption><\/figure>\n<\/div>\n<p>A Pol\u00edcia Militar da Bahia e o Corpo de Bombeiros Militar ganharam, na noite desta quinta-feira (5), oito novos coron\u00e9is. O an\u00fancio foi realizado pelo governador <a href=\"https:\/\/www.acordacidade.com.br\/tag\/jeronimo-rodrigues\/\">Jer\u00f4nimo Rodrigues<\/a>, que recebeu os promovidos em seu gabinete.<\/p>\n<p>Al\u00e9m dos novos coron\u00e9is, tamb\u00e9m participaram do encontro o secret\u00e1rio da Seguran\u00e7a P\u00fablica, Marcelo Werner, do subsecret\u00e1rio da pasta, Marcel de Oliveira, do comandante-geral da PM, coronel Ant\u00f4nio Carlos Magalh\u00e3es, do comandante-geral do CBM, coronel Alo\u00edsio Mascarenhas, e subcomandantes da PM e do CBM, coronel Lopes e coronel Ara\u00fajo.<\/p>\n<p>Os novos coron\u00e9is da PM s\u00e3o Elismar de Oliveira Le\u00e3o, Jos\u00e9 Luiz Santos Silva, Taylon Teixeira Cavalcante, Maur\u00edcio Jos\u00e9 Marinho de Souza, Michel Alexander Guimar\u00e3es Muller de Azevedo e Andr\u00e9 Pereira Borges. J\u00e1 o CBM\u00a0\u00a0conta com coron\u00e9is Jadilson Lopes das Merc\u00eas e Jos\u00e9 Manoel Lusquinhos.<\/p>\n<p>O governador Jer\u00f4nimo Rodrigues tamb\u00e9m assinou a promo\u00e7\u00e3o de outros 240 oficiais para outros postos das corpora\u00e7\u00f5es.<\/p>\n<p>O secret\u00e1rio Marcelo Werner explicou que o momento \u00e9 muito importante. \u201cTivemos um ato de promo\u00e7\u00e3o de oito coron\u00e9is, seis da PM e dois do CBM, que se juntam a mais 240 profissionais. S\u00e3o carreiras de diversos profissionais, alguns com mais de 35 anos dedicados \u00e0 popula\u00e7\u00e3o baiana, e chegam ao mais alto posto a partir da meritocracia e antiguidade da sua corpora\u00e7\u00e3o\u201d, falou o gestor.<\/p>\n<p><em>Siga o Acorda Cidade no<\/em><a href=\"https:\/\/news.google.com\/search?q=acorda%20cidade&amp;hl=pt-BR&amp;gl=BR&amp;ceid=BR%3Apt-419\"><strong><em> Google Not\u00edcias<\/em><\/strong><\/a><em> e receba os principais destaques do dia. Participe tamb\u00e9m dos nossos canais no <\/em><a href=\"https:\/\/whatsapp.com\/channel\/0029Va6Rb4v3WHTNnsh8WI3N\"><strong><em>WhatsApp<\/em><\/strong><\/a><em> e <\/em><a href=\"https:\/\/www.youtube.com\/@acordacidadenoticias\/videos\"><strong>Youtube<\/strong><\/a><em> e grupo de <\/em><a href=\"https:\/\/t.me\/+sSz0khrgARA0ZmRh\"><strong><em>Telegram<\/em><\/strong><\/a><em>.<\/em><\/p>\n<\/div>\n","protected":false},"excerpt":{"rendered":"<div>\n<div>\n<figure><img decoding=\"async\" src=\"https:\/\/uploads.acordacidade.com.br\/2025\/06\/foto_marciasantana_coroneis.jpg\" alt=\"Novos Coron\u00e9is\"><figcaption>Foto: M\u00e1rcia Santana<\/figcaption><\/figure>\n<\/div>\n<p>A promo\u00e7\u00e3o de 240 profissionais ser\u00e1 publicada nesta sexta-feira (6), no Di\u00e1rio Oficial do Estado.<\/p><\/div>\n","protected":false},"author":1,"featured_media":88948,"comment_status":"closed","ping_status":"closed","sticky":false,"template":"","format":"gallery","meta":{"footnotes":""},"categories":[8,9,6,57,56,10],"tags":[],"class_list":["post-88947","post","type-post","status-publish","format-gallery","has-post-thumbnail","hentry","category-bahia","category-brasil","category-feira-de-santana","category-mundo","category-policia","category-politica","post_format-post-format-gallery"],"featured_image_urls":{"full":["https:\/\/noticiasbahia360.com.br\/wp-content\/uploads\/2025\/06\/foto_marciasantana_coroneis.jpg",1200,900,false],"thumbnail":["https:\/\/noticiasbahia360.com.br\/wp-content\/uploads\/2025\/06\/foto_marciasantana_coroneis-150x150.jpg",150,150,true],"medium":["https:\/\/noticiasbahia360.com.br\/wp-content\/uploads\/2025\/06\/foto_marciasantana_coroneis-300x225.jpg",300,225,true],"medium_large":["https:\/\/noticiasbahia360.com.br\/wp-content\/uploads\/2025\/06\/foto_marciasantana_coroneis-768x576.jpg",640,480,true],"large":["https:\/\/noticiasbahia360.com.br\/wp-content\/uploads\/2025\/06\/foto_marciasantana_coroneis-1024x768.jpg",640,480,true],"1536x1536":["https:\/\/noticiasbahia360.com.br\/wp-content\/uploads\/2025\/06\/foto_marciasantana_coroneis.jpg",1200,900,false],"2048x2048":["https:\/\/noticiasbahia360.com.br\/wp-content\/uploads\/2025\/06\/foto_marciasantana_coroneis.jpg",1200,900,false],"chromenews-featured":["https:\/\/noticiasbahia360.com.br\/wp-content\/uploads\/2025\/06\/foto_marciasantana_coroneis-1024x768.jpg",1024,768,true],"chromenews-large":["https:\/\/noticiasbahia360.com.br\/wp-content\/uploads\/2025\/06\/foto_marciasantana_coroneis-825x575.jpg",825,575,true],"chromenews-medium":["https:\/\/noticiasbahia360.com.br\/wp-content\/uploads\/2025\/06\/foto_marciasantana_coroneis-590x410.jpg",590,410,true]},"author_info":{"display_name":"noticiasbahia360.com.br","author_link":"https:\/\/noticiasbahia360.com.br\/?author=1"},"category_info":"<a href=\"https:\/\/noticiasbahia360.com.br\/?cat=8\" rel=\"category\">Bahia<\/a> <a href=\"https:\/\/noticiasbahia360.com.br\/?cat=9\" rel=\"category\">Brasil<\/a> <a href=\"https:\/\/noticiasbahia360.com.br\/?cat=6\" rel=\"category\">Feira de Santana<\/a> <a href=\"https:\/\/noticiasbahia360.com.br\/?cat=57\" rel=\"category\">Mundo<\/a> <a href=\"https:\/\/noticiasbahia360.com.br\/?cat=56\" rel=\"category\">Pol\u00edcia<\/a> <a href=\"https:\/\/noticiasbahia360.com.br\/?cat=10\" rel=\"category\">Pol\u00edtica<\/a>","tag_info":"Pol\u00edtica","comment_count":"0","_links":{"self":[{"href":"https:\/\/noticiasbahia360.com.br\/index.php?rest_route=\/wp\/v2\/posts\/88947","targetHints":{"allow":["GET"]}}],"collection":[{"href":"https:\/\/noticiasbahia360.com.br\/index.php?rest_route=\/wp\/v2\/posts"}],"about":[{"href":"https:\/\/noticiasbahia360.com.br\/index.php?rest_route=\/wp\/v2\/types\/post"}],"author":[{"embeddable":true,"href":"https:\/\/noticiasbahia360.com.br\/index.php?rest_route=\/wp\/v2\/users\/1"}],"replies":[{"embeddable":true,"href":"https:\/\/noticiasbahia360.com.br\/index.php?rest_route=%2Fwp%2Fv2%2Fcomments&post=88947"}],"version-history":[{"count":0,"href":"https:\/\/noticiasbahia360.com.br\/index.php?rest_route=\/wp\/v2\/posts\/88947\/revisions"}],"wp:featuredmedia":[{"embeddable":true,"href":"https:\/\/noticiasbahia360.com.br\/index.php?rest_route=\/wp\/v2\/media\/88948"}],"wp:attachment":[{"href":"https:\/\/noticiasbahia360.com.br\/index.php?rest_route=%2Fwp%2Fv2%2Fmedia&parent=88947"}],"wp:term":[{"taxonomy":"category","embeddable":true,"href":"https:\/\/noticiasbahia360.com.br\/index.php?rest_route=%2Fwp%2Fv2%2Fcategories&post=88947"},{"taxonomy":"post_tag","embeddable":true,"href":"https:\/\/noticiasbahia360.com.br\/index.php?rest_route=%2Fwp%2Fv2%2Ftags&post=88947"}],"curies":[{"name":"wp","href":"https:\/\/api.w.org\/{rel}","templated":true}]}}