{"id":88951,"date":"2025-06-06T07:15:22","date_gmt":"2025-06-06T10:15:22","guid":{"rendered":"https:\/\/noticiasbahia360.com.br\/?p=88951"},"modified":"2025-06-06T07:15:22","modified_gmt":"2025-06-06T10:15:22","slug":"operacao-dia-dos-namorados-procon-encontra-456-produtos-vencidos-em-feira-de-santana","status":"publish","type":"post","link":"https:\/\/noticiasbahia360.com.br\/?p=88951","title":{"rendered":"Opera\u00e7\u00e3o Dia dos Namorados: Procon encontra 456 produtos vencidos em Feira de Santana"},"content":{"rendered":"<div>\n<div>\n<figure><img decoding=\"async\" src=\"http:\/\/noticiasbahia360.com.br\/wp-content\/uploads\/2025\/06\/fiscalizacaodoprocon_feiradesantana_diadosnamorados_foto_abraaomelo-2.jpg\" alt=\"Fiscaliza\u00e7\u00e3o do Procon\"><figcaption>Foto: Abra\u00e3o Melo<\/figcaption><\/figure>\n<\/div>\n<p>A Superintend\u00eancia Municipal de Prote\u00e7\u00e3o e Defesa do Consumidor (Procon-FSA) intensificou as a\u00e7\u00f5es de fiscaliza\u00e7\u00e3o em estabelecimentos comerciais de Feira de Santana durante a Opera\u00e7\u00e3o <a href=\"https:\/\/www.acordacidade.com.br\/tag\/dia-dos-namorados\/\">Dia dos Namorados<\/a>, iniciada no \u00faltimo dia 27 de maio. Como resultado, foram encontrados 456 produtos com data de validade vencida, o que representa infra\u00e7\u00e3o grave e risco \u00e0 sa\u00fade dos consumidores.<\/p>\n<p>A opera\u00e7\u00e3o teve como foco hot\u00e9is, mot\u00e9is e restaurantes \u2014 segmentos mais movimentados durante a data comemorativa \u2014 al\u00e9m da verifica\u00e7\u00e3o do cumprimento das normas previstas no C\u00f3digo de Defesa do Consumidor, como a clareza nas informa\u00e7\u00f5es sobre pre\u00e7os, formas de pagamento e disponibilidade do CDC nos estabelecimentos.<\/p>\n<figure class=\"wp-block-image size-large\"><img fetchpriority=\"high\" data-dominant-color=\"716b67\" data-has-transparency=\"false\" style=\"--dominant-color: #716b67;\" fetchpriority=\"high\" decoding=\"async\" width=\"1024\" height=\"768\" sizes=\"(max-width: 1024px) 100vw, 1024px\" src=\"http:\/\/noticiasbahia360.com.br\/wp-content\/uploads\/2025\/06\/qSvqTZ0L-fiscalizacaodoprocon_feiradesantana_diadosnamorados_foto_abraaomelo-3-1024x768-1.webp\" alt=\"Fiscaliza\u00e7\u00e3o do Procon\" class=\"wp-image-562879 not-transparent\" srcset=\"https:\/\/uploads.acordacidade.com.br\/2025\/06\/qSvqTZ0L-fiscalizacaodoprocon_feiradesantana_diadosnamorados_foto_abraaomelo-3-487x365.webp 487w, http:\/\/noticiasbahia360.com.br\/wp-content\/uploads\/2025\/06\/qSvqTZ0L-fiscalizacaodoprocon_feiradesantana_diadosnamorados_foto_abraaomelo-3-1024x768-1.webp 1024w, https:\/\/uploads.acordacidade.com.br\/2025\/06\/qSvqTZ0L-fiscalizacaodoprocon_feiradesantana_diadosnamorados_foto_abraaomelo-3-737x553.webp 737w, https:\/\/uploads.acordacidade.com.br\/2025\/06\/qSvqTZ0L-fiscalizacaodoprocon_feiradesantana_diadosnamorados_foto_abraaomelo-3-150x113.webp 150w, https:\/\/uploads.acordacidade.com.br\/2025\/06\/qSvqTZ0L-fiscalizacaodoprocon_feiradesantana_diadosnamorados_foto_abraaomelo-3.webp 1200w\"><figcaption class=\"wp-element-caption\">Foto: Abra\u00e3o Melo<\/figcaption><\/figure>\n<p>Segundo o superintendente do Procon, Maur\u00edcio Carvalho, o trabalho tem car\u00e1ter preventivo e educativo, mas irregularidades encontradas resultam em autos de constata\u00e7\u00e3o e processos administrativos, que podem levar \u00e0 aplica\u00e7\u00e3o de multas. \u201cEssa \u00e9 uma data em que milhares de rela\u00e7\u00f5es de consumo s\u00e3o realizadas. O Procon tem o dever de agir para proteger o consumidor contra pr\u00e1ticas abusivas e produtos que oferecem riscos \u00e0 sa\u00fade\u201d, afirmou.<\/p>\n<figure class=\"wp-block-image size-large\"><img data-dominant-color=\"696967\" data-has-transparency=\"false\" style=\"--dominant-color: #696967;\" decoding=\"async\" width=\"1024\" height=\"768\" sizes=\"(max-width: 1024px) 100vw, 1024px\" src=\"http:\/\/noticiasbahia360.com.br\/wp-content\/uploads\/2025\/06\/67OWzMyj-fiscalizacaodoprocon_feiradesantana_diadosnamorados_foto_abraaomelo-1-1024x768-1.webp\" alt=\"Fiscaliza\u00e7\u00e3o do Procon\" class=\"wp-image-562881 not-transparent\" srcset=\"https:\/\/uploads.acordacidade.com.br\/2025\/06\/67OWzMyj-fiscalizacaodoprocon_feiradesantana_diadosnamorados_foto_abraaomelo-1-487x365.webp 487w, http:\/\/noticiasbahia360.com.br\/wp-content\/uploads\/2025\/06\/67OWzMyj-fiscalizacaodoprocon_feiradesantana_diadosnamorados_foto_abraaomelo-1-1024x768-1.webp 1024w, https:\/\/uploads.acordacidade.com.br\/2025\/06\/67OWzMyj-fiscalizacaodoprocon_feiradesantana_diadosnamorados_foto_abraaomelo-1-737x553.webp 737w, https:\/\/uploads.acordacidade.com.br\/2025\/06\/67OWzMyj-fiscalizacaodoprocon_feiradesantana_diadosnamorados_foto_abraaomelo-1-150x113.webp 150w, https:\/\/uploads.acordacidade.com.br\/2025\/06\/67OWzMyj-fiscalizacaodoprocon_feiradesantana_diadosnamorados_foto_abraaomelo-1.webp 1200w\"><figcaption class=\"wp-element-caption\">Foto: Abra\u00e3o Melo<\/figcaption><\/figure>\n<p><strong>Fiscaliza\u00e7\u00e3o em hot\u00e9is e mot\u00e9is<\/strong><\/p>\n<p>Foram vistoriados 15 estabelecimentos do setor de hospedagem, entre eles o Charmaut Hotel, Hotel Caju de Ouro, Motel Hollywood II e Hotel Acalanto. Desses, tr\u00eas apresentaram irregularidades e tiveram autos de constata\u00e7\u00e3o emitidos: Motel Eros, \u00danico Apart Hotel e Atmosfera Hotelaria.<\/p>\n<p><strong>Restaurantes tamb\u00e9m apresentaram irregularidades<\/strong><\/p>\n<p>Na categoria de alimenta\u00e7\u00e3o, 12 restaurantes foram fiscalizados, com 7 apresentando algum tipo de infra\u00e7\u00e3o. Estabelecimentos como Rancho Grill, Boi &amp; Brasa, JPG Restaurante e Corti\u00e7o foram autuados. Os fiscais observaram, entre outros pontos, a falta de clareza nos pre\u00e7os, aus\u00eancia do C\u00f3digo de Defesa do Consumidor em local vis\u00edvel e, principalmente, o armazenamento e venda de produtos com validade vencida.<\/p>\n<p><strong>Crime contra a sa\u00fade p\u00fablica<\/strong><\/p>\n<p>A presen\u00e7a de produtos vencidos em diferentes estabelecimentos foi classificada pelo Procon como uma infra\u00e7\u00e3o grav\u00edssima. \u201cO consumo desses itens pode colocar em risco a integridade f\u00edsica do consumidor. Al\u00e9m de ser um desrespeito, configura crime contra a sa\u00fade p\u00fablica\u201d, alertou Maur\u00edcio Carvalho. Os itens foram recolhidos e descartados de forma segura, conforme as normas do C\u00f3digo de Defesa do Consumidor. Todo o processo foi acompanhado por representantes dos estabelecimentos, que assinaram os autos de constata\u00e7\u00e3o.<\/p>\n<p><strong>Fiscaliza\u00e7\u00e3o segue at\u00e9 o Dia dos Namorados e ser\u00e1 ampliada para o S\u00e3o Jo\u00e3o<\/strong><\/p>\n<p>A opera\u00e7\u00e3o continua at\u00e9 o dia 12 de junho e, na pr\u00f3xima etapa, o Procon fiscalizar\u00e1 lojas de roupas, perfumes, floriculturas, eletrodom\u00e9sticos e eletr\u00f4nicos, setores com grande procura no per\u00edodo. Em seguida, ter\u00e1 in\u00edcio a Opera\u00e7\u00e3o S\u00e3o Jo\u00e3o, voltada para produtos t\u00edpicos das festas juninas, como bebidas e alimentos, garantindo pre\u00e7os justos e condi\u00e7\u00f5es adequadas de comercializa\u00e7\u00e3o.<\/p>\n<p>\u201cO objetivo do Procon \u00e9 garantir uma rela\u00e7\u00e3o de consumo segura, justa e equilibrada. Seguiremos firmes na miss\u00e3o de proteger o cidad\u00e3o de Feira de Santana\u201d, concluiu o superintendente.<\/p>\n<p><em>As informa\u00e7\u00f5es s\u00e3o da Secretaria de Comunica\u00e7\u00e3o Social<\/em><\/p>\n<p><em>Siga o Acorda Cidade no<\/em><a href=\"https:\/\/news.google.com\/search?q=acorda%20cidade&amp;hl=pt-BR&amp;gl=BR&amp;ceid=BR%3Apt-419\"><strong><em> Google Not\u00edcias<\/em><\/strong><\/a><em> e receba os principais destaques do dia. Participe tamb\u00e9m dos nossos canais no <\/em><a href=\"https:\/\/whatsapp.com\/channel\/0029Va6Rb4v3WHTNnsh8WI3N\"><strong><em>WhatsApp<\/em><\/strong><\/a><em> e <\/em><a href=\"https:\/\/www.youtube.com\/@acordacidadenoticias\/videos\"><strong>Youtube<\/strong><\/a><em> e grupo de <\/em><a href=\"https:\/\/t.me\/+sSz0khrgARA0ZmRh\"><strong><em>Telegram<\/em><\/strong><\/a><em>.<\/em><\/p>\n<\/div>\n","protected":false},"excerpt":{"rendered":"<div>\n<div>\n<figure><img decoding=\"async\" src=\"https:\/\/uploads.acordacidade.com.br\/2025\/06\/fiscalizacaodoprocon_feiradesantana_diadosnamorados_foto_abraaomelo-2.jpg\" alt=\"Fiscaliza\u00e7\u00e3o do Procon\"><figcaption>Foto: Abra\u00e3o Melo<\/figcaption><\/figure>\n<\/div>\n<p>A opera\u00e7\u00e3o teve como foco hot\u00e9is, mot\u00e9is e restaurantes &#8211; segmentos mais movimentados durante a data comemorativa.<\/p><\/div>\n","protected":false},"author":1,"featured_media":88952,"comment_status":"closed","ping_status":"closed","sticky":false,"template":"","format":"gallery","meta":{"footnotes":""},"categories":[8,9,6,57,56,10],"tags":[],"class_list":["post-88951","post","type-post","status-publish","format-gallery","has-post-thumbnail","hentry","category-bahia","category-brasil","category-feira-de-santana","category-mundo","category-policia","category-politica","post_format-post-format-gallery"],"featured_image_urls":{"full":["https:\/\/noticiasbahia360.com.br\/wp-content\/uploads\/2025\/06\/fiscalizacaodoprocon_feiradesantana_diadosnamorados_foto_abraaomelo-2.jpg",1200,900,false],"thumbnail":["https:\/\/noticiasbahia360.com.br\/wp-content\/uploads\/2025\/06\/fiscalizacaodoprocon_feiradesantana_diadosnamorados_foto_abraaomelo-2-150x150.jpg",150,150,true],"medium":["https:\/\/noticiasbahia360.com.br\/wp-content\/uploads\/2025\/06\/fiscalizacaodoprocon_feiradesantana_diadosnamorados_foto_abraaomelo-2-300x225.jpg",300,225,true],"medium_large":["https:\/\/noticiasbahia360.com.br\/wp-content\/uploads\/2025\/06\/fiscalizacaodoprocon_feiradesantana_diadosnamorados_foto_abraaomelo-2-768x576.jpg",640,480,true],"large":["https:\/\/noticiasbahia360.com.br\/wp-content\/uploads\/2025\/06\/fiscalizacaodoprocon_feiradesantana_diadosnamorados_foto_abraaomelo-2-1024x768.jpg",640,480,true],"1536x1536":["https:\/\/noticiasbahia360.com.br\/wp-content\/uploads\/2025\/06\/fiscalizacaodoprocon_feiradesantana_diadosnamorados_foto_abraaomelo-2.jpg",1200,900,false],"2048x2048":["https:\/\/noticiasbahia360.com.br\/wp-content\/uploads\/2025\/06\/fiscalizacaodoprocon_feiradesantana_diadosnamorados_foto_abraaomelo-2.jpg",1200,900,false],"chromenews-featured":["https:\/\/noticiasbahia360.com.br\/wp-content\/uploads\/2025\/06\/fiscalizacaodoprocon_feiradesantana_diadosnamorados_foto_abraaomelo-2-1024x768.jpg",1024,768,true],"chromenews-large":["https:\/\/noticiasbahia360.com.br\/wp-content\/uploads\/2025\/06\/fiscalizacaodoprocon_feiradesantana_diadosnamorados_foto_abraaomelo-2-825x575.jpg",825,575,true],"chromenews-medium":["https:\/\/noticiasbahia360.com.br\/wp-content\/uploads\/2025\/06\/fiscalizacaodoprocon_feiradesantana_diadosnamorados_foto_abraaomelo-2-590x410.jpg",590,410,true]},"author_info":{"display_name":"noticiasbahia360.com.br","author_link":"https:\/\/noticiasbahia360.com.br\/?author=1"},"category_info":"<a href=\"https:\/\/noticiasbahia360.com.br\/?cat=8\" rel=\"category\">Bahia<\/a> <a href=\"https:\/\/noticiasbahia360.com.br\/?cat=9\" rel=\"category\">Brasil<\/a> <a href=\"https:\/\/noticiasbahia360.com.br\/?cat=6\" rel=\"category\">Feira de Santana<\/a> <a href=\"https:\/\/noticiasbahia360.com.br\/?cat=57\" rel=\"category\">Mundo<\/a> <a href=\"https:\/\/noticiasbahia360.com.br\/?cat=56\" rel=\"category\">Pol\u00edcia<\/a> <a href=\"https:\/\/noticiasbahia360.com.br\/?cat=10\" rel=\"category\">Pol\u00edtica<\/a>","tag_info":"Pol\u00edtica","comment_count":"0","_links":{"self":[{"href":"https:\/\/noticiasbahia360.com.br\/index.php?rest_route=\/wp\/v2\/posts\/88951","targetHints":{"allow":["GET"]}}],"collection":[{"href":"https:\/\/noticiasbahia360.com.br\/index.php?rest_route=\/wp\/v2\/posts"}],"about":[{"href":"https:\/\/noticiasbahia360.com.br\/index.php?rest_route=\/wp\/v2\/types\/post"}],"author":[{"embeddable":true,"href":"https:\/\/noticiasbahia360.com.br\/index.php?rest_route=\/wp\/v2\/users\/1"}],"replies":[{"embeddable":true,"href":"https:\/\/noticiasbahia360.com.br\/index.php?rest_route=%2Fwp%2Fv2%2Fcomments&post=88951"}],"version-history":[{"count":0,"href":"https:\/\/noticiasbahia360.com.br\/index.php?rest_route=\/wp\/v2\/posts\/88951\/revisions"}],"wp:featuredmedia":[{"embeddable":true,"href":"https:\/\/noticiasbahia360.com.br\/index.php?rest_route=\/wp\/v2\/media\/88952"}],"wp:attachment":[{"href":"https:\/\/noticiasbahia360.com.br\/index.php?rest_route=%2Fwp%2Fv2%2Fmedia&parent=88951"}],"wp:term":[{"taxonomy":"category","embeddable":true,"href":"https:\/\/noticiasbahia360.com.br\/index.php?rest_route=%2Fwp%2Fv2%2Fcategories&post=88951"},{"taxonomy":"post_tag","embeddable":true,"href":"https:\/\/noticiasbahia360.com.br\/index.php?rest_route=%2Fwp%2Fv2%2Ftags&post=88951"}],"curies":[{"name":"wp","href":"https:\/\/api.w.org\/{rel}","templated":true}]}}