{"id":88955,"date":"2025-06-06T07:20:27","date_gmt":"2025-06-06T10:20:27","guid":{"rendered":"https:\/\/noticiasbahia360.com.br\/?p=88955"},"modified":"2025-06-06T07:20:27","modified_gmt":"2025-06-06T10:20:27","slug":"bolsonaro-diz-que-deu-r-2-milhoes-para-custear-filho-que-esta-nos-eua","status":"publish","type":"post","link":"https:\/\/noticiasbahia360.com.br\/?p=88955","title":{"rendered":"Bolsonaro diz que deu R$ 2 milh\u00f5es para custear filho que est\u00e1 nos EUA"},"content":{"rendered":"<div>\n<p>Ag\u00eancia Brasil \u2013 O ex-presidente Jair Bolsonaro disse ontem (5) que depositou R$ 2 milh\u00f5es para ajudar a custear as despesas de seu filho Eduardo Bolsonaro que est\u00e1 nos Estados Unidos e \u00e9 alvo de inqu\u00e9rito pela suspeita de incitar o governo norte-americano a adotar medidas contra o ministro Alexandre de Moraes, do Supremo Tribunal Federal, e outras autoridades brasileiras.<\/p>\n<p>Bolsonaro chegou na sede da Pol\u00edcia Federal, em Bras\u00edlia, pouco depois das 14h30. O depoimento sobre o inqu\u00e9rito que investiga seu filho estava marcado para as 15h.<\/p>\n<p>Na sa\u00edda, ao ser questionado por jornalistas, o ex-presidente disse que o repasse foi feito a pedido de Eduardo e que o dinheiro veio dos R$ 17,2 milh\u00f5es recebidos via Pix em sua conta pessoal nos primeiros seis meses de 2023.<\/p>\n<p>\u201cVoc\u00eas sabem que, l\u00e1 atr\u00e1s, eu n\u00e3o fiz campanha, mas foram depositados na minha conta R$ 17 milh\u00f5es. Eu botei R$ 2 milh\u00f5es na conta dele [Eduardo]. L\u00e1 fora, tudo \u00e9 mais caro. Eu tenho dois netos, repito, um de 4 e o outro de 1 ano de idade. Ele [Eduardo] est\u00e1 l\u00e1 fora, eu n\u00e3o quero que ele passe dificuldades. \u00c9 muito? \u00c9 bastante dinheiro. L\u00e1 nos Estados Unidos pode ser nem tanto, d\u00e1 uns 350 mil d\u00f3lares, mas eu quero o bem-estar dele\u201d, argumentou Bolsonaro.<\/p>\n<h2 class=\"wp-block-heading\" id=\"h-crimes-de-coacao\">Crimes de coa\u00e7\u00e3o<\/h2>\n<p>A investiga\u00e7\u00e3o foi aberta a pedido da Procuradoria-Geral da Rep\u00fablica (PGR), que v\u00ea na atua\u00e7\u00e3o de Eduardo Bolsonaro o cometimento de crimes de coa\u00e7\u00e3o no curso do processo, obstru\u00e7\u00e3o de investiga\u00e7\u00f5es sobre organiza\u00e7\u00e3o criminosa e tentativa de aboli\u00e7\u00e3o violenta do Estado de Direito.<\/p>\n<p>O depoimento de Bolsonaro foi autorizado pelo ministro do Supremo Tribunal Federal (STF), Alexandre de Moraes, que foi escolhido relator do caso por tamb\u00e9m atuar no comando das a\u00e7\u00f5es da trama golpista e no inqu\u00e9rito das fake news. Moraes quer esclarecimentos sobre Bolsonaro ser \u201cdiretamente beneficiado\u201d pelas a\u00e7\u00f5es de seu filho.<\/p>\n<p>Aos jornalistas, o ex-presidente negou qualquer tipo de lobby ou a\u00e7\u00e3o de Eduardo para que o governo dos Estados Unidos adote san\u00e7\u00f5es contra autoridades brasileiras.<\/p>\n<p>\u201cEu converso com o meu filho de vez em quando. O trabalho que ele faz l\u00e1 \u00e9 por democracia no Brasil. N\u00e3o existe sancionamento de qualquer autoridade, aqui ou no mundo, por parte do governo americano por lobby. \u00c9 tudo por fatos, ent\u00e3o n\u00e3o adianta ningu\u00e9m querer jogar para cima dele\u201d, disse.<\/p>\n<p>Bolsonaro afirmou, ainda, ser perseguido. \u201cPara mim a persegui\u00e7\u00e3o continua\u201d, afirmou. O ex-presidente disse que n\u00e3o v\u00ea irregularidade na conduta do filho. \u201c\u00c9 uma persegui\u00e7\u00e3o, no meu entender. Se meu filho estivesse cometendo qualquer ato irregular l\u00e1, parte do parlamento americano [com quem] ele mant\u00e9m contato, estaria cometendo um crime tamb\u00e9m\u201d, acentuou.<\/p>\n<h2 class=\"wp-block-heading\" id=\"h-depoimento\">Depoimento<\/h2>\n<p>Questionado sobre o depoimento que deve prestar diretamente a Alexandre de Moraes, marcado para a pr\u00f3xima semana, Bolsonaro afirmou que est\u00e1 feliz com o encontro.<\/p>\n<p>\u201cEu acho que \u00e9 excelente a ideia de, ao vivo, n\u00f3s falarmos sobre golpe de Estado. Excelente. Estou muito feliz [porque] teremos a oportunidade de esclarecer o que aconteceu naquele momento. O senhor vai responder, senhor. Sem problema nenhum\u201d, disse.<\/p>\n<p>Bolsonaro salientou, ainda, n\u00e3o ter rela\u00e7\u00e3o com a deputada federal Carla Zambelli e que n\u00e3o enviou dinheiro para ela, que teve o nome inclu\u00eddo na lista da Interpol ap\u00f3s fugir do Brasil.<\/p>\n<p>\u201cEu vi pela imprensa que estou no inqu\u00e9rito tamb\u00e9m [sobre Zambelli]. Mas esse assunto n\u00e3o foi tratado. N\u00e3o tenho nada a ver com a Carla Zambelli, n\u00e3o botei dinheiro no Pix dela, t\u00e1 certo? Realmente acompanhei pela imprensa o caso dela\u201d, finalizou.<\/p>\n<p><em>Siga o Acorda Cidade no<\/em><a href=\"https:\/\/news.google.com\/search?q=acorda%20cidade&amp;hl=pt-BR&amp;gl=BR&amp;ceid=BR%3Apt-419\"><strong><em>\u00a0Google Not\u00edcias<\/em><\/strong><\/a><em>\u00a0e receba os principais destaques do dia. Participe tamb\u00e9m dos nossos canais no\u00a0<\/em><a href=\"https:\/\/www.whatsapp.com\/channel\/0029Va6Rb4v3WHTNnsh8WI3N\"><strong><em>WhatsApp<\/em><\/strong><\/a><em>\u00a0e\u00a0<\/em><a href=\"https:\/\/www.youtube.com\/@acordacidadenoticias\/videos\"><strong>YouTube<\/strong><\/a><em>\u00a0e grupo de\u00a0<\/em><a href=\"https:\/\/t.me\/+sSz0khrgARA0ZmRh\"><strong><em>Telegram<\/em><\/strong><\/a><em>.<\/em><\/p>\n<\/div>\n","protected":false},"excerpt":{"rendered":"<div>Ex-presidente prestou depoimento hoje na Pol\u00edcia Federal, em Bras\u00edlia<\/div>\n","protected":false},"author":1,"featured_media":0,"comment_status":"closed","ping_status":"closed","sticky":false,"template":"","format":"gallery","meta":{"footnotes":""},"categories":[8,9,6,57,56,10],"tags":[],"class_list":["post-88955","post","type-post","status-publish","format-gallery","hentry","category-bahia","category-brasil","category-feira-de-santana","category-mundo","category-policia","category-politica","post_format-post-format-gallery"],"featured_image_urls":{"full":"","thumbnail":"","medium":"","medium_large":"","large":"","1536x1536":"","2048x2048":"","chromenews-featured":"","chromenews-large":"","chromenews-medium":""},"author_info":{"display_name":"noticiasbahia360.com.br","author_link":"https:\/\/noticiasbahia360.com.br\/?author=1"},"category_info":"<a href=\"https:\/\/noticiasbahia360.com.br\/?cat=8\" rel=\"category\">Bahia<\/a> <a href=\"https:\/\/noticiasbahia360.com.br\/?cat=9\" rel=\"category\">Brasil<\/a> <a href=\"https:\/\/noticiasbahia360.com.br\/?cat=6\" rel=\"category\">Feira de Santana<\/a> <a href=\"https:\/\/noticiasbahia360.com.br\/?cat=57\" rel=\"category\">Mundo<\/a> <a href=\"https:\/\/noticiasbahia360.com.br\/?cat=56\" rel=\"category\">Pol\u00edcia<\/a> <a href=\"https:\/\/noticiasbahia360.com.br\/?cat=10\" rel=\"category\">Pol\u00edtica<\/a>","tag_info":"Pol\u00edtica","comment_count":"0","_links":{"self":[{"href":"https:\/\/noticiasbahia360.com.br\/index.php?rest_route=\/wp\/v2\/posts\/88955","targetHints":{"allow":["GET"]}}],"collection":[{"href":"https:\/\/noticiasbahia360.com.br\/index.php?rest_route=\/wp\/v2\/posts"}],"about":[{"href":"https:\/\/noticiasbahia360.com.br\/index.php?rest_route=\/wp\/v2\/types\/post"}],"author":[{"embeddable":true,"href":"https:\/\/noticiasbahia360.com.br\/index.php?rest_route=\/wp\/v2\/users\/1"}],"replies":[{"embeddable":true,"href":"https:\/\/noticiasbahia360.com.br\/index.php?rest_route=%2Fwp%2Fv2%2Fcomments&post=88955"}],"version-history":[{"count":0,"href":"https:\/\/noticiasbahia360.com.br\/index.php?rest_route=\/wp\/v2\/posts\/88955\/revisions"}],"wp:attachment":[{"href":"https:\/\/noticiasbahia360.com.br\/index.php?rest_route=%2Fwp%2Fv2%2Fmedia&parent=88955"}],"wp:term":[{"taxonomy":"category","embeddable":true,"href":"https:\/\/noticiasbahia360.com.br\/index.php?rest_route=%2Fwp%2Fv2%2Fcategories&post=88955"},{"taxonomy":"post_tag","embeddable":true,"href":"https:\/\/noticiasbahia360.com.br\/index.php?rest_route=%2Fwp%2Fv2%2Ftags&post=88955"}],"curies":[{"name":"wp","href":"https:\/\/api.w.org\/{rel}","templated":true}]}}