{"id":88956,"date":"2025-06-06T07:42:33","date_gmt":"2025-06-06T10:42:33","guid":{"rendered":"https:\/\/noticiasbahia360.com.br\/?p=88956"},"modified":"2025-06-06T07:42:33","modified_gmt":"2025-06-06T10:42:33","slug":"feira-de-santana-recebe-nova-ambulancia-para-reforcar-frota-do-samu","status":"publish","type":"post","link":"https:\/\/noticiasbahia360.com.br\/?p=88956","title":{"rendered":"Feira de Santana recebe nova ambul\u00e2ncia para refor\u00e7ar frota do Samu"},"content":{"rendered":"<div>\n<div>\n<figure><img decoding=\"async\" src=\"http:\/\/noticiasbahia360.com.br\/wp-content\/uploads\/2025\/06\/Entrega-de-ambulancia-para-o-SAMU-Fotos-Wevilly-Monteiro-5.jpg\" alt=\"Frota de Ambul\u00e2ncia do Samu\"><figcaption>Foto: Wevilly Monteiro<\/figcaption><\/figure>\n<\/div>\n<p>O Servi\u00e7o de Atendimento M\u00f3vel de Urg\u00eancia (<a href=\"https:\/\/www.acordacidade.com.br\/tag\/samu\/\">Samu<\/a>) ganha refor\u00e7o com a entrega de mais uma ambul\u00e2ncia de suporte b\u00e1sico. O ve\u00edculo para renova\u00e7\u00e3o da frota foi recebido pelo secret\u00e1rio municipal de Sa\u00fade, Rodrigo Matos, nesta quinta-feira (5), em Salvador.<\/p>\n<p>Esta \u00e9 a oitava ambul\u00e2ncia entregue pelo Minist\u00e9rio da Sa\u00fade \u00e0 Prefeitura de Feira de Santana somente neste ano. A nova unidade vai refor\u00e7ar o atendimento \u00e0 popula\u00e7\u00e3o, garantindo respostas mais r\u00e1pidas e eficientes \u00e0s ocorr\u00eancias de urg\u00eancia e emerg\u00eancia.<\/p>\n<figure class=\"wp-block-image size-large\"><img fetchpriority=\"high\" data-dominant-color=\"7d777b\" data-has-transparency=\"false\" style=\"--dominant-color: #7d777b;\" fetchpriority=\"high\" decoding=\"async\" width=\"1152\" height=\"768\" sizes=\"(max-width: 1152px) 100vw, 1152px\" src=\"http:\/\/noticiasbahia360.com.br\/wp-content\/uploads\/2025\/06\/KqunKqjC-Entrega-de-ambulancia-para-o-SAMU-Fotos-Wevilly-Monteiro-4-1152x768-1.webp\" alt=\"Frota de Ambul\u00e2ncia do Samu\" class=\"wp-image-562892 not-transparent\" srcset=\"https:\/\/uploads.acordacidade.com.br\/2025\/06\/KqunKqjC-Entrega-de-ambulancia-para-o-SAMU-Fotos-Wevilly-Monteiro-4-548x365.webp 548w, http:\/\/noticiasbahia360.com.br\/wp-content\/uploads\/2025\/06\/KqunKqjC-Entrega-de-ambulancia-para-o-SAMU-Fotos-Wevilly-Monteiro-4-1152x768-1.webp 1152w, https:\/\/uploads.acordacidade.com.br\/2025\/06\/KqunKqjC-Entrega-de-ambulancia-para-o-SAMU-Fotos-Wevilly-Monteiro-4-830x553.webp 830w, https:\/\/uploads.acordacidade.com.br\/2025\/06\/KqunKqjC-Entrega-de-ambulancia-para-o-SAMU-Fotos-Wevilly-Monteiro-4-150x100.webp 150w, https:\/\/uploads.acordacidade.com.br\/2025\/06\/KqunKqjC-Entrega-de-ambulancia-para-o-SAMU-Fotos-Wevilly-Monteiro-4.webp 1200w\"><figcaption class=\"wp-element-caption\">Foto: Wevilly Monteiro<\/figcaption><\/figure>\n<p>O secret\u00e1rio Rodrigo Matos destacou a import\u00e2ncia da parceria entre os diferentes entes federativos para a melhoria da assist\u00eancia em sa\u00fade no munic\u00edpio. \u201cMesmo com tantos desafios, isso demonstra a forma correta de fazer gest\u00e3o, prezando por um relacionamento harmonioso e baseado no di\u00e1logo\u201d, afirmou. Ele lembrou que, no in\u00edcio da atual administra\u00e7\u00e3o, a frota do Samu apresentava s\u00e9rios problemas, com ve\u00edculos fora de funcionamento.<\/p>\n<p>Em maio, Rodrigo Matos e a coordenadora do Samu, Rita Lima, apresentaram \u00e0 popula\u00e7\u00e3o os sete primeiros ve\u00edculos entregues: seis ambul\u00e2ncias de suporte b\u00e1sico, destinadas \u00e0 renova\u00e7\u00e3o da frota, e uma unidade de suporte avan\u00e7ado.<\/p>\n<p>Com a nova aquisi\u00e7\u00e3o que vai substituir outro ve\u00edculo, o Samu de Feira de Santana agora passa a ter 11 ambul\u00e2ncias em opera\u00e7\u00e3o, sendo oito de suporte b\u00e1sico e tr\u00eas de suporte avan\u00e7ado, ampliando significativamente a capacidade de resposta do servi\u00e7o no munic\u00edpio.<\/p>\n<p><em>As informa\u00e7\u00f5es s\u00e3o da Secretaria de Comunica\u00e7\u00e3o Social<\/em><\/p>\n<p><em>Siga o Acorda Cidade no<\/em><a href=\"https:\/\/news.google.com\/search?q=acorda%20cidade&amp;hl=pt-BR&amp;gl=BR&amp;ceid=BR%3Apt-419\"><strong><em> Google Not\u00edcias<\/em><\/strong><\/a><em> e receba os principais destaques do dia. Participe tamb\u00e9m dos nossos canais no <\/em><a href=\"https:\/\/whatsapp.com\/channel\/0029Va6Rb4v3WHTNnsh8WI3N\"><strong><em>WhatsApp<\/em><\/strong><\/a><em> e <\/em><a href=\"https:\/\/www.youtube.com\/@acordacidadenoticias\/videos\"><strong>Youtube<\/strong><\/a><em> e grupo de <\/em><a href=\"https:\/\/t.me\/+sSz0khrgARA0ZmRh\"><strong><em>Telegram<\/em><\/strong><\/a><em>.<\/em><\/p>\n<\/div>\n","protected":false},"excerpt":{"rendered":"<div>\n<div>\n<figure><img decoding=\"async\" src=\"https:\/\/uploads.acordacidade.com.br\/2025\/06\/Entrega-de-ambulancia-para-o-SAMU-Fotos-Wevilly-Monteiro-5.jpg\" alt=\"Frota de Ambul\u00e2ncia do Samu\"><figcaption>Foto: Wevilly Monteiro<\/figcaption><\/figure>\n<\/div>\n<p>A ambul\u00e2ncia para renova\u00e7\u00e3o da frota foi recebida pelo secret\u00e1rio de Sa\u00fade, Rodrigo Matos.<\/p><\/div>\n","protected":false},"author":1,"featured_media":88957,"comment_status":"closed","ping_status":"closed","sticky":false,"template":"","format":"gallery","meta":{"footnotes":""},"categories":[8,9,6,57,56,10],"tags":[],"class_list":["post-88956","post","type-post","status-publish","format-gallery","has-post-thumbnail","hentry","category-bahia","category-brasil","category-feira-de-santana","category-mundo","category-policia","category-politica","post_format-post-format-gallery"],"featured_image_urls":{"full":["https:\/\/noticiasbahia360.com.br\/wp-content\/uploads\/2025\/06\/Entrega-de-ambulancia-para-o-SAMU-Fotos-Wevilly-Monteiro-5.jpg",1200,800,false],"thumbnail":["https:\/\/noticiasbahia360.com.br\/wp-content\/uploads\/2025\/06\/Entrega-de-ambulancia-para-o-SAMU-Fotos-Wevilly-Monteiro-5-150x150.jpg",150,150,true],"medium":["https:\/\/noticiasbahia360.com.br\/wp-content\/uploads\/2025\/06\/Entrega-de-ambulancia-para-o-SAMU-Fotos-Wevilly-Monteiro-5-300x200.jpg",300,200,true],"medium_large":["https:\/\/noticiasbahia360.com.br\/wp-content\/uploads\/2025\/06\/Entrega-de-ambulancia-para-o-SAMU-Fotos-Wevilly-Monteiro-5-768x512.jpg",640,427,true],"large":["https:\/\/noticiasbahia360.com.br\/wp-content\/uploads\/2025\/06\/Entrega-de-ambulancia-para-o-SAMU-Fotos-Wevilly-Monteiro-5-1024x683.jpg",640,427,true],"1536x1536":["https:\/\/noticiasbahia360.com.br\/wp-content\/uploads\/2025\/06\/Entrega-de-ambulancia-para-o-SAMU-Fotos-Wevilly-Monteiro-5.jpg",1200,800,false],"2048x2048":["https:\/\/noticiasbahia360.com.br\/wp-content\/uploads\/2025\/06\/Entrega-de-ambulancia-para-o-SAMU-Fotos-Wevilly-Monteiro-5.jpg",1200,800,false],"chromenews-featured":["https:\/\/noticiasbahia360.com.br\/wp-content\/uploads\/2025\/06\/Entrega-de-ambulancia-para-o-SAMU-Fotos-Wevilly-Monteiro-5-1024x683.jpg",1024,683,true],"chromenews-large":["https:\/\/noticiasbahia360.com.br\/wp-content\/uploads\/2025\/06\/Entrega-de-ambulancia-para-o-SAMU-Fotos-Wevilly-Monteiro-5-825x575.jpg",825,575,true],"chromenews-medium":["https:\/\/noticiasbahia360.com.br\/wp-content\/uploads\/2025\/06\/Entrega-de-ambulancia-para-o-SAMU-Fotos-Wevilly-Monteiro-5-590x410.jpg",590,410,true]},"author_info":{"display_name":"noticiasbahia360.com.br","author_link":"https:\/\/noticiasbahia360.com.br\/?author=1"},"category_info":"<a href=\"https:\/\/noticiasbahia360.com.br\/?cat=8\" rel=\"category\">Bahia<\/a> <a href=\"https:\/\/noticiasbahia360.com.br\/?cat=9\" rel=\"category\">Brasil<\/a> <a href=\"https:\/\/noticiasbahia360.com.br\/?cat=6\" rel=\"category\">Feira de Santana<\/a> <a href=\"https:\/\/noticiasbahia360.com.br\/?cat=57\" rel=\"category\">Mundo<\/a> <a href=\"https:\/\/noticiasbahia360.com.br\/?cat=56\" rel=\"category\">Pol\u00edcia<\/a> <a href=\"https:\/\/noticiasbahia360.com.br\/?cat=10\" rel=\"category\">Pol\u00edtica<\/a>","tag_info":"Pol\u00edtica","comment_count":"0","_links":{"self":[{"href":"https:\/\/noticiasbahia360.com.br\/index.php?rest_route=\/wp\/v2\/posts\/88956","targetHints":{"allow":["GET"]}}],"collection":[{"href":"https:\/\/noticiasbahia360.com.br\/index.php?rest_route=\/wp\/v2\/posts"}],"about":[{"href":"https:\/\/noticiasbahia360.com.br\/index.php?rest_route=\/wp\/v2\/types\/post"}],"author":[{"embeddable":true,"href":"https:\/\/noticiasbahia360.com.br\/index.php?rest_route=\/wp\/v2\/users\/1"}],"replies":[{"embeddable":true,"href":"https:\/\/noticiasbahia360.com.br\/index.php?rest_route=%2Fwp%2Fv2%2Fcomments&post=88956"}],"version-history":[{"count":0,"href":"https:\/\/noticiasbahia360.com.br\/index.php?rest_route=\/wp\/v2\/posts\/88956\/revisions"}],"wp:featuredmedia":[{"embeddable":true,"href":"https:\/\/noticiasbahia360.com.br\/index.php?rest_route=\/wp\/v2\/media\/88957"}],"wp:attachment":[{"href":"https:\/\/noticiasbahia360.com.br\/index.php?rest_route=%2Fwp%2Fv2%2Fmedia&parent=88956"}],"wp:term":[{"taxonomy":"category","embeddable":true,"href":"https:\/\/noticiasbahia360.com.br\/index.php?rest_route=%2Fwp%2Fv2%2Fcategories&post=88956"},{"taxonomy":"post_tag","embeddable":true,"href":"https:\/\/noticiasbahia360.com.br\/index.php?rest_route=%2Fwp%2Fv2%2Ftags&post=88956"}],"curies":[{"name":"wp","href":"https:\/\/api.w.org\/{rel}","templated":true}]}}