{"id":88959,"date":"2025-06-06T07:54:48","date_gmt":"2025-06-06T10:54:48","guid":{"rendered":"https:\/\/noticiasbahia360.com.br\/?p=88959"},"modified":"2025-06-06T07:54:48","modified_gmt":"2025-06-06T10:54:48","slug":"fundacao-hospitalar-alerta-sobre-a-importancia-do-teste-do-pezinho-no-diagnostico-precoce-de-doencas-raras","status":"publish","type":"post","link":"https:\/\/noticiasbahia360.com.br\/?p=88959","title":{"rendered":"Funda\u00e7\u00e3o Hospitalar alerta sobre a import\u00e2ncia do Teste do Pezinho no diagn\u00f3stico precoce de doen\u00e7as raras"},"content":{"rendered":"<div>\n<div>\n<figure><img decoding=\"async\" src=\"http:\/\/noticiasbahia360.com.br\/wp-content\/uploads\/2025\/06\/testedopezinho_agenciasenado.jpg\" alt=\"BIE - Teste do pezinho no Hospital Regional de Taguatinga (HRT). O teste do pezinho, exame feito a partir de sangue coletado do calcanhar do beb\u00ea, \u00e9 uma das principais formas de diagnosticar seis doen\u00e7as que, quanto mais cedo forem identificadas, melhores s\u00e3o as chances de tratamento. S\u00e3o elas fenilceton\u00faria, hipotireoidismo cong\u00eanito, doen\u00e7a falciforme e outras hemoglobinopatias, fibrose c\u00edstica, defici\u00eancia de biotinidase e hiperplasia adrenal cong\u00eanita. Para realizar o teste do pezinho, a fam\u00edlia deve levar o rec\u00e9m-nascido a uma unidade b\u00e1sica de sa\u00fade entre o 3\u00b0 e o 5\u00b0 dia de vida. \u00c9 fundamental ter aten\u00e7\u00e3o a esse prazo. Foto: Edilson Rodrigues\/Ag\u00eancia Senado\"><figcaption>Foto: Edilson Rodrigues\/Ag\u00eancia Senado<\/figcaption><\/figure>\n<\/div>\n<p>Nesta sexta-feira (6), quando ser\u00e1 celebrado o Dia Nacional do Teste do Pezinho, a Prefeitura de <a href=\"https:\/\/www.acordacidade.com.br\/tag\/feira-de-santana\/\">Feira de Santana<\/a>, por meio da Funda\u00e7\u00e3o Hospitalar, refor\u00e7a a import\u00e2ncia da Triagem Neonatal Biol\u00f3gica \u2014 popularmente conhecida como Teste do Pezinho \u2014 para o diagn\u00f3stico precoce de doen\u00e7as raras em rec\u00e9m-nascidos. O exame, considerado um dos mais relevantes nos primeiros dias de vida do beb\u00ea, pode detectar enfermidades como fenilceton\u00faria e hipotireoidismo cong\u00eanito, prevenindo sequelas neurol\u00f3gicas graves e possibilitando tratamento imediato.<\/p>\n<p>O teste est\u00e1 dispon\u00edvel gratuitamente no laborat\u00f3rio de an\u00e1lises cl\u00ednicas do Hospital In\u00e1cia Pinto dos Santos (Hospital da Mulher), atrav\u00e9s do Sistema \u00danico de Sa\u00fade (SUS), de segunda a quinta-feira, das 7h \u00e0s 9h. Entre janeiro e dezembro de 2024, foram realizados 2.645 testes. De janeiro a maio de 2025, j\u00e1 foram contabilizados 1.519 exames \u2014 um aumento de 35% em compara\u00e7\u00e3o ao mesmo per\u00edodo do ano anterior, segundo a diretora-presidente da Funda\u00e7\u00e3o Hospitalar, Gilberte Lucas.<\/p>\n<p>\u201cReestruturamos e ampliamos nossos servi\u00e7os com o novo Ambulat\u00f3rio de Pediatria. Hoje realizamos cerca de 40 testes por dia, com livre demanda, ou seja, sem necessidade de agendamento, o que contribui para o crescimento expressivo na realiza\u00e7\u00e3o deste exame essencial para a sa\u00fade do rec\u00e9m-nascido\u201d, destacou Gilberte.<\/p>\n<p>O exame \u00e9 simples e indolor: com apenas uma gota de sangue retirada do calcanhar do beb\u00ea, preferencialmente entre o 3\u00ba e o 5\u00ba dia de vida, \u00e9 poss\u00edvel detectar diversas doen\u00e7as gen\u00e9ticas, metab\u00f3licas e infecciosas. Entre elas, est\u00e3o: fenilceton\u00faria, hipotireoidismo cong\u00eanito, s\u00edndromes falciformes, fibrose c\u00edstica, hiperplasia adrenal cong\u00eanita, defici\u00eancia de biotinidase e toxoplasmose cong\u00eanita.<\/p>\n<p>\u201cO ideal \u00e9 que o teste seja feito dentro da primeira semana de vida do beb\u00ea, pois \u00e9 nesse per\u00edodo que conseguimos intervir precocemente, evitando complica\u00e7\u00f5es. Ap\u00f3s os 30 dias de nascimento, o exame s\u00f3 pode ser realizado mediante relat\u00f3rio m\u00e9dico\u201d, explicou o bioqu\u00edmico e coordenador do laborat\u00f3rio de an\u00e1lises cl\u00ednicas do Hospital da Mulher, Andr\u00e9 Galv\u00e3o.<\/p>\n<p>A amostra coletada \u00e9 enviada para a APAE Salvador, respons\u00e1vel pela an\u00e1lise. Caso seja identificada alguma altera\u00e7\u00e3o, uma nova coleta \u00e9 solicitada. Os resultados ficam prontos entre 15 e 30 dias e podem ser acessados no site www.fhfs.ba.gov.br\/laudos ou presencialmente, na Rua da Barra, 705 \u2013 setor anexo do Hospital da Mulher. Mais informa\u00e7\u00f5es pelos telefones (75) 3602-7168 ou 3602-7143.<\/p>\n<p><em>As informa\u00e7\u00f5es s\u00e3o da Secretaria de Comunica\u00e7\u00e3o Social<\/em><\/p>\n<p><em>Siga o Acorda Cidade no<\/em><a href=\"https:\/\/news.google.com\/search?q=acorda%20cidade&amp;hl=pt-BR&amp;gl=BR&amp;ceid=BR%3Apt-419\"><strong><em> Google Not\u00edcias<\/em><\/strong><\/a><em> e receba os principais destaques do dia. Participe tamb\u00e9m dos nossos canais no <\/em><a href=\"https:\/\/whatsapp.com\/channel\/0029Va6Rb4v3WHTNnsh8WI3N\"><strong><em>WhatsApp<\/em><\/strong><\/a><em> e <\/em><a href=\"https:\/\/www.youtube.com\/@acordacidadenoticias\/videos\"><strong>Youtube<\/strong><\/a><em> e grupo de <\/em><a href=\"https:\/\/t.me\/+sSz0khrgARA0ZmRh\"><strong><em>Telegram<\/em><\/strong><\/a><em>.<\/em><\/p>\n<\/div>\n","protected":false},"excerpt":{"rendered":"<div>\n<div>\n<figure><img decoding=\"async\" src=\"https:\/\/uploads.acordacidade.com.br\/wp-content\/uploads\/2023\/02\/28101911\/testedopezinho_agenciasenado.jpg\" alt=\"BIE - Teste do pezinho no Hospital Regional de Taguatinga (HRT). O teste do pezinho, exame feito a partir de sangue coletado do calcanhar do beb\u00ea, \u00e9 uma das principais formas de diagnosticar seis doen\u00e7as que, quanto mais cedo forem identificadas, melhores s\u00e3o as chances de tratamento. S\u00e3o elas fenilceton\u00faria, hipotireoidismo cong\u00eanito, doen\u00e7a falciforme e outras hemoglobinopatias, fibrose c\u00edstica, defici\u00eancia de biotinidase e hiperplasia adrenal cong\u00eanita. Para realizar o teste do pezinho, a fam\u00edlia deve levar o rec\u00e9m-nascido a uma unidade b\u00e1sica de sa\u00fade entre o 3\u00b0 e o 5\u00b0 dia de vida. \u00c9 fundamental ter aten\u00e7\u00e3o a esse prazo. Foto: Edilson Rodrigues\/Ag\u00eancia Senado\"><figcaption>Foto: Edilson Rodrigues\/Ag\u00eancia Senado<\/figcaption><\/figure>\n<\/div>\n<p>O exame \u00e9 simples e indolor, feito com apenas uma gota de sangue retirada do calcanhar do beb\u00ea.<\/p><\/div>\n","protected":false},"author":1,"featured_media":88960,"comment_status":"closed","ping_status":"closed","sticky":false,"template":"","format":"gallery","meta":{"footnotes":""},"categories":[8,9,6,57,56,10],"tags":[],"class_list":["post-88959","post","type-post","status-publish","format-gallery","has-post-thumbnail","hentry","category-bahia","category-brasil","category-feira-de-santana","category-mundo","category-policia","category-politica","post_format-post-format-gallery"],"featured_image_urls":{"full":["https:\/\/noticiasbahia360.com.br\/wp-content\/uploads\/2025\/06\/testedopezinho_agenciasenado.jpg",640,382,false],"thumbnail":["https:\/\/noticiasbahia360.com.br\/wp-content\/uploads\/2025\/06\/testedopezinho_agenciasenado-150x150.jpg",150,150,true],"medium":["https:\/\/noticiasbahia360.com.br\/wp-content\/uploads\/2025\/06\/testedopezinho_agenciasenado-300x179.jpg",300,179,true],"medium_large":["https:\/\/noticiasbahia360.com.br\/wp-content\/uploads\/2025\/06\/testedopezinho_agenciasenado.jpg",640,382,false],"large":["https:\/\/noticiasbahia360.com.br\/wp-content\/uploads\/2025\/06\/testedopezinho_agenciasenado.jpg",640,382,false],"1536x1536":["https:\/\/noticiasbahia360.com.br\/wp-content\/uploads\/2025\/06\/testedopezinho_agenciasenado.jpg",640,382,false],"2048x2048":["https:\/\/noticiasbahia360.com.br\/wp-content\/uploads\/2025\/06\/testedopezinho_agenciasenado.jpg",640,382,false],"chromenews-featured":["https:\/\/noticiasbahia360.com.br\/wp-content\/uploads\/2025\/06\/testedopezinho_agenciasenado.jpg",640,382,false],"chromenews-large":["https:\/\/noticiasbahia360.com.br\/wp-content\/uploads\/2025\/06\/testedopezinho_agenciasenado.jpg",640,382,false],"chromenews-medium":["https:\/\/noticiasbahia360.com.br\/wp-content\/uploads\/2025\/06\/testedopezinho_agenciasenado-590x382.jpg",590,382,true]},"author_info":{"display_name":"noticiasbahia360.com.br","author_link":"https:\/\/noticiasbahia360.com.br\/?author=1"},"category_info":"<a href=\"https:\/\/noticiasbahia360.com.br\/?cat=8\" rel=\"category\">Bahia<\/a> <a href=\"https:\/\/noticiasbahia360.com.br\/?cat=9\" rel=\"category\">Brasil<\/a> <a href=\"https:\/\/noticiasbahia360.com.br\/?cat=6\" rel=\"category\">Feira de Santana<\/a> <a href=\"https:\/\/noticiasbahia360.com.br\/?cat=57\" rel=\"category\">Mundo<\/a> <a href=\"https:\/\/noticiasbahia360.com.br\/?cat=56\" rel=\"category\">Pol\u00edcia<\/a> <a href=\"https:\/\/noticiasbahia360.com.br\/?cat=10\" rel=\"category\">Pol\u00edtica<\/a>","tag_info":"Pol\u00edtica","comment_count":"0","_links":{"self":[{"href":"https:\/\/noticiasbahia360.com.br\/index.php?rest_route=\/wp\/v2\/posts\/88959","targetHints":{"allow":["GET"]}}],"collection":[{"href":"https:\/\/noticiasbahia360.com.br\/index.php?rest_route=\/wp\/v2\/posts"}],"about":[{"href":"https:\/\/noticiasbahia360.com.br\/index.php?rest_route=\/wp\/v2\/types\/post"}],"author":[{"embeddable":true,"href":"https:\/\/noticiasbahia360.com.br\/index.php?rest_route=\/wp\/v2\/users\/1"}],"replies":[{"embeddable":true,"href":"https:\/\/noticiasbahia360.com.br\/index.php?rest_route=%2Fwp%2Fv2%2Fcomments&post=88959"}],"version-history":[{"count":0,"href":"https:\/\/noticiasbahia360.com.br\/index.php?rest_route=\/wp\/v2\/posts\/88959\/revisions"}],"wp:featuredmedia":[{"embeddable":true,"href":"https:\/\/noticiasbahia360.com.br\/index.php?rest_route=\/wp\/v2\/media\/88960"}],"wp:attachment":[{"href":"https:\/\/noticiasbahia360.com.br\/index.php?rest_route=%2Fwp%2Fv2%2Fmedia&parent=88959"}],"wp:term":[{"taxonomy":"category","embeddable":true,"href":"https:\/\/noticiasbahia360.com.br\/index.php?rest_route=%2Fwp%2Fv2%2Fcategories&post=88959"},{"taxonomy":"post_tag","embeddable":true,"href":"https:\/\/noticiasbahia360.com.br\/index.php?rest_route=%2Fwp%2Fv2%2Ftags&post=88959"}],"curies":[{"name":"wp","href":"https:\/\/api.w.org\/{rel}","templated":true}]}}