{"id":88961,"date":"2025-06-06T09:01:20","date_gmt":"2025-06-06T12:01:20","guid":{"rendered":"https:\/\/noticiasbahia360.com.br\/?p=88961"},"modified":"2025-06-06T09:01:20","modified_gmt":"2025-06-06T12:01:20","slug":"feira-de-santana-recebera-financiamento-para-findar-alagamentos-na-cidade","status":"publish","type":"post","link":"https:\/\/noticiasbahia360.com.br\/?p=88961","title":{"rendered":"Feira de Santana receber\u00e1 financiamento para findar alagamentos na cidade"},"content":{"rendered":"<div>\n<div>\n<figure><img decoding=\"async\" src=\"http:\/\/noticiasbahia360.com.br\/wp-content\/uploads\/2025\/06\/feiradesantana_foto_ACM_reproducaoprefeitura.jpg\" alt=\"Feira de Santana\"><figcaption>Foto: ACM\/Reprodu\u00e7\u00e3o Prefeitura<\/figcaption><\/figure>\n<\/div>\n<p>O Banco Internacional confirmou \u00e0 Prefeitura de <a href=\"https:\/\/www.acordacidade.com.br\/tag\/feira-de-santana\/\">Feira de Santana <\/a>a aprova\u00e7\u00e3o de um financiamento para a execu\u00e7\u00e3o de importantes obras de infraestrutura no munic\u00edpio. Al\u00e9m da urbaniza\u00e7\u00e3o de cinco lagoas, boa parte dos recursos ser\u00e1 destinada \u00e0 realiza\u00e7\u00e3o de servi\u00e7os de drenagem, com o objetivo de eliminar, de forma definitiva, os alagamentos em diversos bairros.<\/p>\n<p>O prefeito Jos\u00e9 Ronaldo informou que, para a libera\u00e7\u00e3o do empr\u00e9stimo, ainda \u00e9 necess\u00e1rio concluir alguns tr\u00e2mites legais junto a outros \u00f3rg\u00e3os, mas garantiu que as obras ser\u00e3o iniciadas em breve. \u201cS\u00e3o investimentos necess\u00e1rios para p\u00f4r fim aos problemas de alagamento em algumas vias p\u00fablicas durante os per\u00edodos chuvosos. Assumimos esse compromisso com a popula\u00e7\u00e3o e, em breve, estaremos cumprindo\u201d, afirmou.<\/p>\n<p>Para viabilizar essas obras, a Prefeitura j\u00e1 elaborou os projetos preliminares. \u201cJ\u00e1 conclu\u00edmos o projeto executivo para acabar com o alagamento do Campo Limpo e da Bara\u00fanas, e estamos finalizando o projeto da regi\u00e3o do Panorama\u201d, destacou o prefeito.<\/p>\n<p>No caso espec\u00edfico da drenagem do bairro Bara\u00fanas, a Prefeitura pretende rebaixar o canal j\u00e1 existente na Avenida de Canal. Isso porque, devido ao n\u00edvel atual do canal, quando h\u00e1 ac\u00famulo de \u00e1gua, em vez de escoar corretamente, a \u00e1gua acaba retornando pela tubula\u00e7\u00e3o e alagando o bairro.<\/p>\n<p><em>Informa\u00e7\u00f5es da Secom da Prefeitura de Feira de Santana<\/em><\/p>\n<p><em>Siga o Acorda Cidade no<\/em><a href=\"https:\/\/news.google.com\/search?q=acorda%20cidade&amp;hl=pt-BR&amp;gl=BR&amp;ceid=BR%3Apt-419\"><strong><em> Google Not\u00edcias<\/em><\/strong><\/a><em> e receba os principais destaques do dia. Participe tamb\u00e9m dos nossos canais no <\/em><a href=\"https:\/\/whatsapp.com\/channel\/0029Va6Rb4v3WHTNnsh8WI3N\"><strong><em>WhatsApp<\/em><\/strong><\/a><em> e <\/em><a href=\"https:\/\/www.youtube.com\/@acordacidadenoticias\/videos\"><strong>Youtube<\/strong><\/a><em> e grupo de <\/em><a href=\"https:\/\/t.me\/+sSz0khrgARA0ZmRh\"><strong><em>Telegram<\/em><\/strong><\/a><em>.<\/em><\/p>\n<\/div>\n","protected":false},"excerpt":{"rendered":"<div>\n<div>\n<figure><img decoding=\"async\" src=\"https:\/\/uploads.acordacidade.com.br\/2025\/06\/feiradesantana_foto_ACM_reproducaoprefeitura.jpg\" alt=\"Feira de Santana\"><figcaption>Foto: ACM\/Reprodu\u00e7\u00e3o Prefeitura<\/figcaption><\/figure>\n<\/div>\n<p>Para a libera\u00e7\u00e3o do empr\u00e9stimo ainda \u00e9 necess\u00e1rio concluir alguns tr\u00e2mites legais junto a outros \u00f3rg\u00e3os<\/p><\/div>\n","protected":false},"author":1,"featured_media":88962,"comment_status":"closed","ping_status":"closed","sticky":false,"template":"","format":"gallery","meta":{"footnotes":""},"categories":[8,9,6,57,56,10],"tags":[],"class_list":["post-88961","post","type-post","status-publish","format-gallery","has-post-thumbnail","hentry","category-bahia","category-brasil","category-feira-de-santana","category-mundo","category-policia","category-politica","post_format-post-format-gallery"],"featured_image_urls":{"full":["https:\/\/noticiasbahia360.com.br\/wp-content\/uploads\/2025\/06\/feiradesantana_foto_ACM_reproducaoprefeitura.jpg",1200,799,false],"thumbnail":["https:\/\/noticiasbahia360.com.br\/wp-content\/uploads\/2025\/06\/feiradesantana_foto_ACM_reproducaoprefeitura-150x150.jpg",150,150,true],"medium":["https:\/\/noticiasbahia360.com.br\/wp-content\/uploads\/2025\/06\/feiradesantana_foto_ACM_reproducaoprefeitura-300x200.jpg",300,200,true],"medium_large":["https:\/\/noticiasbahia360.com.br\/wp-content\/uploads\/2025\/06\/feiradesantana_foto_ACM_reproducaoprefeitura-768x511.jpg",640,426,true],"large":["https:\/\/noticiasbahia360.com.br\/wp-content\/uploads\/2025\/06\/feiradesantana_foto_ACM_reproducaoprefeitura-1024x682.jpg",640,426,true],"1536x1536":["https:\/\/noticiasbahia360.com.br\/wp-content\/uploads\/2025\/06\/feiradesantana_foto_ACM_reproducaoprefeitura.jpg",1200,799,false],"2048x2048":["https:\/\/noticiasbahia360.com.br\/wp-content\/uploads\/2025\/06\/feiradesantana_foto_ACM_reproducaoprefeitura.jpg",1200,799,false],"chromenews-featured":["https:\/\/noticiasbahia360.com.br\/wp-content\/uploads\/2025\/06\/feiradesantana_foto_ACM_reproducaoprefeitura-1024x682.jpg",1024,682,true],"chromenews-large":["https:\/\/noticiasbahia360.com.br\/wp-content\/uploads\/2025\/06\/feiradesantana_foto_ACM_reproducaoprefeitura-825x575.jpg",825,575,true],"chromenews-medium":["https:\/\/noticiasbahia360.com.br\/wp-content\/uploads\/2025\/06\/feiradesantana_foto_ACM_reproducaoprefeitura-590x410.jpg",590,410,true]},"author_info":{"display_name":"noticiasbahia360.com.br","author_link":"https:\/\/noticiasbahia360.com.br\/?author=1"},"category_info":"<a href=\"https:\/\/noticiasbahia360.com.br\/?cat=8\" rel=\"category\">Bahia<\/a> <a href=\"https:\/\/noticiasbahia360.com.br\/?cat=9\" rel=\"category\">Brasil<\/a> <a href=\"https:\/\/noticiasbahia360.com.br\/?cat=6\" rel=\"category\">Feira de Santana<\/a> <a href=\"https:\/\/noticiasbahia360.com.br\/?cat=57\" rel=\"category\">Mundo<\/a> <a href=\"https:\/\/noticiasbahia360.com.br\/?cat=56\" rel=\"category\">Pol\u00edcia<\/a> <a href=\"https:\/\/noticiasbahia360.com.br\/?cat=10\" rel=\"category\">Pol\u00edtica<\/a>","tag_info":"Pol\u00edtica","comment_count":"0","_links":{"self":[{"href":"https:\/\/noticiasbahia360.com.br\/index.php?rest_route=\/wp\/v2\/posts\/88961","targetHints":{"allow":["GET"]}}],"collection":[{"href":"https:\/\/noticiasbahia360.com.br\/index.php?rest_route=\/wp\/v2\/posts"}],"about":[{"href":"https:\/\/noticiasbahia360.com.br\/index.php?rest_route=\/wp\/v2\/types\/post"}],"author":[{"embeddable":true,"href":"https:\/\/noticiasbahia360.com.br\/index.php?rest_route=\/wp\/v2\/users\/1"}],"replies":[{"embeddable":true,"href":"https:\/\/noticiasbahia360.com.br\/index.php?rest_route=%2Fwp%2Fv2%2Fcomments&post=88961"}],"version-history":[{"count":0,"href":"https:\/\/noticiasbahia360.com.br\/index.php?rest_route=\/wp\/v2\/posts\/88961\/revisions"}],"wp:featuredmedia":[{"embeddable":true,"href":"https:\/\/noticiasbahia360.com.br\/index.php?rest_route=\/wp\/v2\/media\/88962"}],"wp:attachment":[{"href":"https:\/\/noticiasbahia360.com.br\/index.php?rest_route=%2Fwp%2Fv2%2Fmedia&parent=88961"}],"wp:term":[{"taxonomy":"category","embeddable":true,"href":"https:\/\/noticiasbahia360.com.br\/index.php?rest_route=%2Fwp%2Fv2%2Fcategories&post=88961"},{"taxonomy":"post_tag","embeddable":true,"href":"https:\/\/noticiasbahia360.com.br\/index.php?rest_route=%2Fwp%2Fv2%2Ftags&post=88961"}],"curies":[{"name":"wp","href":"https:\/\/api.w.org\/{rel}","templated":true}]}}