{"id":88963,"date":"2025-06-06T09:15:02","date_gmt":"2025-06-06T12:15:02","guid":{"rendered":"https:\/\/noticiasbahia360.com.br\/?p=88963"},"modified":"2025-06-06T09:15:02","modified_gmt":"2025-06-06T12:15:02","slug":"termina-nesta-sexta-6-as-inscricoes-para-o-enem-2025","status":"publish","type":"post","link":"https:\/\/noticiasbahia360.com.br\/?p=88963","title":{"rendered":"Termina nesta sexta (6) as inscri\u00e7\u00f5es para o Enem 2025"},"content":{"rendered":"<div>\n<div>\n<figure><img decoding=\"async\" src=\"http:\/\/noticiasbahia360.com.br\/wp-content\/uploads\/2025\/06\/Enem-inep-foto-gov-federal.jpg\" alt=\"Enem\"><figcaption>Foto: Reprodu\u00e7\u00e3o\/GOV.Federal<\/figcaption><\/figure>\n<\/div>\n<p>Ag\u00eancia Brasil \u2013 O prazo para as inscri\u00e7\u00f5es no Exame Nacional do Ensino M\u00e9dio (Enem) de 2025 se encerra \u00e0s 23h59 (hor\u00e1rio de Bras\u00edlia) desta sexta-feira (6). Candidatos devem se inscrever exclusivamente na\u00a0<a href=\"https:\/\/enem.inep.gov.br\/participante\/#!\/\" target=\"_blank\" rel=\"noreferrer noopener\">P\u00e1gina do Participante<\/a>, no\u00a0<em>site<\/em>\u00a0do Instituto Nacional de Estudos e Pesquisas Educacionais An\u00edsio Teixeira (<a href=\"https:\/\/www.acordacidade.com.br\/tag\/inep\/\">Inep<\/a>), respons\u00e1vel por todas as etapas das provas.<img decoding=\"async\" src=\"https:\/\/agenciabrasil.ebc.com.br\/ebc.png?id=1645733&amp;o=node\"><img decoding=\"async\" src=\"https:\/\/agenciabrasil.ebc.com.br\/ebc.gif?id=1645733&amp;o=node\"><\/p>\n<p><strong>Em sua rede social, o Inep publicou um\u00a0<a href=\"https:\/\/www.instagram.com\/inep_oficial\/reel\/DKQAJNaCDqF\/\" target=\"_blank\" rel=\"noreferrer noopener\">v\u00eddeo com o tutorial<\/a>\u00a0de como fazer a inscri\u00e7\u00e3o.\u00a0<\/strong><\/p>\n<h2 class=\"wp-block-heading\" id=\"h-inscricoes\">Inscri\u00e7\u00f5es<\/h2>\n<p>Os participantes que tiveram os pedidos de isen\u00e7\u00e3o da taxa de inscri\u00e7\u00e3o e as justificativas de aus\u00eancia em 2024 aprovados pelo Inep precisam se inscrever no exame.<\/p>\n<p>Os estudantes do 3\u00ba ano do ensino m\u00e9dio em escola p\u00fablica, mesmo com a\u00a0inscri\u00e7\u00e3o pr\u00e9-preenchida automaticamente, precisam atualizar os dados solicitados e confirmar a inscri\u00e7\u00e3o para garantir a participa\u00e7\u00e3o nesta edi\u00e7\u00e3o. Esses candidatos n\u00e3o pagar\u00e3o a taxa de inscri\u00e7\u00e3o. A medida pretende estimular a participa\u00e7\u00e3o\u00a0desse p\u00fablico no Enem e facilitar o processo de inscri\u00e7\u00e3o.<\/p>\n<p>Em 2025, o Enem tem outra novidade: voltar\u00e1 a ser op\u00e7\u00e3o para obter o\u00a0certificado de conclus\u00e3o do ensino m\u00e9dio\u00a0ou a declara\u00e7\u00e3o parcial de profici\u00eancia.\u00a0Para essa finalidade podem se inscrever:<\/p>\n<p>\u00b7\u00a0 \u00a0 \u00a0 \u00a0 \u00a0\u2013 candidatos com mais de 18 anos que n\u00e3o terminaram essa etapa dos estudos;<\/p>\n<p>\u00b7\u00a0 \u00a0 \u00a0 \u00a0 \u00a0\u2013 os que alcan\u00e7aram, em cada \u00e1rea do conhecimento da prova, a pontua\u00e7\u00e3o m\u00ednima (igual ou maior que 450 pontos);<\/p>\n<p>\u00b7\u00a0 \u00a0 \u00a0 \u00a0 \u00a0\u2013 quem tirou pelo menos 500 pontos na prova de reda\u00e7\u00e3o.<\/p>\n<p>O exame ainda representa oportunidade para o participante \u201ctreineiro\u201d testar seus conhecimentos. O Inep define como \u201ctreineiro\u201d aquele que concluir\u00e1 o ensino m\u00e9dio ap\u00f3s o ano letivo de 2025;\u00a0 que n\u00e3o est\u00e1 cursando ou n\u00e3o concluiu o ensino m\u00e9dio e quer se autoavaliar.<\/p>\n<p>O prazo para solicita\u00e7\u00e3o de atendimento especializado e tratamento por nome social tamb\u00e9m termina hoje.\u00a0As duas situa\u00e7\u00f5es devem ser assinaladas no processo de inscri\u00e7\u00e3o no Enem.<\/p>\n<h2 class=\"wp-block-heading\" id=\"h-acessibilidade\">Acessibilidade<\/h2>\n<p>As pessoas interessadas em solicitar atendimento especializado no Enem 2025 devem enviar, por meio da P\u00e1gina do Participante, a documenta\u00e7\u00e3o que comprove a condi\u00e7\u00e3o que motiva esse tipo de atendimento.\u00a0<\/p>\n<p>O Minist\u00e9rio da Educa\u00e7\u00e3o (MEC) explica que o participante que teve a documenta\u00e7\u00e3o desse tipo aprovada pelo Inep nas edi\u00e7\u00f5es do Enem de 2021 a 2024 n\u00e3o precisar\u00e1 anexar nova documenta\u00e7\u00e3o.<\/p>\n<p>Pessoas com defici\u00eancia auditiva ou surdez\u00a0tamb\u00e9m podem\u00a0consultar o edital do Enem 2025 na L\u00edngua Brasileira de Sinais (Libras) com todas as regras e prazos do processo seletivo.<\/p>\n<p>O v\u00eddeo com o conte\u00fado completo do edital est\u00e1 dispon\u00edvel no\u00a0<a href=\"https:\/\/www.youtube.com\/watch?v=JOD6xa6VsM4\" target=\"_blank\" rel=\"noreferrer noopener\">canal do Inep no YouTube<\/a>.<\/p>\n<h2 class=\"wp-block-heading\" id=\"h-inclusao\">Inclus\u00e3o<\/h2>\n<p>Sobre o\u00a0nome social, esse tratamento \u00e9 exclusivo de participantes travestis, transexuais ou transg\u00eaneros que se identificam e querem ser reconhecidos socialmente conforme a identidade de g\u00eanero.<\/p>\n<p>O nome social deve ser o mesmo cadastrado na Receita Federal e ser\u00e1 apresentado em todos os documentos e materiais administrativos do Enem, como no cart\u00e3o de confirma\u00e7\u00e3o de inscri\u00e7\u00e3o e nas provas.<\/p>\n<h2 class=\"wp-block-heading\" id=\"h-taxa-de-inscricao\">Taxa de inscri\u00e7\u00e3o<\/h2>\n<p>Para garantir a inscri\u00e7\u00e3o, os candidatos n\u00e3o isentos precisam pagar a taxa\u00a0at\u00e9 a pr\u00f3xima quarta-feira (11).<\/p>\n<p>Os candidatos que tiveram a solicita\u00e7\u00e3o de isen\u00e7\u00e3o da taxa de inscri\u00e7\u00e3o reprovada pelo Inep ou que a justificativa de aus\u00eancia nas provas de 2024 n\u00e3o foi aceita pela autarquia tamb\u00e9m precisam pagar o valor de R$ 85, por meio da Guia de Recolhimento da uni\u00e3o (GRU Cobran\u00e7a) para assegurar\u00a0a participa\u00e7\u00e3o no exame.<\/p>\n<p>Ap\u00f3s finalizar o processo de inscri\u00e7\u00e3o, o boleto ficar\u00e1 dispon\u00edvel na tela inicial da P\u00e1gina do Participante. O pagamento poder\u00e1 ser feito por Pix, cart\u00e3o de cr\u00e9dito, d\u00e9bito em conta corrente ou poupan\u00e7a. Para pagar por Pix, basta acessar o QR Code que consta no boleto.<\/p>\n<p>O sistema n\u00e3o gera\u00a0boleto para duas situa\u00e7\u00f5es, mesmo que o candidato ainda n\u00e3o tenha solicitado isen\u00e7\u00e3o da taxa de inscri\u00e7\u00e3o:<\/p>\n<p>1.\u00a0o estudante concluinte do ensino m\u00e9dio, em 2025, matriculado em qualquer modalidade de ensino (regular ou EJA), em escola da rede p\u00fablica;<\/p>\n<p>2.\u00a0\u00a0quem informar na inscri\u00e7\u00e3o que usar\u00e1 os resultados do Enem 2025 para tentar conseguir o certificado de conclus\u00e3o do ensino m\u00e9dio ou declara\u00e7\u00e3o parcial de profici\u00eancia e que esteja inscrito no Cadastro \u00danico para Programas Sociais do governo federal (Cad\u00danico).<\/p>\n<h2 class=\"wp-block-heading\" id=\"h-provas\">Provas<\/h2>\n<p>As provas do Enem 2025 ser\u00e3o aplicadas em todos os estados e no Distrito Federal nos dias 9 e 16 de novembro.<\/p>\n<p>As exce\u00e7\u00f5es s\u00e3o os munic\u00edpios de Bel\u00e9m, Ananindeua e Marituba, no Par\u00e1, onde os candidatos far\u00e3o provas em 30 de novembro e 7 de dezembro, devido \u00e0 realiza\u00e7\u00e3o da 30\u00aa Confer\u00eancia das Na\u00e7\u00f5es Unidas sobre Mudan\u00e7as Clim\u00e1ticas (COP 30), na capital paraense, no per\u00edodo.<\/p>\n<p>O Enem 2025 mant\u00e9m o formato de quatro provas objetivas (com 45 quest\u00f5es cada) e uma reda\u00e7\u00e3o.<\/p>\n<p>No primeiro dia, ser\u00e3o aplicadas as provas de reda\u00e7\u00e3o, l\u00edngua portuguesa, literatura, l\u00edngua estrangeira (ingl\u00eas ou espanhol) e o Enem ter\u00e1 5 horas e 30 minutos de dura\u00e7\u00e3o.<\/p>\n<p>No segundo dia, com provas com 5 horas de dura\u00e7\u00e3o, o exame nacional avaliar\u00e1 os conhecimentos de qu\u00edmica, f\u00edsica e biologia e matem\u00e1tica.<\/p>\n<h2 class=\"wp-block-heading\" id=\"h-o-exame\">O exame<\/h2>\n<p>O Enem \u00e9 considerado a principal porta de entrada para a educa\u00e7\u00e3o superior no Brasil, por meio do Sistema de Sele\u00e7\u00e3o Unificada (Sisu) e de iniciativas como o Programa Universidade para Todos (Prouni) e o Fundo de Financiamento Estudantil (Fies).<\/p>\n<p><em>Siga o Acorda Cidade no<\/em><a href=\"https:\/\/news.google.com\/search?q=acorda%20cidade&amp;hl=pt-BR&amp;gl=BR&amp;ceid=BR%3Apt-419\"><strong><em> Google Not\u00edcias<\/em><\/strong><\/a><em> e receba os principais destaques do dia. Participe tamb\u00e9m dos nossos canais no <\/em><a href=\"https:\/\/whatsapp.com\/channel\/0029Va6Rb4v3WHTNnsh8WI3N\"><strong><em>WhatsApp<\/em><\/strong><\/a><em> e <\/em><a href=\"https:\/\/www.youtube.com\/@acordacidadenoticias\/videos\"><strong>Youtube<\/strong><\/a><em> e grupo de <\/em><a href=\"https:\/\/t.me\/+sSz0khrgARA0ZmRh\"><strong><em>Telegram<\/em><\/strong><\/a><em>.<\/em><\/p>\n<\/div>\n","protected":false},"excerpt":{"rendered":"<div>\n<div>\n<figure><img decoding=\"async\" src=\"https:\/\/uploads.acordacidade.com.br\/2025\/04\/Enem-inep-foto-gov-federal.jpg\" alt=\"Enem\"><figcaption>Foto: Reprodu\u00e7\u00e3o\/GOV.Federal<\/figcaption><\/figure>\n<\/div>\n<p>Candidatos devem se inscrever na P\u00e1gina do Participante do Inep<\/p><\/div>\n","protected":false},"author":1,"featured_media":88964,"comment_status":"closed","ping_status":"closed","sticky":false,"template":"","format":"gallery","meta":{"footnotes":""},"categories":[8,9,6,57,56,10],"tags":[],"class_list":["post-88963","post","type-post","status-publish","format-gallery","has-post-thumbnail","hentry","category-bahia","category-brasil","category-feira-de-santana","category-mundo","category-policia","category-politica","post_format-post-format-gallery"],"featured_image_urls":{"full":["https:\/\/noticiasbahia360.com.br\/wp-content\/uploads\/2025\/06\/Enem-inep-foto-gov-federal.jpg",1200,717,false],"thumbnail":["https:\/\/noticiasbahia360.com.br\/wp-content\/uploads\/2025\/06\/Enem-inep-foto-gov-federal-150x150.jpg",150,150,true],"medium":["https:\/\/noticiasbahia360.com.br\/wp-content\/uploads\/2025\/06\/Enem-inep-foto-gov-federal-300x179.jpg",300,179,true],"medium_large":["https:\/\/noticiasbahia360.com.br\/wp-content\/uploads\/2025\/06\/Enem-inep-foto-gov-federal-768x459.jpg",640,383,true],"large":["https:\/\/noticiasbahia360.com.br\/wp-content\/uploads\/2025\/06\/Enem-inep-foto-gov-federal-1024x612.jpg",640,383,true],"1536x1536":["https:\/\/noticiasbahia360.com.br\/wp-content\/uploads\/2025\/06\/Enem-inep-foto-gov-federal.jpg",1200,717,false],"2048x2048":["https:\/\/noticiasbahia360.com.br\/wp-content\/uploads\/2025\/06\/Enem-inep-foto-gov-federal.jpg",1200,717,false],"chromenews-featured":["https:\/\/noticiasbahia360.com.br\/wp-content\/uploads\/2025\/06\/Enem-inep-foto-gov-federal-1024x612.jpg",1024,612,true],"chromenews-large":["https:\/\/noticiasbahia360.com.br\/wp-content\/uploads\/2025\/06\/Enem-inep-foto-gov-federal-825x575.jpg",825,575,true],"chromenews-medium":["https:\/\/noticiasbahia360.com.br\/wp-content\/uploads\/2025\/06\/Enem-inep-foto-gov-federal-590x410.jpg",590,410,true]},"author_info":{"display_name":"noticiasbahia360.com.br","author_link":"https:\/\/noticiasbahia360.com.br\/?author=1"},"category_info":"<a href=\"https:\/\/noticiasbahia360.com.br\/?cat=8\" rel=\"category\">Bahia<\/a> <a href=\"https:\/\/noticiasbahia360.com.br\/?cat=9\" rel=\"category\">Brasil<\/a> <a href=\"https:\/\/noticiasbahia360.com.br\/?cat=6\" rel=\"category\">Feira de Santana<\/a> <a href=\"https:\/\/noticiasbahia360.com.br\/?cat=57\" rel=\"category\">Mundo<\/a> <a href=\"https:\/\/noticiasbahia360.com.br\/?cat=56\" rel=\"category\">Pol\u00edcia<\/a> <a href=\"https:\/\/noticiasbahia360.com.br\/?cat=10\" rel=\"category\">Pol\u00edtica<\/a>","tag_info":"Pol\u00edtica","comment_count":"0","_links":{"self":[{"href":"https:\/\/noticiasbahia360.com.br\/index.php?rest_route=\/wp\/v2\/posts\/88963","targetHints":{"allow":["GET"]}}],"collection":[{"href":"https:\/\/noticiasbahia360.com.br\/index.php?rest_route=\/wp\/v2\/posts"}],"about":[{"href":"https:\/\/noticiasbahia360.com.br\/index.php?rest_route=\/wp\/v2\/types\/post"}],"author":[{"embeddable":true,"href":"https:\/\/noticiasbahia360.com.br\/index.php?rest_route=\/wp\/v2\/users\/1"}],"replies":[{"embeddable":true,"href":"https:\/\/noticiasbahia360.com.br\/index.php?rest_route=%2Fwp%2Fv2%2Fcomments&post=88963"}],"version-history":[{"count":0,"href":"https:\/\/noticiasbahia360.com.br\/index.php?rest_route=\/wp\/v2\/posts\/88963\/revisions"}],"wp:featuredmedia":[{"embeddable":true,"href":"https:\/\/noticiasbahia360.com.br\/index.php?rest_route=\/wp\/v2\/media\/88964"}],"wp:attachment":[{"href":"https:\/\/noticiasbahia360.com.br\/index.php?rest_route=%2Fwp%2Fv2%2Fmedia&parent=88963"}],"wp:term":[{"taxonomy":"category","embeddable":true,"href":"https:\/\/noticiasbahia360.com.br\/index.php?rest_route=%2Fwp%2Fv2%2Fcategories&post=88963"},{"taxonomy":"post_tag","embeddable":true,"href":"https:\/\/noticiasbahia360.com.br\/index.php?rest_route=%2Fwp%2Fv2%2Ftags&post=88963"}],"curies":[{"name":"wp","href":"https:\/\/api.w.org\/{rel}","templated":true}]}}