{"id":88971,"date":"2025-06-06T11:10:06","date_gmt":"2025-06-06T14:10:06","guid":{"rendered":"https:\/\/noticiasbahia360.com.br\/?p=88971"},"modified":"2025-06-06T11:10:06","modified_gmt":"2025-06-06T14:10:06","slug":"festas-de-sao-joao-devem-garantir-pagamento-de-direitos-autorais-veja-como-deixar-tudo-nos-conformes","status":"publish","type":"post","link":"https:\/\/noticiasbahia360.com.br\/?p=88971","title":{"rendered":"Festas de S\u00e3o Jo\u00e3o devem garantir pagamento de direitos autorais; veja como deixar tudo nos conformes"},"content":{"rendered":"<div>\n<div>\n<figure><img decoding=\"async\" src=\"http:\/\/noticiasbahia360.com.br\/wp-content\/uploads\/2025\/06\/direitoautoral_foto_shutterstock-1.jpg\" alt=\"Direitos Autorais\"><figcaption>Foto: Shutterstock<\/figcaption><\/figure>\n<\/div>\n<p>Que a festa junina \u00e9 a preferida da maioria dos brasileiros todo mundo sabe. Mas o que ningu\u00e9m comenta \u00e9 sobre uma profiss\u00e3o important\u00edssima para que a <a href=\"https:\/\/www.acordacidade.com.br\/tag\/musica\/\">m\u00fasica<\/a>, mat\u00e9ria-prima da festa, seja feita.<\/p>\n<p>N\u00e3o sabe de quem t\u00f4 falando, s\u00f4? \u00c9 do compositor. Por tr\u00e1s de cada xote que embala as festas de S\u00e3o Jo\u00e3o, tem o anarri\u00ea criativo desses profissionais brilhantes que precisam ser lembrados e, principalmente, recompensados por suas obras.<\/p>\n<p>O que muita gente n\u00e3o sabe \u00e9 que eles t\u00eam o direito, garantido pela lei 9.610\/98, de serem remunerados sempre que suas can\u00e7\u00f5es forem tocadas em locais de frequ\u00eancia coletiva, como shows e eventos de festa junina.<\/p>\n<p>Mesmo promovidos por prefeituras, shoppings, clubes e at\u00e9 mesmo par\u00f3quias, esse pagamento \u00e9 obrigat\u00f3rio sim, sinh\u00f4. E digo mais, meu compadre, o cach\u00ea pago pelas apresenta\u00e7\u00f5es nada tem a ver com o direito autoral.<\/p>\n<p>Oxente, mas como \u00e9 que paga isso? Se avexe n\u00e3o, continua aqui que eu te explico.<\/p>\n<p>Primeiro, voc\u00ea precisa saber que quem recebe esses pagamentos e repassa aos compositores e demais criadores das m\u00fasicas \u00e9 o Ecad (Escrit\u00f3rio Central de Arrecada\u00e7\u00e3o e Distribui\u00e7\u00e3o). Ele \u00e9 o grande elo entre os artistas e os promotores de eventos, sejam eles p\u00fablicos ou privados, gratuitos ou pagos.<\/p>\n<p>Para realizar o procedimento \u00e9 muito simples. Basta acessar o <a href=\"https:\/\/www.google.com\/url?q=https:\/\/www4.ecad.org.br\/festa-junina\/%23cadastro&amp;sa=D&amp;source=editors&amp;ust=1749221038690899&amp;usg=AOvVaw0TGdDTmgkJ_aCLZ2QT0vQ2\" target=\"_blank\" rel=\"noreferrer noopener\">site do Ecad e preencher um formul\u00e1rio<\/a>, ou entrar em contato com o escrit\u00f3rio mais pr\u00f3ximo. Depois disso, voc\u00ea receber\u00e1 um boleto para acertar os direitos autorais. Pagou, t\u00e1 tudo nos conformes! O evento fica liberado para tocar qualquer m\u00fasica, sem dor de cabe\u00e7a, sem risco de multa nem aperreio. Tudo certinho, do jeito que manda a lei, respeitando quem faz a m\u00fasica acontecer: os compositores, m\u00fasicos e int\u00e9rpretes.<\/p>\n<p>Salvador j\u00e1 deu o exemplo no carnaval e at\u00e9 recebeu o selo de reconhecimento do Ecad, pelo licenciamento de todos os eventos promovidos pela Saltur. Nas festas juninas n\u00e3o pode ser diferente e o direito autoral precisa ser respeitado em todos os munic\u00edpios da Bahia. O S\u00e3o Jo\u00e3o \u00e9 o per\u00edodo mais importante para quem comp\u00f5e o som do nosso Nordeste. \u00c9 nessa \u00e9poca que suas m\u00fasicas s\u00e3o mais tocadas. Nos outros meses do ano, muitos deles s\u00e3o esquecidos e ficam esperando esse per\u00edodo chegar para verem sua arte ganhar vida de novo nas festas, nos palcos e nos arraiais.<\/p>\n<p>E c\u00e1 pra n\u00f3s\u2026 S\u00e3o Jo\u00e3o sem arrasta-p\u00e9, sem aquele forrozim gostoso, n\u00e3o tem nem gra\u00e7a. Nem adianta lustrar a bota e vestir a camisa quadriculada se n\u00e3o tiver sanfona, zabumba e tri\u00e2ngulo pra alegrar o cora\u00e7\u00e3o. Valorizar quem faz a m\u00fasica \u00e9 garantir que o forr\u00f3 nunca pare de tocar.<\/p>\n<p><strong>Saiba mais em:<\/strong> <a href=\"https:\/\/www4.ecad.org.br\/festa-junina\/\">https:\/\/www4.ecad.org.br\/festa-junina\/<\/a><\/p>\n<figure class=\"wp-block-image size-full\"><img fetchpriority=\"high\" data-dominant-color=\"732f25\" data-has-transparency=\"false\" style=\"--dominant-color: #732f25;\" fetchpriority=\"high\" decoding=\"async\" width=\"1200\" height=\"628\" sizes=\"(max-width: 1200px) 100vw, 1200px\" src=\"http:\/\/noticiasbahia360.com.br\/wp-content\/uploads\/2025\/06\/ctacYyfc-direitoautoral_foto_shutterstock-2.webp\" alt=\"Direitos Autorais\" class=\"wp-image-562961 not-transparent\" srcset=\"https:\/\/uploads.acordacidade.com.br\/2025\/06\/ctacYyfc-direitoautoral_foto_shutterstock-2-648x339.webp 648w, https:\/\/uploads.acordacidade.com.br\/2025\/06\/ctacYyfc-direitoautoral_foto_shutterstock-2-984x515.webp 984w, https:\/\/uploads.acordacidade.com.br\/2025\/06\/ctacYyfc-direitoautoral_foto_shutterstock-2-150x79.webp 150w, http:\/\/noticiasbahia360.com.br\/wp-content\/uploads\/2025\/06\/ctacYyfc-direitoautoral_foto_shutterstock-2.webp 1200w\"><figcaption class=\"wp-element-caption\">Foto: Shutterstock<\/figcaption><\/figure>\n<p><em>Siga o Acorda Cidade no<\/em><a href=\"https:\/\/news.google.com\/search?q=acorda%20cidade&amp;hl=pt-BR&amp;gl=BR&amp;ceid=BR%3Apt-419\"><strong><em> Google Not\u00edcias<\/em><\/strong><\/a><em> e receba os principais destaques do dia. Participe tamb\u00e9m dos nossos canais no <\/em><a href=\"https:\/\/whatsapp.com\/channel\/0029Va6Rb4v3WHTNnsh8WI3N\"><strong><em>WhatsApp<\/em><\/strong><\/a><em> e <\/em><a href=\"https:\/\/www.youtube.com\/@acordacidadenoticias\/videos\"><strong>Youtube<\/strong><\/a><em> e grupo de <\/em><a href=\"https:\/\/t.me\/+sSz0khrgARA0ZmRh\"><strong><em>Telegram<\/em><\/strong><\/a><em>.<\/em><\/p>\n<\/div>\n","protected":false},"excerpt":{"rendered":"<div>\n<div>\n<figure><img decoding=\"async\" src=\"https:\/\/uploads.acordacidade.com.br\/2025\/06\/direitoautoral_foto_shutterstock-1.jpg\" alt=\"Direitos Autorais\"><figcaption>Foto: Shutterstock<\/figcaption><\/figure>\n<\/div>\n<p>Nas festas juninas n\u00e3o pode ser diferente e o direito autoral precisa ser respeitado.<\/p><\/div>\n","protected":false},"author":1,"featured_media":88972,"comment_status":"closed","ping_status":"closed","sticky":false,"template":"","format":"gallery","meta":{"footnotes":""},"categories":[8,9,6,57,56,10],"tags":[],"class_list":["post-88971","post","type-post","status-publish","format-gallery","has-post-thumbnail","hentry","category-bahia","category-brasil","category-feira-de-santana","category-mundo","category-policia","category-politica","post_format-post-format-gallery"],"featured_image_urls":{"full":["https:\/\/noticiasbahia360.com.br\/wp-content\/uploads\/2025\/06\/direitoautoral_foto_shutterstock-1.jpg",1200,628,false],"thumbnail":["https:\/\/noticiasbahia360.com.br\/wp-content\/uploads\/2025\/06\/direitoautoral_foto_shutterstock-1-150x150.jpg",150,150,true],"medium":["https:\/\/noticiasbahia360.com.br\/wp-content\/uploads\/2025\/06\/direitoautoral_foto_shutterstock-1-300x157.jpg",300,157,true],"medium_large":["https:\/\/noticiasbahia360.com.br\/wp-content\/uploads\/2025\/06\/direitoautoral_foto_shutterstock-1-768x402.jpg",640,335,true],"large":["https:\/\/noticiasbahia360.com.br\/wp-content\/uploads\/2025\/06\/direitoautoral_foto_shutterstock-1-1024x536.jpg",640,335,true],"1536x1536":["https:\/\/noticiasbahia360.com.br\/wp-content\/uploads\/2025\/06\/direitoautoral_foto_shutterstock-1.jpg",1200,628,false],"2048x2048":["https:\/\/noticiasbahia360.com.br\/wp-content\/uploads\/2025\/06\/direitoautoral_foto_shutterstock-1.jpg",1200,628,false],"chromenews-featured":["https:\/\/noticiasbahia360.com.br\/wp-content\/uploads\/2025\/06\/direitoautoral_foto_shutterstock-1-1024x536.jpg",1024,536,true],"chromenews-large":["https:\/\/noticiasbahia360.com.br\/wp-content\/uploads\/2025\/06\/direitoautoral_foto_shutterstock-1-825x575.jpg",825,575,true],"chromenews-medium":["https:\/\/noticiasbahia360.com.br\/wp-content\/uploads\/2025\/06\/direitoautoral_foto_shutterstock-1-590x410.jpg",590,410,true]},"author_info":{"display_name":"noticiasbahia360.com.br","author_link":"https:\/\/noticiasbahia360.com.br\/?author=1"},"category_info":"<a href=\"https:\/\/noticiasbahia360.com.br\/?cat=8\" rel=\"category\">Bahia<\/a> <a href=\"https:\/\/noticiasbahia360.com.br\/?cat=9\" rel=\"category\">Brasil<\/a> <a href=\"https:\/\/noticiasbahia360.com.br\/?cat=6\" rel=\"category\">Feira de Santana<\/a> <a href=\"https:\/\/noticiasbahia360.com.br\/?cat=57\" rel=\"category\">Mundo<\/a> <a href=\"https:\/\/noticiasbahia360.com.br\/?cat=56\" rel=\"category\">Pol\u00edcia<\/a> <a href=\"https:\/\/noticiasbahia360.com.br\/?cat=10\" rel=\"category\">Pol\u00edtica<\/a>","tag_info":"Pol\u00edtica","comment_count":"0","_links":{"self":[{"href":"https:\/\/noticiasbahia360.com.br\/index.php?rest_route=\/wp\/v2\/posts\/88971","targetHints":{"allow":["GET"]}}],"collection":[{"href":"https:\/\/noticiasbahia360.com.br\/index.php?rest_route=\/wp\/v2\/posts"}],"about":[{"href":"https:\/\/noticiasbahia360.com.br\/index.php?rest_route=\/wp\/v2\/types\/post"}],"author":[{"embeddable":true,"href":"https:\/\/noticiasbahia360.com.br\/index.php?rest_route=\/wp\/v2\/users\/1"}],"replies":[{"embeddable":true,"href":"https:\/\/noticiasbahia360.com.br\/index.php?rest_route=%2Fwp%2Fv2%2Fcomments&post=88971"}],"version-history":[{"count":0,"href":"https:\/\/noticiasbahia360.com.br\/index.php?rest_route=\/wp\/v2\/posts\/88971\/revisions"}],"wp:featuredmedia":[{"embeddable":true,"href":"https:\/\/noticiasbahia360.com.br\/index.php?rest_route=\/wp\/v2\/media\/88972"}],"wp:attachment":[{"href":"https:\/\/noticiasbahia360.com.br\/index.php?rest_route=%2Fwp%2Fv2%2Fmedia&parent=88971"}],"wp:term":[{"taxonomy":"category","embeddable":true,"href":"https:\/\/noticiasbahia360.com.br\/index.php?rest_route=%2Fwp%2Fv2%2Fcategories&post=88971"},{"taxonomy":"post_tag","embeddable":true,"href":"https:\/\/noticiasbahia360.com.br\/index.php?rest_route=%2Fwp%2Fv2%2Ftags&post=88971"}],"curies":[{"name":"wp","href":"https:\/\/api.w.org\/{rel}","templated":true}]}}